{"id":46888,"date":"2024-12-10T12:04:33","date_gmt":"2024-12-10T15:04:33","guid":{"rendered":"https:\/\/atecordoba.org\/?p=46888"},"modified":"2024-12-10T12:05:36","modified_gmt":"2024-12-10T15:05:36","slug":"cumpleanos-no-feliz-en-el-primer-ano-de-gobierno-de-milei-ate-conicet-convoca-a-una-variete-por-la-ciencia-cultura-educacion-y-politica","status":"publish","type":"post","link":"https:\/\/atecordoba.org\/?p=46888","title":{"rendered":"Cumplea\u00f1os no feliz: en el primer a\u00f1o de gobierno de Milei ATE Conicet convoca a una variet\u00e9 por la Ciencia, Cultura, Educaci\u00f3n y Pol\u00edtica"},"content":{"rendered":"<p><img loading=\"lazy\" decoding=\"async\" class=\"alignleft wp-image-46889 \" src=\"https:\/\/atecordoba.org\/wp-content\/uploads\/2024\/12\/WhatsApp-Image-2024-12-10-at-11.41.27-851x1024.jpeg\" alt=\"\" width=\"380\" height=\"458\" srcset=\"https:\/\/atecordoba.org\/wp-content\/uploads\/2024\/12\/WhatsApp-Image-2024-12-10-at-11.41.27-851x1024.jpeg 851w, https:\/\/atecordoba.org\/wp-content\/uploads\/2024\/12\/WhatsApp-Image-2024-12-10-at-11.41.27-249x300.jpeg 249w, https:\/\/atecordoba.org\/wp-content\/uploads\/2024\/12\/WhatsApp-Image-2024-12-10-at-11.41.27-768x924.jpeg 768w, https:\/\/atecordoba.org\/wp-content\/uploads\/2024\/12\/WhatsApp-Image-2024-12-10-at-11.41.27-750x903.jpeg 750w, https:\/\/atecordoba.org\/wp-content\/uploads\/2024\/12\/WhatsApp-Image-2024-12-10-at-11.41.27.jpeg 1080w\" sizes=\"auto, (max-width: 380px) 100vw, 380px\" \/><\/p>\n<p>En una actividad que promete combinar un conversatorio con sectores en lucha con la instalaci\u00f3n\u00a0 de una Radio Abierta, intervenciones art\u00edsticas y feria de comidas, ATE Conicet convoca a la comunidad a manifestarse y participar de la &#8220;Variet\u00e9 de Ciencia, Cultura, Educaci\u00f3n y Pol\u00edtica&#8221;, que se realizar\u00e1 hoy a partir de las 17.30 horas en la Plaza Agust\u00edn Tosco, frente al Patio Olmos.<\/p>\n<p>&#8220;Porque el ajuste avanza, pero la salida es colectiva&#8221;, est\u00e1n programadas intervenciones, debates y espacios art\u00edsticos como una Xilografeada, para estampar en remeras claras la leyenda: &#8220;en defensa de la Ciencia P\u00fablica&#8221;, en tanto los m\u00fasicos \u2060Fran, freestyle, y la banda de cuarteto Los Siempre Alegres cerrar\u00e1n la jornada a puro baile.<\/p>\n<h3><strong>Participaciones<\/strong><\/h3>\n<p>La Radio Abierta se desarrollar\u00e1 desde las 17.30 a las 20.30 horas y participar\u00e1n compa\u00f1eras y compa\u00f1eros como:<\/p>\n<p><strong>Estudiantes<\/strong>:<\/p>\n<p>&#8211; Nazarena Sauri.\u00a0 Secretaria de unidad obrero estudiantil del CEFA<\/p>\n<p>&#8211; Integrantes de Asamblea Interfacultades<\/p>\n<p><strong>Estatales en lucha:<img loading=\"lazy\" decoding=\"async\" class=\"alignright wp-image-46890 \" src=\"https:\/\/atecordoba.org\/wp-content\/uploads\/2024\/12\/WhatsApp-Image-2024-12-10-at-11.41.28-851x1024.jpeg\" alt=\"\" width=\"333\" height=\"400\" srcset=\"https:\/\/atecordoba.org\/wp-content\/uploads\/2024\/12\/WhatsApp-Image-2024-12-10-at-11.41.28-851x1024.jpeg 851w, https:\/\/atecordoba.org\/wp-content\/uploads\/2024\/12\/WhatsApp-Image-2024-12-10-at-11.41.28-249x300.jpeg 249w, https:\/\/atecordoba.org\/wp-content\/uploads\/2024\/12\/WhatsApp-Image-2024-12-10-at-11.41.28-768x924.jpeg 768w, https:\/\/atecordoba.org\/wp-content\/uploads\/2024\/12\/WhatsApp-Image-2024-12-10-at-11.41.28-750x903.jpeg 750w, https:\/\/atecordoba.org\/wp-content\/uploads\/2024\/12\/WhatsApp-Image-2024-12-10-at-11.41.28.jpeg 1080w\" sizes=\"auto, (max-width: 333px) 100vw, 333px\" \/><\/strong><\/p>\n<p>&#8211; Andr\u00e9s Oliva. Delegado de Cispren.<\/p>\n<p>&#8211; Lucas Felici. Integrantes del Sindicato del Personal Qu\u00edmico y Petroqu\u00edmico (SPIQyP)<\/p>\n<p>&#8211; Compa\u00f1era delegada de los CDR<\/p>\n<p><strong>Docentes y no docentes:<\/strong><\/p>\n<p>&#8211; Valeria Plaza. Junta directiva de ADIUC.<\/p>\n<p>&#8211; Isidoro D\u00edaz y Marcelo da Vila. Delegadxs ATE No Docentes.<\/p>\n<p>&#8211; Juan Pablo Cuello. Delegado de UEPC Capital.<\/p>\n<p><strong>Trabajadorxs de CONICET:<\/strong><\/p>\n<p>&#8211; Andres Carbel, becario de CONICET, afiliado de ATE y miembro de la Red PLACTS.<\/p>\n<p>&#8211; Santiago Benitez. Investigador y delegado de\u00a0 ATE CONICET<\/p>\n<p>&#8211; Ayelen Branca. Becaria y delegada de ATE CONICET<\/p>\n","protected":false},"excerpt":{"rendered":"<p>En una actividad que promete combinar un conversatorio con sectores en lucha con la instalaci\u00f3n\u00a0 de una Radio Abierta, intervenciones art\u00edsticas y feria de comidas, ATE Conicet convoca a la comunidad a manifestarse y participar de la &#8220;Variet\u00e9 de Ciencia, Cultura, Educaci\u00f3n y Pol\u00edtica&#8221;, que se realizar\u00e1 hoy a partir de las 17.30 horas en [&hellip;]<\/p>\n","protected":false},"author":7,"featured_media":46892,"comment_status":"open","ping_status":"open","sticky":false,"template":"","format":"standard","meta":{"_exactmetrics_skip_tracking":false,"_exactmetrics_sitenote_active":false,"_exactmetrics_sitenote_note":"","_exactmetrics_sitenote_category":0,"jnews-multi-image_gallery":[],"jnews_single_post":{"format":"standard","override":[{"template":"1","parallax":"1","fullscreen":"1","layout":"no-sidebar-narrow","sidebar":"default-sidebar","second_sidebar":"default-sidebar","sticky_sidebar":"1","share_position":"bottom","share_float_style":"share-monocrhome","show_share_counter":"1","show_view_counter":"1","show_post_meta":"1","show_post_author_image":"1","show_post_date":"1","post_date_format":"default","post_date_format_custom":"Y\/m\/d","show_post_category":"1","show_post_reading_time":"0","post_reading_time_wpm":"300","post_calculate_word_method":"str_word_count","show_zoom_button":"0","zoom_button_out_step":"2","zoom_button_in_step":"3","show_post_tag":"1","number_popup_post":"1","show_post_related":"1","show_inline_post_related":"0"}],"image_override":[{"single_post_thumbnail_size":"crop-500","single_post_gallery_size":"crop-500"}],"trending_post_position":"meta","trending_post_label":"Trending","sponsored_post_label":"Sponsored by","disable_ad":"0"},"jnews_primary_category":[],"jnews_social_meta":[],"jnews_review":[],"enable_review":"","type":"percentage","name":"","summary":"","brand":"","sku":"","good":[],"bad":[],"score_override":"","override_value":"","rating":[],"price":[],"jnews_override_counter":{"view_counter_number":"0","share_counter_number":"0","like_counter_number":"0","dislike_counter_number":"0"},"jnews_post_split":{"post_split":[{"template":"1","tag":"h2","numbering":"asc","mode":"normal","first":"0","enable_toc":"0","toc_type":"normal"}]},"footnotes":""},"categories":[18],"tags":[26,1418,1441,1082,61,1160,1439,1424],"class_list":["post-46888","post","type-post","status-publish","format-standard","has-post-thumbnail","hentry","category-nacionales","tag-ate","tag-ate-conicet","tag-basta-de-vaciamiento","tag-ciencia-y-tecnica","tag-conicet","tag-cordoba-2","tag-estado","tag-un-ano-de-milei"],"jetpack_featured_media_url":"https:\/\/atecordoba.org\/wp-content\/uploads\/2024\/12\/IMG-20240731-WA0043-e1733843062548.jpg","_links":{"self":[{"href":"https:\/\/atecordoba.org\/index.php?rest_route=\/wp\/v2\/posts\/46888","targetHints":{"allow":["GET"]}}],"collection":[{"href":"https:\/\/atecordoba.org\/index.php?rest_route=\/wp\/v2\/posts"}],"about":[{"href":"https:\/\/atecordoba.org\/index.php?rest_route=\/wp\/v2\/types\/post"}],"author":[{"embeddable":true,"href":"https:\/\/atecordoba.org\/index.php?rest_route=\/wp\/v2\/users\/7"}],"replies":[{"embeddable":true,"href":"https:\/\/atecordoba.org\/index.php?rest_route=%2Fwp%2Fv2%2Fcomments&post=46888"}],"version-history":[{"count":2,"href":"https:\/\/atecordoba.org\/index.php?rest_route=\/wp\/v2\/posts\/46888\/revisions"}],"predecessor-version":[{"id":46894,"href":"https:\/\/atecordoba.org\/index.php?rest_route=\/wp\/v2\/posts\/46888\/revisions\/46894"}],"wp:featuredmedia":[{"embeddable":true,"href":"https:\/\/atecordoba.org\/index.php?rest_route=\/wp\/v2\/media\/46892"}],"wp:attachment":[{"href":"https:\/\/atecordoba.org\/index.php?rest_route=%2Fwp%2Fv2%2Fmedia&parent=46888"}],"wp:term":[{"taxonomy":"category","embeddable":true,"href":"https:\/\/atecordoba.org\/index.php?rest_route=%2Fwp%2Fv2%2Fcategories&post=46888"},{"taxonomy":"post_tag","embeddable":true,"href":"https:\/\/atecordoba.org\/index.php?rest_route=%2Fwp%2Fv2%2Ftags&post=46888"}],"curies":[{"name":"wp","href":"https:\/\/api.w.org\/{rel}","templated":true}]}}