{"id":46874,"date":"2024-12-10T12:07:09","date_gmt":"2024-12-10T15:07:09","guid":{"rendered":"https:\/\/atecordoba.org\/?p=46874"},"modified":"2024-12-10T12:17:47","modified_gmt":"2024-12-10T15:17:47","slug":"sector-nuclear-vaciamiento-y-sobresueldos-de-funcionarios-marcan-el-gobierno-de-milei","status":"publish","type":"post","link":"https:\/\/atecordoba.org\/?p=46874","title":{"rendered":"Sector Nuclear: vaciamiento y sobresueldos de funcionarios marcan el gobierno de Milei"},"content":{"rendered":"<p><img loading=\"lazy\" decoding=\"async\" class=\"aligncenter wp-image-46896 \" src=\"https:\/\/atecordoba.org\/wp-content\/uploads\/2024\/12\/WhatsApp-Image-2024-12-10-at-12.05.59-1024x768.jpeg\" alt=\"\" width=\"613\" height=\"460\" \/>Hoy los trabajadores del sector nuclear se concentraron en la puerta de la sede central de la Comisi\u00f3n Nacional de Energ\u00eda At\u00f3mica (CNEA), en Capital Federal para realizar un acto convocado por ATE de Dioxitek, CNEA, PIAP (Planta industrial de Agua pesada), ARN (Autoridad Regulatoria Nuclear) y NA-SA (Nucleoel\u00e9ctrica Argentina SA), para denunciar los embates que el gobierno viene realizando contra el sector.<\/p>\n<p>&#8220;Los trabajadores que integramos el Sector Nuclear, organizados en la Asociaci\u00f3n de Trabajadores del Estado ATE, manifestamos nuestra preocupaci\u00f3n ante el desfinanciamiento de proyectos que afectan la soberan\u00eda energ\u00e9tica tales como el Proyecto Carem 25, la Planta Industrial de Agua Pesada (Neuqu\u00e9n), la continuidad de la nueva Planta de Uranio en Formosa, la reactivaci\u00f3n de la extracci\u00f3n de Uranio en las minas de Sierra Pintada (Mendoza), La extensi\u00f3n de vida de la Central Nuclear Atucha I y la construcci\u00f3n de la Cuarta Central Nuclear entre otros&#8221;, destaca un comunicado del sector, que convoc\u00f3 a manifestarse.<img loading=\"lazy\" decoding=\"async\" class=\"aligncenter wp-image-46876 \" src=\"https:\/\/atecordoba.org\/wp-content\/uploads\/2024\/12\/WhatsApp-Image-2024-12-10-at-07.47.39-1024x1024.jpeg\" alt=\"\" width=\"605\" height=\"605\" srcset=\"https:\/\/atecordoba.org\/wp-content\/uploads\/2024\/12\/WhatsApp-Image-2024-12-10-at-07.47.39-1024x1024.jpeg 1024w, https:\/\/atecordoba.org\/wp-content\/uploads\/2024\/12\/WhatsApp-Image-2024-12-10-at-07.47.39-300x300.jpeg 300w, https:\/\/atecordoba.org\/wp-content\/uploads\/2024\/12\/WhatsApp-Image-2024-12-10-at-07.47.39-150x150.jpeg 150w, https:\/\/atecordoba.org\/wp-content\/uploads\/2024\/12\/WhatsApp-Image-2024-12-10-at-07.47.39-768x768.jpeg 768w, https:\/\/atecordoba.org\/wp-content\/uploads\/2024\/12\/WhatsApp-Image-2024-12-10-at-07.47.39-560x560.jpeg 560w, https:\/\/atecordoba.org\/wp-content\/uploads\/2024\/12\/WhatsApp-Image-2024-12-10-at-07.47.39-75x75.jpeg 75w, https:\/\/atecordoba.org\/wp-content\/uploads\/2024\/12\/WhatsApp-Image-2024-12-10-at-07.47.39-350x350.jpeg 350w, https:\/\/atecordoba.org\/wp-content\/uploads\/2024\/12\/WhatsApp-Image-2024-12-10-at-07.47.39-750x750.jpeg 750w, https:\/\/atecordoba.org\/wp-content\/uploads\/2024\/12\/WhatsApp-Image-2024-12-10-at-07.47.39.jpeg 1080w\" sizes=\"auto, (max-width: 605px) 100vw, 605px\" \/><\/p>\n<p>La protesta cuenta con la participaci\u00f3n del secretario General de ATE C\u00f3rdoba, Federico Giuliani, junto a dirigentes y activistas estatales de nuestra provincia.<\/p>\n<p>&#8220;No a los despidos en la era Milei, inmediata reincorporaci\u00f3n de las y los trabajadores despedidos injustamente, decimos no al vaciamiento del estado, no a la privatizaci\u00f3n de las empresas p\u00fablicas&#8221;, reclam\u00f3 Giuliani frente a la sede de CNEA.<img loading=\"lazy\" decoding=\"async\" class=\"aligncenter wp-image-46897 \" src=\"https:\/\/atecordoba.org\/wp-content\/uploads\/2024\/12\/WhatsApp-Image-2024-12-10-at-12.05.56-1024x638.jpeg\" alt=\"\" width=\"605\" height=\"377\" srcset=\"https:\/\/atecordoba.org\/wp-content\/uploads\/2024\/12\/WhatsApp-Image-2024-12-10-at-12.05.56-1024x638.jpeg 1024w, https:\/\/atecordoba.org\/wp-content\/uploads\/2024\/12\/WhatsApp-Image-2024-12-10-at-12.05.56-300x187.jpeg 300w, https:\/\/atecordoba.org\/wp-content\/uploads\/2024\/12\/WhatsApp-Image-2024-12-10-at-12.05.56-768x479.jpeg 768w, https:\/\/atecordoba.org\/wp-content\/uploads\/2024\/12\/WhatsApp-Image-2024-12-10-at-12.05.56-750x467.jpeg 750w, https:\/\/atecordoba.org\/wp-content\/uploads\/2024\/12\/WhatsApp-Image-2024-12-10-at-12.05.56.jpeg 1080w\" sizes=\"auto, (max-width: 605px) 100vw, 605px\" \/><\/p>\n<p>Y agreg\u00f3: &#8220;a un a\u00f1o de gobierno repudiamos a los gobernadores que transaron la gobernabilidad. Mientras, ATE sigue demostrando en la calle que es el \u00fanico sindicato que defiende los puestos de trabajo, as\u00ed como la defensa de la soberan\u00eda de nuestra patria&#8221;.<\/p>\n<p>&nbsp;<\/p>\n<p>A esto se suma el ahogo presupuestario de las instituciones que lo integran y el ajuste salarial de sus trabajadores. En m\u00e1s de 70 a\u00f1os de experiencia acumulada en sus trabajadores, demostr\u00f3 el manejo de la tecnolog\u00eda y capacidad t\u00e9cnica y cient\u00edfica reconocida internacionalmente en todo el ciclo nuclear. &#8220;Es necesario ejercer la defensa del sector para avanzar en el camino de la soberan\u00eda energ\u00e9tica y la autonom\u00eda tecnol\u00f3gica, garantizando el derecho al desarrollo y crecimiento tecnol\u00f3gico del pa\u00eds&#8221;, manifiestan.<img loading=\"lazy\" decoding=\"async\" class=\"aligncenter wp-image-46898 \" src=\"https:\/\/atecordoba.org\/wp-content\/uploads\/2024\/12\/WhatsApp-Image-2024-12-10-at-12.06.00-1024x638.jpeg\" alt=\"\" width=\"615\" height=\"383\" srcset=\"https:\/\/atecordoba.org\/wp-content\/uploads\/2024\/12\/WhatsApp-Image-2024-12-10-at-12.06.00-1024x638.jpeg 1024w, https:\/\/atecordoba.org\/wp-content\/uploads\/2024\/12\/WhatsApp-Image-2024-12-10-at-12.06.00-300x187.jpeg 300w, https:\/\/atecordoba.org\/wp-content\/uploads\/2024\/12\/WhatsApp-Image-2024-12-10-at-12.06.00-768x479.jpeg 768w, https:\/\/atecordoba.org\/wp-content\/uploads\/2024\/12\/WhatsApp-Image-2024-12-10-at-12.06.00-750x467.jpeg 750w, https:\/\/atecordoba.org\/wp-content\/uploads\/2024\/12\/WhatsApp-Image-2024-12-10-at-12.06.00.jpeg 1080w\" sizes=\"auto, (max-width: 615px) 100vw, 615px\" \/><\/p>\n<p><strong>Vaciamiento<\/strong><\/p>\n<p>&#8220;Los embates del gobierno nos dejan hoy en una situaci\u00f3n de vulnerabilidad: los despidos en dioxitek, la renuncia de trabajadores calificados en la CNEA por los bajos salarios, la falta de presupuesto para la puesta en marcha de la PIAP y la posibilidad de privatizaci\u00f3n de esta planta y de NASA son en su conjunto un golpe grande al sector. Se repite una historia que ya se vivi\u00f3 en la d\u00e9cada de los 90, durante el menemismo. Sabemos que recuperar estos organismos y sus funciones cuesta much\u00edsimo tiempo, d\u00e9cadas, si es que puede recuperarse del todo&#8221;, reclaman las y los trabajadores del sector nuclear.<img loading=\"lazy\" decoding=\"async\" class=\"aligncenter wp-image-46877 \" src=\"https:\/\/atecordoba.org\/wp-content\/uploads\/2024\/12\/kirchuk.png\" alt=\"\" width=\"617\" height=\"296\" srcset=\"https:\/\/atecordoba.org\/wp-content\/uploads\/2024\/12\/kirchuk.png 902w, https:\/\/atecordoba.org\/wp-content\/uploads\/2024\/12\/kirchuk-300x144.png 300w, https:\/\/atecordoba.org\/wp-content\/uploads\/2024\/12\/kirchuk-768x369.png 768w, https:\/\/atecordoba.org\/wp-content\/uploads\/2024\/12\/kirchuk-750x360.png 750w\" sizes=\"auto, (max-width: 617px) 100vw, 617px\" \/><\/p>\n<p>Y denuncian: &#8220;hoy vemos con asombro que se opte por fugar divisas al exterior en materia de insumos nucleares, comprando Di\u00f3xido de Uranio a Kazajist\u00e1n, teniendo minas en explotaci\u00f3n cerradas en San Rafael, una planta para procesarlo en C\u00f3rdoba y otra a medio construir en Formosa. O comprar Agua Pesada a la India, teniendo la planta m\u00e1s grande del mundo en Neuqu\u00e9n, parada hace 7 a\u00f1os, que podr\u00eda abastecer a nuestros reactores, adem\u00e1s de exportar este insumo&#8221;.<\/p>\n<p>En esa l\u00ednea ATE se pronuncia &#8220;en defensa del sector nuclear en su conjunto. Queremos desarrollar tecnolog\u00eda nuclear para ayudar a resolver las necesidades de nuestro pueblo y no para estar sometido a los capitales y los gobiernos como Estados Unidos&#8221;.<\/p>\n<p><strong>Sobresueldos<\/strong><\/p>\n<p>El portal informativo de actualidad energ\u00e9tica econojournal.com.ar denunci\u00f3 el domingo pasado que &#8220;el vicepresidente de la estatal Dioxitek asumi\u00f3 en septiembre y al mes comenz\u00f3 a facturarle a la compa\u00f1\u00eda servicios por el triple de su salario&#8221;, en otro caso de libertarios que vienen a dinamitar el Estado en beneficio propio.<\/p>\n<figure id=\"attachment_46878\" aria-describedby=\"caption-attachment-46878\" style=\"width: 618px\" class=\"wp-caption aligncenter\"><img loading=\"lazy\" decoding=\"async\" class=\"wp-image-46878\" src=\"https:\/\/atecordoba.org\/wp-content\/uploads\/2024\/12\/Kirchuk-2.jpg\" alt=\"\" width=\"618\" height=\"384\" srcset=\"https:\/\/atecordoba.org\/wp-content\/uploads\/2024\/12\/Kirchuk-2.jpg 1024w, https:\/\/atecordoba.org\/wp-content\/uploads\/2024\/12\/Kirchuk-2-300x186.jpg 300w, https:\/\/atecordoba.org\/wp-content\/uploads\/2024\/12\/Kirchuk-2-768x477.jpg 768w, https:\/\/atecordoba.org\/wp-content\/uploads\/2024\/12\/Kirchuk-2-750x466.jpg 750w\" sizes=\"auto, (max-width: 618px) 100vw, 618px\" \/><figcaption id=\"caption-attachment-46878\" class=\"wp-caption-text\">Vicepresidente, con sobresueldos que triplican su salario como funcionario.<\/figcaption><\/figure>\n<p>Seg\u00fan denuncia el medio especializado el f\u00edsico Ernesto Kirchuk fue designado como vicepresidente de la compa\u00f1\u00eda estatal Dioxitek el 9 de septiembre de este a\u00f1o y al mes comenz\u00f3 a facturarle a la empresa nuclear 3,5 millones de pesos mensuales en concepto de \u201chonorarios por servicio de asistencia tecnol\u00f3gica\u201d. EconoJournal pregunt\u00f3 en Dioxitek cu\u00e1l es la contraprestaci\u00f3n que realiza Kirchuk y por qu\u00e9 esa tarea no forma parte de sus actividades habituales.<\/p>\n<p>\u201cDurante los meses de octubre y noviembre Ernesto Kirchuk form\u00f3 parte de una investigaci\u00f3n y an\u00e1lisis sobre la viabilidad de incorporar un proyecto o unidad de negocio de enriquecimiento de uranio por l\u00e1ser en Dioxitek, la cual, por tratarse de una tarea de car\u00e1cter extraordinario y ocasional, se abon\u00f3 como locaci\u00f3n de servicio\u201d, respondieron desde la empresa encargada de garantizar el suministro de di\u00f3xido de uranio que se utiliza en la fabricaci\u00f3n de los elementos combustibles para las centrales nucleares de Atucha I, Atucha II y Embalse.<\/p>\n<p>Este medio consult\u00f3 a cuatro fuentes del sector nuclear sin contacto entre s\u00ed y todas se mostraron sorprendidas porque afirmaron que la Comisi\u00f3n Nacional de Energ\u00eda At\u00f3mica (CNEA) ya viene llevando adelante esa tarea. \u201cLa CNEA estudia la separaci\u00f3n isot\u00f3pica por l\u00e1ser. Se podr\u00eda haber hecho un an\u00e1lisis de esos resultados sin tener que pagar por ello\u201d, remarc\u00f3 una de las fuentes. Kirchuk es, adem\u00e1s, empleado desde hace a\u00f1os en la CNEA, por lo que otra de las fuentes consultadas advirti\u00f3 que \u201cno es normal que una empresa p\u00fablica contrate bajo la modalidad de prestador de servicios a una persona que a su vez ya es personal del Estado\u201d.<\/p>\n<p><img loading=\"lazy\" decoding=\"async\" class=\"aligncenter wp-image-46879 \" src=\"https:\/\/atecordoba.org\/wp-content\/uploads\/2024\/12\/bandera-1024x768.jpg\" alt=\"\" width=\"613\" height=\"460\" srcset=\"https:\/\/atecordoba.org\/wp-content\/uploads\/2024\/12\/bandera-1024x768.jpg 1024w, https:\/\/atecordoba.org\/wp-content\/uploads\/2024\/12\/bandera-300x225.jpg 300w, https:\/\/atecordoba.org\/wp-content\/uploads\/2024\/12\/bandera-768x576.jpg 768w, https:\/\/atecordoba.org\/wp-content\/uploads\/2024\/12\/bandera-750x563.jpg 750w, https:\/\/atecordoba.org\/wp-content\/uploads\/2024\/12\/bandera.jpg 1080w\" sizes=\"auto, (max-width: 613px) 100vw, 613px\" \/><\/p>\n<p><strong>Equipo de demolici\u00f3n<\/strong><\/p>\n<p>Kirchuk fue designado vicepresidente de Dioxitek en septiembre de la mano de Alberto Lamagna quien por esos d\u00edas asumi\u00f3 como presidente de Nucleoel\u00e9ctrica Argentina (NA-SA) luego de que, tal como anticip\u00f3 EconoJournal, el asesor presidencial Santiago Caputo tomara el control pol\u00edtico de las dos firmas nucleares.<\/p>\n<p>Caputo tambi\u00e9n nombr\u00f3 directores de NA-SA a un grupo de j\u00f3venes libertarios sin experiencia en el sector, como Emiliano Giana, hermano de Guido Giana, un ex dirigente del PRO en la provincia de Buenos Aires que migr\u00f3 a las filas de La Libertad Avanza, y Jerem\u00edas Coppola, un joven licenciado en Finanzas de la Universidad de San Andr\u00e9s que se enfoc\u00f3 en el negocio de trading de criptomonedas. Ambos funcionarios reportan adem\u00e1s a Diego Chaher, quien est\u00e1 al frente de una Agencia de Transformaci\u00f3n de Empresas P\u00fablicas e integra el c\u00edrculo de confianza de Caputo.<\/p>\n<p>Para acceder al informe completo ingresar <a href=\"https:\/\/econojournal.com.ar\/2024\/12\/el-vicepresidente-de-dioxitek-le-facturo-a-la-empresa-servicios-por-el-triple-de-su-salario\/\">aqu\u00ed<\/a>.<\/p>\n<div id='gallery_1' class='gallery galleryid-46874 gallery-columns-3 gallery-size-large'><figure class='gallery-item'>\n                <div class='gallery-icon landscape'>\n                    <a href='https:\/\/atecordoba.org\/wp-content\/uploads\/2024\/12\/WhatsApp-Image-2024-12-10-at-12.05.56-1.jpeg'><img loading=\"lazy\" decoding=\"async\" width=\"1024\" height=\"768\" src=\"\" class=\"attachment-large size-large lazyload\" alt=\"\" data-src=\"https:\/\/atecordoba.org\/wp-content\/uploads\/2024\/12\/WhatsApp-Image-2024-12-10-at-12.05.56-1-1024x768.jpeg\" data-sizes=\"auto\" data-srcset=\"https:\/\/atecordoba.org\/wp-content\/uploads\/2024\/12\/WhatsApp-Image-2024-12-10-at-12.05.56-1-1024x768.jpeg 1024w, https:\/\/atecordoba.org\/wp-content\/uploads\/2024\/12\/WhatsApp-Image-2024-12-10-at-12.05.56-1-300x225.jpeg 300w, https:\/\/atecordoba.org\/wp-content\/uploads\/2024\/12\/WhatsApp-Image-2024-12-10-at-12.05.56-1-768x576.jpeg 768w, https:\/\/atecordoba.org\/wp-content\/uploads\/2024\/12\/WhatsApp-Image-2024-12-10-at-12.05.56-1-750x563.jpeg 750w, https:\/\/atecordoba.org\/wp-content\/uploads\/2024\/12\/WhatsApp-Image-2024-12-10-at-12.05.56-1.jpeg 1080w\" data-expand=\"700\" \/><\/a>\n                <\/div><\/figure><figure class='gallery-item'>\n                <div class='gallery-icon landscape'>\n                    <a href='https:\/\/atecordoba.org\/wp-content\/uploads\/2024\/12\/WhatsApp-Image-2024-12-10-at-12.05.56-2.jpeg'><img loading=\"lazy\" decoding=\"async\" width=\"1024\" height=\"638\" src=\"\" class=\"attachment-large size-large lazyload\" alt=\"\" data-src=\"https:\/\/atecordoba.org\/wp-content\/uploads\/2024\/12\/WhatsApp-Image-2024-12-10-at-12.05.56-2-1024x638.jpeg\" data-sizes=\"auto\" data-srcset=\"https:\/\/atecordoba.org\/wp-content\/uploads\/2024\/12\/WhatsApp-Image-2024-12-10-at-12.05.56-2-1024x638.jpeg 1024w, https:\/\/atecordoba.org\/wp-content\/uploads\/2024\/12\/WhatsApp-Image-2024-12-10-at-12.05.56-2-300x187.jpeg 300w, https:\/\/atecordoba.org\/wp-content\/uploads\/2024\/12\/WhatsApp-Image-2024-12-10-at-12.05.56-2-768x479.jpeg 768w, https:\/\/atecordoba.org\/wp-content\/uploads\/2024\/12\/WhatsApp-Image-2024-12-10-at-12.05.56-2-750x467.jpeg 750w, https:\/\/atecordoba.org\/wp-content\/uploads\/2024\/12\/WhatsApp-Image-2024-12-10-at-12.05.56-2.jpeg 1080w\" data-expand=\"700\" \/><\/a>\n                <\/div><\/figure><figure class='gallery-item'>\n                <div class='gallery-icon landscape'>\n                    <a href='https:\/\/atecordoba.org\/wp-content\/uploads\/2024\/12\/WhatsApp-Image-2024-12-10-at-11.56.36.jpeg'><img loading=\"lazy\" decoding=\"async\" width=\"1024\" height=\"576\" src=\"\" class=\"attachment-large size-large lazyload\" alt=\"\" data-src=\"https:\/\/atecordoba.org\/wp-content\/uploads\/2024\/12\/WhatsApp-Image-2024-12-10-at-11.56.36-1024x576.jpeg\" data-sizes=\"auto\" data-srcset=\"https:\/\/atecordoba.org\/wp-content\/uploads\/2024\/12\/WhatsApp-Image-2024-12-10-at-11.56.36-1024x576.jpeg 1024w, https:\/\/atecordoba.org\/wp-content\/uploads\/2024\/12\/WhatsApp-Image-2024-12-10-at-11.56.36-300x169.jpeg 300w, https:\/\/atecordoba.org\/wp-content\/uploads\/2024\/12\/WhatsApp-Image-2024-12-10-at-11.56.36-768x432.jpeg 768w, https:\/\/atecordoba.org\/wp-content\/uploads\/2024\/12\/WhatsApp-Image-2024-12-10-at-11.56.36-750x422.jpeg 750w, https:\/\/atecordoba.org\/wp-content\/uploads\/2024\/12\/WhatsApp-Image-2024-12-10-at-11.56.36-1140x641.jpeg 1140w, https:\/\/atecordoba.org\/wp-content\/uploads\/2024\/12\/WhatsApp-Image-2024-12-10-at-11.56.36.jpeg 1280w\" data-expand=\"700\" \/><\/a>\n                <\/div><\/figure><br style=\"clear: both\" \/><figure class='gallery-item'>\n                <div class='gallery-icon landscape'>\n                    <a href='https:\/\/atecordoba.org\/wp-content\/uploads\/2024\/12\/WhatsApp-Image-2024-12-10-at-11.56.37.jpeg'><img loading=\"lazy\" decoding=\"async\" width=\"1024\" height=\"768\" src=\"\" class=\"attachment-large size-large lazyload\" alt=\"\" data-src=\"https:\/\/atecordoba.org\/wp-content\/uploads\/2024\/12\/WhatsApp-Image-2024-12-10-at-11.56.37-1024x768.jpeg\" data-sizes=\"auto\" data-srcset=\"https:\/\/atecordoba.org\/wp-content\/uploads\/2024\/12\/WhatsApp-Image-2024-12-10-at-11.56.37-1024x768.jpeg 1024w, https:\/\/atecordoba.org\/wp-content\/uploads\/2024\/12\/WhatsApp-Image-2024-12-10-at-11.56.37-300x225.jpeg 300w, https:\/\/atecordoba.org\/wp-content\/uploads\/2024\/12\/WhatsApp-Image-2024-12-10-at-11.56.37-768x576.jpeg 768w, https:\/\/atecordoba.org\/wp-content\/uploads\/2024\/12\/WhatsApp-Image-2024-12-10-at-11.56.37-750x563.jpeg 750w, https:\/\/atecordoba.org\/wp-content\/uploads\/2024\/12\/WhatsApp-Image-2024-12-10-at-11.56.37-1140x855.jpeg 1140w, https:\/\/atecordoba.org\/wp-content\/uploads\/2024\/12\/WhatsApp-Image-2024-12-10-at-11.56.37.jpeg 1160w\" data-expand=\"700\" \/><\/a>\n                <\/div><\/figure><figure class='gallery-item'>\n                <div class='gallery-icon landscape'>\n                    <a href='https:\/\/atecordoba.org\/wp-content\/uploads\/2024\/12\/WhatsApp-Image-2024-12-10-at-12.07.32.jpeg'><img loading=\"lazy\" decoding=\"async\" width=\"1024\" height=\"768\" src=\"\" class=\"attachment-large size-large lazyload\" alt=\"\" data-src=\"https:\/\/atecordoba.org\/wp-content\/uploads\/2024\/12\/WhatsApp-Image-2024-12-10-at-12.07.32-1024x768.jpeg\" data-sizes=\"auto\" data-srcset=\"https:\/\/atecordoba.org\/wp-content\/uploads\/2024\/12\/WhatsApp-Image-2024-12-10-at-12.07.32-1024x768.jpeg 1024w, https:\/\/atecordoba.org\/wp-content\/uploads\/2024\/12\/WhatsApp-Image-2024-12-10-at-12.07.32-300x225.jpeg 300w, https:\/\/atecordoba.org\/wp-content\/uploads\/2024\/12\/WhatsApp-Image-2024-12-10-at-12.07.32-768x576.jpeg 768w, https:\/\/atecordoba.org\/wp-content\/uploads\/2024\/12\/WhatsApp-Image-2024-12-10-at-12.07.32-1536x1153.jpeg 1536w, https:\/\/atecordoba.org\/wp-content\/uploads\/2024\/12\/WhatsApp-Image-2024-12-10-at-12.07.32-750x563.jpeg 750w, https:\/\/atecordoba.org\/wp-content\/uploads\/2024\/12\/WhatsApp-Image-2024-12-10-at-12.07.32-1140x856.jpeg 1140w, https:\/\/atecordoba.org\/wp-content\/uploads\/2024\/12\/WhatsApp-Image-2024-12-10-at-12.07.32.jpeg 1599w\" data-expand=\"700\" \/><\/a>\n                <\/div><\/figure><figure class='gallery-item'>\n                <div class='gallery-icon landscape'>\n                    <a href='https:\/\/atecordoba.org\/wp-content\/uploads\/2024\/12\/WhatsApp-Image-2024-12-10-at-12.05.59-1.jpeg'><img loading=\"lazy\" decoding=\"async\" width=\"1024\" height=\"576\" src=\"\" class=\"attachment-large size-large lazyload\" alt=\"\" data-src=\"https:\/\/atecordoba.org\/wp-content\/uploads\/2024\/12\/WhatsApp-Image-2024-12-10-at-12.05.59-1-1024x576.jpeg\" data-sizes=\"auto\" data-srcset=\"https:\/\/atecordoba.org\/wp-content\/uploads\/2024\/12\/WhatsApp-Image-2024-12-10-at-12.05.59-1-1024x576.jpeg 1024w, https:\/\/atecordoba.org\/wp-content\/uploads\/2024\/12\/WhatsApp-Image-2024-12-10-at-12.05.59-1-300x169.jpeg 300w, https:\/\/atecordoba.org\/wp-content\/uploads\/2024\/12\/WhatsApp-Image-2024-12-10-at-12.05.59-1-768x432.jpeg 768w, https:\/\/atecordoba.org\/wp-content\/uploads\/2024\/12\/WhatsApp-Image-2024-12-10-at-12.05.59-1-750x422.jpeg 750w, https:\/\/atecordoba.org\/wp-content\/uploads\/2024\/12\/WhatsApp-Image-2024-12-10-at-12.05.59-1-1140x641.jpeg 1140w, https:\/\/atecordoba.org\/wp-content\/uploads\/2024\/12\/WhatsApp-Image-2024-12-10-at-12.05.59-1.jpeg 1280w\" data-expand=\"700\" \/><\/a>\n                <\/div><\/figure><br style=\"clear: both\" \/>\n            <\/div>\n\n","protected":false},"excerpt":{"rendered":"<p>Hoy los trabajadores del sector nuclear se concentraron en la puerta de la sede central de la Comisi\u00f3n Nacional de Energ\u00eda At\u00f3mica (CNEA), en Capital Federal para realizar un acto convocado por ATE de Dioxitek, CNEA, PIAP (Planta industrial de Agua pesada), ARN (Autoridad Regulatoria Nuclear) y NA-SA (Nucleoel\u00e9ctrica Argentina SA), para denunciar los embates [&hellip;]<\/p>\n","protected":false},"author":7,"featured_media":46896,"comment_status":"open","ping_status":"open","sticky":false,"template":"","format":"standard","meta":{"_exactmetrics_skip_tracking":false,"_exactmetrics_sitenote_active":false,"_exactmetrics_sitenote_note":"","_exactmetrics_sitenote_category":0,"jnews-multi-image_gallery":[],"jnews_single_post":{"format":"standard","override":[{"template":"1","parallax":"1","fullscreen":"1","layout":"no-sidebar-narrow","sidebar":"default-sidebar","second_sidebar":"default-sidebar","sticky_sidebar":"1","share_position":"bottom","share_float_style":"share-monocrhome","show_share_counter":"1","show_view_counter":"1","show_post_meta":"1","show_post_author_image":"1","show_post_date":"1","post_date_format":"default","post_date_format_custom":"Y\/m\/d","show_post_category":"1","show_post_reading_time":"0","post_reading_time_wpm":"300","post_calculate_word_method":"str_word_count","show_zoom_button":"0","zoom_button_out_step":"2","zoom_button_in_step":"3","show_post_tag":"1","number_popup_post":"1","show_post_related":"1","show_inline_post_related":"0"}],"image_override":[{"single_post_thumbnail_size":"crop-500","single_post_gallery_size":"crop-500"}],"trending_post_position":"meta","trending_post_label":"Trending","sponsored_post_label":"Sponsored by","disable_ad":"0"},"jnews_primary_category":[],"jnews_social_meta":[],"jnews_review":[],"enable_review":"","type":"percentage","name":"","summary":"","brand":"","sku":"","good":[],"bad":[],"score_override":"","override_value":"","rating":[],"price":[],"jnews_override_counter":{"view_counter_number":"0","share_counter_number":"0","like_counter_number":"0","dislike_counter_number":"0"},"jnews_post_split":{"post_split":[{"template":"1","tag":"h2","numbering":"asc","mode":"normal","first":"0","enable_toc":"0","toc_type":"normal"}]},"footnotes":""},"categories":[18],"tags":[26,1430,395,1429,333,1439,1440,1438],"class_list":["post-46874","post","type-post","status-publish","format-standard","has-post-thumbnail","hentry","category-nacionales","tag-ate","tag-ate-cnea","tag-ate-cordoba","tag-cnea","tag-dioxitek","tag-estado","tag-estado-argentino","tag-sector-nuclear"],"jetpack_featured_media_url":"https:\/\/atecordoba.org\/wp-content\/uploads\/2024\/12\/WhatsApp-Image-2024-12-10-at-12.05.59-e1733843862898.jpeg","_links":{"self":[{"href":"https:\/\/atecordoba.org\/index.php?rest_route=\/wp\/v2\/posts\/46874","targetHints":{"allow":["GET"]}}],"collection":[{"href":"https:\/\/atecordoba.org\/index.php?rest_route=\/wp\/v2\/posts"}],"about":[{"href":"https:\/\/atecordoba.org\/index.php?rest_route=\/wp\/v2\/types\/post"}],"author":[{"embeddable":true,"href":"https:\/\/atecordoba.org\/index.php?rest_route=\/wp\/v2\/users\/7"}],"replies":[{"embeddable":true,"href":"https:\/\/atecordoba.org\/index.php?rest_route=%2Fwp%2Fv2%2Fcomments&post=46874"}],"version-history":[{"count":3,"href":"https:\/\/atecordoba.org\/index.php?rest_route=\/wp\/v2\/posts\/46874\/revisions"}],"predecessor-version":[{"id":46905,"href":"https:\/\/atecordoba.org\/index.php?rest_route=\/wp\/v2\/posts\/46874\/revisions\/46905"}],"wp:featuredmedia":[{"embeddable":true,"href":"https:\/\/atecordoba.org\/index.php?rest_route=\/wp\/v2\/media\/46896"}],"wp:attachment":[{"href":"https:\/\/atecordoba.org\/index.php?rest_route=%2Fwp%2Fv2%2Fmedia&parent=46874"}],"wp:term":[{"taxonomy":"category","embeddable":true,"href":"https:\/\/atecordoba.org\/index.php?rest_route=%2Fwp%2Fv2%2Fcategories&post=46874"},{"taxonomy":"post_tag","embeddable":true,"href":"https:\/\/atecordoba.org\/index.php?rest_route=%2Fwp%2Fv2%2Ftags&post=46874"}],"curies":[{"name":"wp","href":"https:\/\/api.w.org\/{rel}","templated":true}]}}