{"id":46864,"date":"2024-12-09T11:30:02","date_gmt":"2024-12-09T14:30:02","guid":{"rendered":"https:\/\/atecordoba.org\/?p=46864"},"modified":"2024-12-09T11:44:45","modified_gmt":"2024-12-09T14:44:45","slug":"cdr-con-uan-radio-abierta-ate-repudio-el-cierre-de-las-oficinas-en-cordoba","status":"publish","type":"post","link":"https:\/\/atecordoba.org\/?p=46864","title":{"rendered":"CDR: Con una radio abierta, ATE repudi\u00f3 el cierre de las oficinas en C\u00f3rdoba"},"content":{"rendered":"<p><img loading=\"lazy\" decoding=\"async\" class=\"aligncenter wp-image-46865 \" src=\"https:\/\/atecordoba.org\/wp-content\/uploads\/2024\/12\/Imagen-de-WhatsApp-2024-12-09-a-las-09.40.35_d4969f56-1024x768.jpg\" alt=\"\" width=\"614\" height=\"461\" \/>El vaciamiento del ex Ministerio de Desarrollo Social de la Naci\u00f3n, y el abandono de las pol\u00edticas de asistencia a los sectores vulnerables, tuvo su cara en C\u00f3rdoba este fin de semana, cuando personal de la cartera de dirige ahora Sandra Petovello realiz\u00f3 ayer la desocupaci\u00f3n de la sede del Centro de Referencia de bv Chacabuco 329.<\/p>\n<p>Convocado por el Consejo Directivo Provincial (CDP) hoy se llev\u00f3 adelante una radio abierta, que cont\u00f3 con la presencia y apoyo de las y los compa\u00f1eros de diversos organismos como SENASA, Agricultura Familiar, Ministerio de Trabajo, PAMI, ANSES, CONICET, No docentes UNC, Parques Nacionales y Personal Civil de las FFAA.<\/p>\n<p><img loading=\"lazy\" decoding=\"async\" class=\"aligncenter wp-image-46866 \" src=\"https:\/\/atecordoba.org\/wp-content\/uploads\/2024\/12\/Imagen-de-WhatsApp-2024-12-09-a-las-09.40.31_2203e5e2-1024x769.jpg\" alt=\"\" width=\"609\" height=\"457\" srcset=\"https:\/\/atecordoba.org\/wp-content\/uploads\/2024\/12\/Imagen-de-WhatsApp-2024-12-09-a-las-09.40.31_2203e5e2-1024x769.jpg 1024w, https:\/\/atecordoba.org\/wp-content\/uploads\/2024\/12\/Imagen-de-WhatsApp-2024-12-09-a-las-09.40.31_2203e5e2-300x225.jpg 300w, https:\/\/atecordoba.org\/wp-content\/uploads\/2024\/12\/Imagen-de-WhatsApp-2024-12-09-a-las-09.40.31_2203e5e2-768x577.jpg 768w, https:\/\/atecordoba.org\/wp-content\/uploads\/2024\/12\/Imagen-de-WhatsApp-2024-12-09-a-las-09.40.31_2203e5e2-1536x1153.jpg 1536w, https:\/\/atecordoba.org\/wp-content\/uploads\/2024\/12\/Imagen-de-WhatsApp-2024-12-09-a-las-09.40.31_2203e5e2-2048x1537.jpg 2048w, https:\/\/atecordoba.org\/wp-content\/uploads\/2024\/12\/Imagen-de-WhatsApp-2024-12-09-a-las-09.40.31_2203e5e2-750x563.jpg 750w, https:\/\/atecordoba.org\/wp-content\/uploads\/2024\/12\/Imagen-de-WhatsApp-2024-12-09-a-las-09.40.31_2203e5e2-1140x856.jpg 1140w\" sizes=\"auto, (max-width: 609px) 100vw, 609px\" \/><\/p>\n<p>Estuvieron presentes dirigentes de ATE C\u00f3rdoba, como la secretaria Adjunta Gabriela Alcoba, de Prensa Julia Giuliani, el Gremial Jorge Chalup, su par de Acci\u00f3n Pol\u00edtica Alejandra Agnone. Tambi\u00e9n participaron de la actividad la secretaria de Salud Laboral Elisa Ojeda, el secretario de Organizaci\u00f3n Javier Bracamonte, la secretaria\u00a0 Administrativa del CDP Cintia Conesta y el secretario de Interior Diego Ch\u00e1vez.<\/p>\n<p>&#8220;Denunciamos los despidos de 30 trabajadores en tres olas sucesivas desde marzo a esta parte, profesionales de much\u00edsima antig\u00fcedad que hoy no est\u00e1n prestando servicios a las y los cordobeses&#8221;, dijo amargamente la delegada de ATE, Soledad Micoli.<\/p>\n<p>&#8220;En marzo hab\u00eda 59 dependencias en todo el pa\u00eds y ya se han cerrado la mayor\u00eda. No tuvimos tiempo de retirar documentaci\u00f3n importante que las familias deb\u00edan recuperar esta semana.\u00a0Esa documentaci\u00f3n fue llevada a un deposito y no se va a recuperar. Nosotros no tenemos lugar d\u00f3nde trabajar. No logramos que alguna autoridad se comunique para que tengamos oficinas para recibir a la poblaci\u00f3n que demanda atenci\u00f3n. Hoy el principal tramite que estamos realizando es el cambio de titularidad de la Asignaci\u00f3n Universal por Hijo (AUH), y las asignaciones familiares cuando los ni\u00f1os no est\u00e1n al cuidado de sus madres y padres&#8221;, agreg\u00f3.<img loading=\"lazy\" decoding=\"async\" class=\"aligncenter wp-image-46867 \" src=\"https:\/\/atecordoba.org\/wp-content\/uploads\/2024\/12\/Imagen-de-WhatsApp-2024-12-09-a-las-09.53.03_0f2966b1-1024x769.jpg\" alt=\"\" width=\"615\" height=\"462\" srcset=\"https:\/\/atecordoba.org\/wp-content\/uploads\/2024\/12\/Imagen-de-WhatsApp-2024-12-09-a-las-09.53.03_0f2966b1-1024x769.jpg 1024w, https:\/\/atecordoba.org\/wp-content\/uploads\/2024\/12\/Imagen-de-WhatsApp-2024-12-09-a-las-09.53.03_0f2966b1-300x225.jpg 300w, https:\/\/atecordoba.org\/wp-content\/uploads\/2024\/12\/Imagen-de-WhatsApp-2024-12-09-a-las-09.53.03_0f2966b1-768x577.jpg 768w, https:\/\/atecordoba.org\/wp-content\/uploads\/2024\/12\/Imagen-de-WhatsApp-2024-12-09-a-las-09.53.03_0f2966b1-1536x1153.jpg 1536w, https:\/\/atecordoba.org\/wp-content\/uploads\/2024\/12\/Imagen-de-WhatsApp-2024-12-09-a-las-09.53.03_0f2966b1-2048x1537.jpg 2048w, https:\/\/atecordoba.org\/wp-content\/uploads\/2024\/12\/Imagen-de-WhatsApp-2024-12-09-a-las-09.53.03_0f2966b1-750x563.jpg 750w, https:\/\/atecordoba.org\/wp-content\/uploads\/2024\/12\/Imagen-de-WhatsApp-2024-12-09-a-las-09.53.03_0f2966b1-1140x856.jpg 1140w\" sizes=\"auto, (max-width: 615px) 100vw, 615px\" \/><\/p>\n<p>Otras expresiones del sector apuntaron que &#8220;con el cierre de la cerradura de esa oficina se va una parte de nuestra vidas laboral. Dolorosa la forma cuando vemos que hay una intenci\u00f3n de maldad, por la espalda y sin previo aviso. As\u00ed demuestran como se va destruyendo el Estado y dejan al abandono a sectores vulnerables que encontraban en nuestro trabajo la forma de hacer garantizar sus derechos. Paralelamente nos fueron vaciando de pol\u00edticas p\u00fablicas para trabajar con la gente en los territorios&#8221;. &#8220;A estos (\u2026 ) no les interesa nada: ni los ni\u00f1os, las ni\u00f1as, los adolescentes, los viejos. Duele tanta ignorancia&#8221;, dijo una trabajadora.<\/p>\n<p><strong>ATE ratifica que la lucha contin\u00faa<\/strong><\/p>\n<p>Mientras se multiplicaban las muestras de solidaridad con el plantel de personal del CDR, la secretaria Adjunta, Gabriela Alcoba, manifest\u00f3 que &#8220;ma\u00f1ana se cumple un a\u00f1o de gobierno de Milei. Quieren derrotarnos como sociedad y como trabajadores, pero no lo est\u00e1n logrando porque estamos ac\u00e1, resistiendo en la calle. Felicitamos a los compa\u00f1eros del CDR, porque le pusieron el pecho a la situaci\u00f3n, han innovado en la lucha y eso hay que valorarlo&#8221;.<img loading=\"lazy\" decoding=\"async\" class=\"aligncenter wp-image-46868 \" src=\"https:\/\/atecordoba.org\/wp-content\/uploads\/2024\/12\/Imagen-de-WhatsApp-2024-12-09-a-las-09.57.32_ae7c6e4d-1024x769.jpg\" alt=\"\" width=\"621\" height=\"466\" srcset=\"https:\/\/atecordoba.org\/wp-content\/uploads\/2024\/12\/Imagen-de-WhatsApp-2024-12-09-a-las-09.57.32_ae7c6e4d-1024x769.jpg 1024w, https:\/\/atecordoba.org\/wp-content\/uploads\/2024\/12\/Imagen-de-WhatsApp-2024-12-09-a-las-09.57.32_ae7c6e4d-300x225.jpg 300w, https:\/\/atecordoba.org\/wp-content\/uploads\/2024\/12\/Imagen-de-WhatsApp-2024-12-09-a-las-09.57.32_ae7c6e4d-768x577.jpg 768w, https:\/\/atecordoba.org\/wp-content\/uploads\/2024\/12\/Imagen-de-WhatsApp-2024-12-09-a-las-09.57.32_ae7c6e4d-1536x1153.jpg 1536w, https:\/\/atecordoba.org\/wp-content\/uploads\/2024\/12\/Imagen-de-WhatsApp-2024-12-09-a-las-09.57.32_ae7c6e4d-2048x1537.jpg 2048w, https:\/\/atecordoba.org\/wp-content\/uploads\/2024\/12\/Imagen-de-WhatsApp-2024-12-09-a-las-09.57.32_ae7c6e4d-750x563.jpg 750w, https:\/\/atecordoba.org\/wp-content\/uploads\/2024\/12\/Imagen-de-WhatsApp-2024-12-09-a-las-09.57.32_ae7c6e4d-1140x856.jpg 1140w\" sizes=\"auto, (max-width: 621px) 100vw, 621px\" \/><\/p>\n<p>La dirigente garantiz\u00f3 que &#8220;desde ATE, vamos a seguir acompa\u00f1\u00e1ndolos, porque si tocan a uno, tocan a todos y vamos a seguir luchando para que cada despedido vuelva a su puesto de trabajo. Hoy es un d\u00eda triste pero vamos seguir luchando. Se llevaron las cosas personales de los trabajadores de las y los trabajadores, adem\u00e1s del mobiliario. Y lo hacen un domingo, cuando se acercan las fiesta&#8221;.<\/p>\n<p>&#8220;Como dirigentes tenemos la responsabilidad de reconstruir el Estado que quieren destruir y nuestra organizaci\u00f3n va a estar presentes para lo que los compa\u00f1eros necesiten&#8221;, concluy\u00f3 Alcoba.<\/p>\n\n<div data-video-id=\"\" class='wp-block-html5-player-video html5_video_players' class=\"wp-block-html5-player-video\" data-nonce=\"a5429a38ce\" data-attributes=\"{&quot;provider&quot;:&quot;library&quot;,&quot;uniqueId&quot;:&quot;h5vp1&quot;,&quot;source&quot;:&quot;https:\\\/\\\/atecordoba.org\\\/wp-content\\\/uploads\\\/2024\\\/12\\\/Video-de-WhatsApp-2024-12-09-a-las-09.40.30_57382071.mp4&quot;,&quot;poster&quot;:&quot;&quot;,&quot;options&quot;:{&quot;controls&quot;:[&quot;play-large&quot;,&quot;play&quot;,&quot;progress&quot;,&quot;duration&quot;,&quot;current-time&quot;,&quot;mute&quot;,&quot;volume&quot;,&quot;settings&quot;,&quot;fullscreen&quot;],&quot;settings&quot;:[&quot;captions&quot;,&quot;quality&quot;,&quot;speed&quot;,&quot;loop&quot;],&quot;loadSprite&quot;:true,&quot;autoplay&quot;:false,&quot;playsinline&quot;:true,&quot;seekTime&quot;:10,&quot;volume&quot;:1,&quot;muted&quot;:false,&quot;hideControls&quot;:false,&quot;resetOnEnd&quot;:true,&quot;tooltips&quot;:{&quot;controls&quot;:true,&quot;seek&quot;:true},&quot;captions&quot;:{&quot;active&quot;:false,&quot;language&quot;:&quot;auto&quot;,&quot;update&quot;:true},&quot;ratio&quot;:&quot;16:9&quot;,&quot;storage&quot;:{&quot;enabled&quot;:true,&quot;key&quot;:&quot;plyr&quot;},&quot;speed&quot;:{&quot;options&quot;:[&quot;0.5&quot;,&quot; 0.75&quot;,&quot; 1&quot;,&quot; 1.25&quot;,&quot; 1.5&quot;,&quot; 1.75&quot;,&quot; 2&quot;,&quot; 4&quot;]},&quot;loop&quot;:{&quot;active&quot;:false},&quot;ads&quot;:{&quot;enabled&quot;:false,&quot;tagUrl&quot;:&quot;&quot;},&quot;preload&quot;:&quot;metadata&quot;,&quot;markers&quot;:{&quot;enabled&quot;:false,&quot;points&quot;:[]},&quot;urls&quot;:{&quot;enabled&quot;:false}},&quot;features&quot;:{&quot;popup&quot;:{&quot;enabled&quot;:false},&quot;overlay&quot;:{&quot;enabled&quot;:false,&quot;items&quot;:[]},&quot;endScreen&quot;:{&quot;enabled&quot;:false},&quot;thumbInPause&quot;:{&quot;enabled&quot;:false,&quot;type&quot;:&quot;default&quot;},&quot;watermark&quot;:{&quot;enabled&quot;:false,&quot;type&quot;:&quot;email&quot;,&quot;text&quot;:&quot;&quot;,&quot;color&quot;:&quot;#f00&quot;},&quot;passwordProtected&quot;:{&quot;enabled&quot;:false,&quot;password&quot;:null},&quot;sticky&quot;:{&quot;enabled&quot;:false,&quot;position&quot;:&quot;top_right&quot;},&quot;playWhenVisible&quot;:false,&quot;disablePause&quot;:false,&quot;hideYoutubeUI&quot;:false,&quot;startTime&quot;:false,&quot;hideLoadingPlaceholder&quot;:false,&quot;saveState&quot;:false},&quot;hideYoutubeUI&quot;:false,&quot;additionalCSS&quot;:&quot;&quot;,&quot;additionalID&quot;:&quot;&quot;,&quot;autoplayWhenVisible&quot;:false,&quot;styles&quot;:{&quot;plyr_wrapper&quot;:{&quot;width&quot;:&quot;px&quot;,&quot;borderRadius&quot;:&quot;0px&quot;,&quot;overflow&quot;:&quot;hidden&quot;},&quot;.plyr&quot;:{&quot;--plyr-color-main&quot;:&quot;#00b2ff&quot;}},&quot;imported&quot;:false,&quot;onlyLoggedIn&quot;:{&quot;whoCanSeeThisVideo&quot;:&quot;everyone&quot;,&quot;allowedRoles&quot;:[],&quot;message&quot;:&quot;This video is only for registered users. Please login to view the video.&quot;},&quot;seo&quot;:{&quot;title&quot;:&quot;&quot;,&quot;description&quot;:&quot;&quot;,&quot;duration&quot;:&quot;&quot;},&quot;quality&quot;:[],&quot;subtitle&quot;:[{&quot;label&quot;:&quot;English\\\/en&quot;,&quot;caption_file&quot;:&quot;&quot;}],&quot;thumbInPause&quot;:false,&quot;CSS&quot;:&quot;&quot;,&quot;isCDURL&quot;:false,&quot;posterTime&quot;:20,&quot;chapters&quot;:[],&quot;controls&quot;:{&quot;play-large&quot;:true,&quot;restart&quot;:false,&quot;rewind&quot;:false,&quot;play&quot;:true,&quot;fast-forward&quot;:false,&quot;progress&quot;:true,&quot;current-time&quot;:true,&quot;duration&quot;:false,&quot;mute&quot;:true,&quot;volume&quot;:true,&quot;pip&quot;:false,&quot;airplay&quot;:false,&quot;settings&quot;:true,&quot;downlaod&quot;:false,&quot;fullscreen&quot;:true},&quot;brandColor&quot;:&quot;#00B3FF&quot;,&quot;width&quot;:{&quot;deprecated&quot;:true,&quot;number&quot;:100,&quot;unit&quot;:&quot;%&quot;},&quot;radius&quot;:{&quot;number&quot;:0,&quot;unit&quot;:&quot;px&quot;},&quot;repeat&quot;:false,&quot;autoplay&quot;:false,&quot;muted&quot;:false,&quot;sticky&quot;:false,&quot;stickyPosition&quot;:&quot;top-right&quot;,&quot;popup&quot;:false,&quot;popupType&quot;:&quot;button&quot;,&quot;playsinline&quot;:false,&quot;popupBtnStyle&quot;:{&quot;color&quot;:&quot;#fff&quot;,&quot;backgroundColor&quot;:&quot;#006BA1&quot;,&quot;fontSize&quot;:&quot;16px&quot;,&quot;padding&quot;:{&quot;top&quot;:&quot;10px&quot;,&quot;right&quot;:&quot;20px&quot;,&quot;bottom&quot;:&quot;10px&quot;,&quot;left&quot;:&quot;20px&quot;},&quot;align&quot;:&quot;center&quot;},&quot;popupBtnText&quot;:&quot;Watch Video&quot;,&quot;disablePause&quot;:false,&quot;thumbStyle&quot;:&quot;default&quot;,&quot;resetOnEnd&quot;:false,&quot;autoHideControl&quot;:true,&quot;protected&quot;:false,&quot;protectedText&quot;:&quot;Please enter password to wath the video&quot;,&quot;seekTime&quot;:10,&quot;startTime&quot;:0,&quot;preload&quot;:&quot;metadata&quot;,&quot;overlay&quot;:false,&quot;overlayPosition&quot;:&quot;top_right&quot;,&quot;overlayBackground&quot;:&quot;#333&quot;,&quot;overlayOpacity&quot;:0.8,&quot;overlayTextColor&quot;:&quot;#ffffff&quot;,&quot;overlayFontSize&quot;:{&quot;number&quot;:20,&quot;unit&quot;:&quot;px&quot;},&quot;overlayTextHoverColor&quot;:&quot;#ffffff&quot;,&quot;endScreen&quot;:{&quot;enabled&quot;:false,&quot;text&quot;:&quot;Simple Text&quot;,&quot;btnText&quot;:&quot;Watch Again&quot;,&quot;btnLink&quot;:&quot;&quot;,&quot;btnStyle&quot;:[]},&quot;endscreen&quot;:false,&quot;endscreenText&quot;:&quot;Endscreen text&quot;,&quot;endscreenTextLink&quot;:&quot;#&quot;,&quot;streaming&quot;:false,&quot;streamingType&quot;:&quot;hls&quot;,&quot;speed&quot;:{&quot;1&quot;:true,&quot;2&quot;:true,&quot;3&quot;:true,&quot;0.5&quot;:true,&quot;0.75&quot;:true,&quot;1.25&quot;:true,&quot;1.5&quot;:true,&quot;1.75&quot;:true,&quot;2.5&quot;:true},&quot;captionEnabled&quot;:false,&quot;saveState&quot;:false}\" style=\"aspect-ratio:16\/9\">\n    <div class=\"preload_poster\" style=\"overflow:hidden;aspect-ratio:16:9;\">\n        <svg width=\"36px\" height=\"36px\" viewBox=\"0 0 15 15\" fill=\"none\" xmlns=\"http:\/\/www.w3.org\/2000\/svg\">\n            <path d=\"M4.79062 2.09314C4.63821 1.98427 4.43774 1.96972 4.27121 2.05542C4.10467 2.14112 4 2.31271 4 2.5V12.5C4 12.6873 4.10467 12.8589 4.27121 12.9446C4.43774 13.0303 4.63821 13.0157 4.79062 12.9069L11.7906 7.90687C11.922 7.81301 12 7.66148 12 7.5C12 7.33853 11.922 7.18699 11.7906 7.09314L4.79062 2.09314Z\" fill=\"#fff\" \/>\n        <\/svg>\n    <\/div>\n<\/div>\n\n\n<p>&nbsp;<\/p>\n","protected":false},"excerpt":{"rendered":"<p>El vaciamiento del ex Ministerio de Desarrollo Social de la Naci\u00f3n, y el abandono de las pol\u00edticas de asistencia a los sectores vulnerables, tuvo su cara en C\u00f3rdoba este fin de semana, cuando personal de la cartera de dirige ahora Sandra Petovello realiz\u00f3 ayer la desocupaci\u00f3n de la sede del Centro de Referencia de bv [&hellip;]<\/p>\n","protected":false},"author":7,"featured_media":46865,"comment_status":"open","ping_status":"open","sticky":false,"template":"","format":"standard","meta":{"_exactmetrics_skip_tracking":false,"_exactmetrics_sitenote_active":false,"_exactmetrics_sitenote_note":"","_exactmetrics_sitenote_category":0,"jnews-multi-image_gallery":[],"jnews_single_post":{"format":"standard","override":[{"template":"1","parallax":"1","fullscreen":"1","layout":"no-sidebar-narrow","sidebar":"default-sidebar","second_sidebar":"default-sidebar","sticky_sidebar":"1","share_position":"bottom","share_float_style":"share-monocrhome","show_share_counter":"1","show_view_counter":"1","show_post_meta":"1","show_post_author_image":"1","show_post_date":"1","post_date_format":"default","post_date_format_custom":"Y\/m\/d","show_post_category":"1","show_post_reading_time":"0","post_reading_time_wpm":"300","post_calculate_word_method":"str_word_count","show_zoom_button":"0","zoom_button_out_step":"2","zoom_button_in_step":"3","show_post_tag":"1","number_popup_post":"1","show_post_related":"1","show_inline_post_related":"0"}],"image_override":[{"single_post_thumbnail_size":"crop-500","single_post_gallery_size":"crop-500"}],"trending_post_position":"meta","trending_post_label":"Trending","sponsored_post_label":"Sponsored by","disable_ad":"0"},"jnews_primary_category":[],"jnews_social_meta":[],"jnews_review":[],"enable_review":"","type":"percentage","name":"","summary":"","brand":"","sku":"","good":[],"bad":[],"score_override":"","override_value":"","rating":[],"price":[],"jnews_override_counter":{"view_counter_number":"0","share_counter_number":"0","like_counter_number":"0","dislike_counter_number":"0"},"jnews_post_split":{"post_split":[{"template":"1","tag":"h2","numbering":"asc","mode":"normal","first":"0","enable_toc":"0","toc_type":"normal"}]},"footnotes":""},"categories":[18],"tags":[1437,1435,1160,1436],"class_list":["post-46864","post","type-post","status-publish","format-standard","has-post-thumbnail","hentry","category-nacionales","tag-auh","tag-centro-de-referencia","tag-cordoba-2","tag-ministerio-de-desarrollo-social"],"jetpack_featured_media_url":"https:\/\/atecordoba.org\/wp-content\/uploads\/2024\/12\/Imagen-de-WhatsApp-2024-12-09-a-las-09.40.35_d4969f56-scaled-e1733754593273.jpg","_links":{"self":[{"href":"https:\/\/atecordoba.org\/index.php?rest_route=\/wp\/v2\/posts\/46864","targetHints":{"allow":["GET"]}}],"collection":[{"href":"https:\/\/atecordoba.org\/index.php?rest_route=\/wp\/v2\/posts"}],"about":[{"href":"https:\/\/atecordoba.org\/index.php?rest_route=\/wp\/v2\/types\/post"}],"author":[{"embeddable":true,"href":"https:\/\/atecordoba.org\/index.php?rest_route=\/wp\/v2\/users\/7"}],"replies":[{"embeddable":true,"href":"https:\/\/atecordoba.org\/index.php?rest_route=%2Fwp%2Fv2%2Fcomments&post=46864"}],"version-history":[{"count":4,"href":"https:\/\/atecordoba.org\/index.php?rest_route=\/wp\/v2\/posts\/46864\/revisions"}],"predecessor-version":[{"id":46873,"href":"https:\/\/atecordoba.org\/index.php?rest_route=\/wp\/v2\/posts\/46864\/revisions\/46873"}],"wp:featuredmedia":[{"embeddable":true,"href":"https:\/\/atecordoba.org\/index.php?rest_route=\/wp\/v2\/media\/46865"}],"wp:attachment":[{"href":"https:\/\/atecordoba.org\/index.php?rest_route=%2Fwp%2Fv2%2Fmedia&parent=46864"}],"wp:term":[{"taxonomy":"category","embeddable":true,"href":"https:\/\/atecordoba.org\/index.php?rest_route=%2Fwp%2Fv2%2Fcategories&post=46864"},{"taxonomy":"post_tag","embeddable":true,"href":"https:\/\/atecordoba.org\/index.php?rest_route=%2Fwp%2Fv2%2Ftags&post=46864"}],"curies":[{"name":"wp","href":"https:\/\/api.w.org\/{rel}","templated":true}]}}