{"id":46860,"date":"2024-12-09T10:05:03","date_gmt":"2024-12-09T13:05:03","guid":{"rendered":"https:\/\/atecordoba.org\/?p=46860"},"modified":"2024-12-09T10:05:03","modified_gmt":"2024-12-09T13:05:03","slug":"ate-exige-la-renovacion-automatica-y-anual-de-todos-los-contratos-que-vencen-el-31-y-protesta-el-miercoles-11","status":"publish","type":"post","link":"https:\/\/atecordoba.org\/?p=46860","title":{"rendered":"ATE exige la renovaci\u00f3n autom\u00e1tica y anual de todos los contratos que vencen el 31 y protesta el mi\u00e9rcoles 11"},"content":{"rendered":"<p><img loading=\"lazy\" decoding=\"async\" class=\"aligncenter wp-image-46861 \" src=\"https:\/\/atecordoba.org\/wp-content\/uploads\/2024\/12\/aguiar-contratos-1024x682.jpg\" alt=\"\" width=\"618\" height=\"412\" \/>La conducci\u00f3n nacional de ATE exigi\u00f3 la renovaci\u00f3n autom\u00e1tica y anual de los casi 50 mil contratos que vencen el 31 de diciembre en la Administraci\u00f3n P\u00fablica Nacional centralizada y descentralizada. En este marco, lanz\u00f3 una nueva Jornada de Lucha para el mi\u00e9rcoles 11 del corriente.<\/p>\n<p>\u201cEl fraude laboral del Gobierno en el Estado es gigantesco. Se le tiene que empezar a poner fin a la alarmante precarizaci\u00f3n renovando de manera autom\u00e1tica todos los v\u00ednculos contractuales que vencen a fin de a\u00f1o hasta su definitiva incorporaci\u00f3n en la planta permanente\u201d, se\u00f1al\u00f3 Rodolfo Aguiar, secretario General de ATE Nacional.<\/p>\n<p>El dirigente resalt\u00f3 la abrumante situaci\u00f3n de los agentes con amplia trayectoria en el sector p\u00fablico, cuyos puestos de trabajo est\u00e1n en juego cada tres meses desde que comenz\u00f3 el a\u00f1o: \u201cLas firmas de contratos trimestrales que se impusieron desde que asumi\u00f3 esta gesti\u00f3n no s\u00f3lo generan malestar e incertidumbre en los trabajadores, sino que resienten en cantidad y calidad los servicios que brinda el Estado\u201d.<\/p>\n<p>Aguiar tambi\u00e9n carg\u00f3 contra las irregularidades planteadas en los ex\u00e1menes que pretenden tomar a los estatales y denunci\u00f3 que \u201cel sistema de evaluaci\u00f3n que ilegalmente pretende implementar el Gobierno bajo ning\u00fan punto de vista puede condicionar la continuidad de los v\u00ednculos laborales. Rechazamos cualquier posibilidad que se vulnere el derecho a la estabilidad\u201d.<\/p>\n<p>Cabe destacar que la Resoluci\u00f3n 26\/24 del Ministerio de Desregulaci\u00f3n y Transformaci\u00f3n del Estado se\u00f1ala que estas evaluaciones no son vinculantes y que, por lo tanto, quienes aprueben no tienen garantizada su continuidad laboral.<\/p>\n<p>\u201cAl congelamiento salarial en la Administraci\u00f3n P\u00fablica, se le sumaron en las \u00faltimas horas nuevos despidos en organismos como el PAMI. Esta semana tenemos que multiplicar las protestas en todo el pa\u00eds\u201d, concluy\u00f3 Rodolfo Aguiar.<\/p>\n","protected":false},"excerpt":{"rendered":"<p>La conducci\u00f3n nacional de ATE exigi\u00f3 la renovaci\u00f3n autom\u00e1tica y anual de los casi 50 mil contratos que vencen el 31 de diciembre en la Administraci\u00f3n P\u00fablica Nacional centralizada y descentralizada. En este marco, lanz\u00f3 una nueva Jornada de Lucha para el mi\u00e9rcoles 11 del corriente. \u201cEl fraude laboral del Gobierno en el Estado es [&hellip;]<\/p>\n","protected":false},"author":7,"featured_media":46861,"comment_status":"open","ping_status":"open","sticky":false,"template":"","format":"standard","meta":{"_exactmetrics_skip_tracking":false,"_exactmetrics_sitenote_active":false,"_exactmetrics_sitenote_note":"","_exactmetrics_sitenote_category":0,"jnews-multi-image_gallery":[],"jnews_single_post":{"format":"standard","override":[{"template":"1","parallax":"1","fullscreen":"1","layout":"no-sidebar-narrow","sidebar":"default-sidebar","second_sidebar":"default-sidebar","sticky_sidebar":"1","share_position":"bottom","share_float_style":"share-monocrhome","show_share_counter":"1","show_view_counter":"1","show_post_meta":"1","show_post_author_image":"1","show_post_date":"1","post_date_format":"default","post_date_format_custom":"Y\/m\/d","show_post_category":"1","show_post_reading_time":"0","post_reading_time_wpm":"300","post_calculate_word_method":"str_word_count","show_zoom_button":"0","zoom_button_out_step":"2","zoom_button_in_step":"3","show_post_tag":"1","number_popup_post":"1","show_post_related":"1","show_inline_post_related":"0"}],"image_override":[{"single_post_thumbnail_size":"crop-500","single_post_gallery_size":"crop-500"}],"trending_post_position":"meta","trending_post_label":"Trending","sponsored_post_label":"Sponsored by","disable_ad":"0"},"jnews_primary_category":[],"jnews_social_meta":[],"jnews_review":[],"enable_review":"","type":"percentage","name":"","summary":"","brand":"","sku":"","good":[],"bad":[],"score_override":"","override_value":"","rating":[],"price":[],"jnews_override_counter":{"view_counter_number":"0","share_counter_number":"0","like_counter_number":"0","dislike_counter_number":"0"},"jnews_post_split":{"post_split":[{"template":"1","tag":"h2","numbering":"asc","mode":"normal","first":"0","enable_toc":"0","toc_type":"normal"}]},"footnotes":""},"categories":[18],"tags":[26,395,1433,1422,1434],"class_list":["post-46860","post","type-post","status-publish","format-standard","has-post-thumbnail","hentry","category-nacionales","tag-ate","tag-ate-cordoba","tag-contratos-en-el-estado","tag-evaluacion","tag-renovacion"],"jetpack_featured_media_url":"https:\/\/atecordoba.org\/wp-content\/uploads\/2024\/12\/aguiar-contratos-e1733749495927.jpg","_links":{"self":[{"href":"https:\/\/atecordoba.org\/index.php?rest_route=\/wp\/v2\/posts\/46860","targetHints":{"allow":["GET"]}}],"collection":[{"href":"https:\/\/atecordoba.org\/index.php?rest_route=\/wp\/v2\/posts"}],"about":[{"href":"https:\/\/atecordoba.org\/index.php?rest_route=\/wp\/v2\/types\/post"}],"author":[{"embeddable":true,"href":"https:\/\/atecordoba.org\/index.php?rest_route=\/wp\/v2\/users\/7"}],"replies":[{"embeddable":true,"href":"https:\/\/atecordoba.org\/index.php?rest_route=%2Fwp%2Fv2%2Fcomments&post=46860"}],"version-history":[{"count":1,"href":"https:\/\/atecordoba.org\/index.php?rest_route=\/wp\/v2\/posts\/46860\/revisions"}],"predecessor-version":[{"id":46862,"href":"https:\/\/atecordoba.org\/index.php?rest_route=\/wp\/v2\/posts\/46860\/revisions\/46862"}],"wp:featuredmedia":[{"embeddable":true,"href":"https:\/\/atecordoba.org\/index.php?rest_route=\/wp\/v2\/media\/46861"}],"wp:attachment":[{"href":"https:\/\/atecordoba.org\/index.php?rest_route=%2Fwp%2Fv2%2Fmedia&parent=46860"}],"wp:term":[{"taxonomy":"category","embeddable":true,"href":"https:\/\/atecordoba.org\/index.php?rest_route=%2Fwp%2Fv2%2Fcategories&post=46860"},{"taxonomy":"post_tag","embeddable":true,"href":"https:\/\/atecordoba.org\/index.php?rest_route=%2Fwp%2Fv2%2Ftags&post=46860"}],"curies":[{"name":"wp","href":"https:\/\/api.w.org\/{rel}","templated":true}]}}