{"id":46855,"date":"2024-12-06T14:48:31","date_gmt":"2024-12-06T17:48:31","guid":{"rendered":"https:\/\/atecordoba.org\/?p=46855"},"modified":"2024-12-06T14:49:34","modified_gmt":"2024-12-06T17:49:34","slug":"ministerio-de-desarrollo-social-de-la-nacion-estado-de-alerta-y-conferencia-de-prensa-frente-al-cierre-de-las-oficinas-en-cordoba","status":"publish","type":"post","link":"https:\/\/atecordoba.org\/?p=46855","title":{"rendered":"Ministerio de Desarrollo Social de la Naci\u00f3n: estado de alerta y conferencia de prensa ante el cierre de las oficinas en C\u00f3rdoba"},"content":{"rendered":"<p><img loading=\"lazy\" decoding=\"async\" class=\"aligncenter wp-image-46857 \" src=\"https:\/\/atecordoba.org\/wp-content\/uploads\/2024\/12\/flyer-cierre-cdr-1024x1024.jpg\" alt=\"\" width=\"606\" height=\"606\" srcset=\"https:\/\/atecordoba.org\/wp-content\/uploads\/2024\/12\/flyer-cierre-cdr-1024x1024.jpg 1024w, https:\/\/atecordoba.org\/wp-content\/uploads\/2024\/12\/flyer-cierre-cdr-300x300.jpg 300w, https:\/\/atecordoba.org\/wp-content\/uploads\/2024\/12\/flyer-cierre-cdr-150x150.jpg 150w, https:\/\/atecordoba.org\/wp-content\/uploads\/2024\/12\/flyer-cierre-cdr-768x768.jpg 768w, https:\/\/atecordoba.org\/wp-content\/uploads\/2024\/12\/flyer-cierre-cdr-560x560.jpg 560w, https:\/\/atecordoba.org\/wp-content\/uploads\/2024\/12\/flyer-cierre-cdr-75x75.jpg 75w, https:\/\/atecordoba.org\/wp-content\/uploads\/2024\/12\/flyer-cierre-cdr-350x350.jpg 350w, https:\/\/atecordoba.org\/wp-content\/uploads\/2024\/12\/flyer-cierre-cdr-750x750.jpg 750w, https:\/\/atecordoba.org\/wp-content\/uploads\/2024\/12\/flyer-cierre-cdr.jpg 1080w\" sizes=\"auto, (max-width: 606px) 100vw, 606px\" \/><\/p>\n<p>Frente al inminente cierre, traslado de mobiliario y vaciamiento de las oficinas del ex Ministerio de Desarrollo Social de la Naci\u00f3n, ATE se declara en estado de alerta. &#8220;Sin pol\u00edticas p\u00fablicas no hay justicia social&#8221;, alert\u00f3 el Consejo Directivo Provincial (CDP).<\/p>\n<p>En el lugar funcionan la SENAF Nacional y el Centro de Referencia, entre otras dependencias.<\/p>\n<p>Desde el sector advirtieron que frene al ajuste de Milei &#8220;seguiremos organizados y en pie de lucha para defender los derechos de las y los trabajadores, y garantizar la presencia del Estado en los sectores m\u00e1s vulnerables&#8221;.<\/p>\n<p>En ese marco, el CDP convoca a una conferencia de prensa, frente a las oficinas del organismo, Bv Chacabuco 329.<\/p>\n<p>&nbsp;<\/p>\n","protected":false},"excerpt":{"rendered":"<p>Frente al inminente cierre, traslado de mobiliario y vaciamiento de las oficinas del ex Ministerio de Desarrollo Social de la Naci\u00f3n, ATE se declara en estado de alerta. &#8220;Sin pol\u00edticas p\u00fablicas no hay justicia social&#8221;, alert\u00f3 el Consejo Directivo Provincial (CDP). En el lugar funcionan la SENAF Nacional y el Centro de Referencia, entre otras [&hellip;]<\/p>\n","protected":false},"author":7,"featured_media":46856,"comment_status":"open","ping_status":"open","sticky":false,"template":"","format":"standard","meta":{"_exactmetrics_skip_tracking":false,"_exactmetrics_sitenote_active":false,"_exactmetrics_sitenote_note":"","_exactmetrics_sitenote_category":0,"jnews-multi-image_gallery":[],"jnews_single_post":{"format":"standard","override":[{"template":"1","parallax":"1","fullscreen":"1","layout":"no-sidebar-narrow","sidebar":"default-sidebar","second_sidebar":"default-sidebar","sticky_sidebar":"1","share_position":"bottom","share_float_style":"share-monocrhome","show_share_counter":"1","show_view_counter":"1","show_post_meta":"1","show_post_author_image":"1","show_post_date":"1","post_date_format":"default","post_date_format_custom":"Y\/m\/d","show_post_category":"1","show_post_reading_time":"0","post_reading_time_wpm":"300","post_calculate_word_method":"str_word_count","show_zoom_button":"0","zoom_button_out_step":"2","zoom_button_in_step":"3","show_post_tag":"1","number_popup_post":"1","show_post_related":"1","show_inline_post_related":"0"}],"image_override":[{"single_post_thumbnail_size":"crop-500","single_post_gallery_size":"crop-500"}],"trending_post_position":"meta","trending_post_label":"Trending","sponsored_post_label":"Sponsored by","disable_ad":"0"},"jnews_primary_category":[],"jnews_social_meta":[],"jnews_review":[],"enable_review":"","type":"percentage","name":"","summary":"","brand":"","sku":"","good":[],"bad":[],"score_override":"","override_value":"","rating":[],"price":[],"jnews_override_counter":{"view_counter_number":"0","share_counter_number":"0","like_counter_number":"0","dislike_counter_number":"0"},"jnews_post_split":{"post_split":[{"template":"1","tag":"h2","numbering":"asc","mode":"normal","first":"0","enable_toc":"0","toc_type":"normal"}]},"footnotes":""},"categories":[18],"tags":[],"class_list":["post-46855","post","type-post","status-publish","format-standard","has-post-thumbnail","hentry","category-nacionales"],"jetpack_featured_media_url":"https:\/\/atecordoba.org\/wp-content\/uploads\/2024\/12\/CDR.jpg","_links":{"self":[{"href":"https:\/\/atecordoba.org\/index.php?rest_route=\/wp\/v2\/posts\/46855","targetHints":{"allow":["GET"]}}],"collection":[{"href":"https:\/\/atecordoba.org\/index.php?rest_route=\/wp\/v2\/posts"}],"about":[{"href":"https:\/\/atecordoba.org\/index.php?rest_route=\/wp\/v2\/types\/post"}],"author":[{"embeddable":true,"href":"https:\/\/atecordoba.org\/index.php?rest_route=\/wp\/v2\/users\/7"}],"replies":[{"embeddable":true,"href":"https:\/\/atecordoba.org\/index.php?rest_route=%2Fwp%2Fv2%2Fcomments&post=46855"}],"version-history":[{"count":2,"href":"https:\/\/atecordoba.org\/index.php?rest_route=\/wp\/v2\/posts\/46855\/revisions"}],"predecessor-version":[{"id":46859,"href":"https:\/\/atecordoba.org\/index.php?rest_route=\/wp\/v2\/posts\/46855\/revisions\/46859"}],"wp:featuredmedia":[{"embeddable":true,"href":"https:\/\/atecordoba.org\/index.php?rest_route=\/wp\/v2\/media\/46856"}],"wp:attachment":[{"href":"https:\/\/atecordoba.org\/index.php?rest_route=%2Fwp%2Fv2%2Fmedia&parent=46855"}],"wp:term":[{"taxonomy":"category","embeddable":true,"href":"https:\/\/atecordoba.org\/index.php?rest_route=%2Fwp%2Fv2%2Fcategories&post=46855"},{"taxonomy":"post_tag","embeddable":true,"href":"https:\/\/atecordoba.org\/index.php?rest_route=%2Fwp%2Fv2%2Ftags&post=46855"}],"curies":[{"name":"wp","href":"https:\/\/api.w.org\/{rel}","templated":true}]}}