{"id":4685,"date":"2014-11-05T15:56:55","date_gmt":"2014-11-05T18:56:55","guid":{"rendered":"http:\/\/www.atecordoba.org\/?p=4685"},"modified":"2014-11-05T15:56:55","modified_gmt":"2014-11-05T18:56:55","slug":"plenario-de-delegados-reafirmo-el-plan-de-lucha-en-los-hospitales-provinciales","status":"publish","type":"post","link":"https:\/\/atecordoba.org\/?p=4685","title":{"rendered":"Plenario de delegados reafirm\u00f3 el plan de lucha en los hospitales provinciales"},"content":{"rendered":"<p><em>Con la presencia de representantes de 11 hospitales provinciales, los delegados ratificaron el rechazo al bono por \u00fanica vez del gobierno y se comprometieron a trabajar en la organizaci\u00f3n del paro nacional del 20 de noviembre que realizar\u00e1 la CTA en todo el pa\u00eds. Reclamaron nuevamente la reapertura de paritarias. <\/em><\/p>\n<p><a href=\"http:\/\/www.atecordoba.org\/wp-content\/uploads\/2014\/10\/polo-sanitario-28-10.jpg\"><img loading=\"lazy\" decoding=\"async\" class=\"aligncenter size-full wp-image-4660\" src=\"http:\/\/www.atecordoba.org\/wp-content\/uploads\/2014\/10\/polo-sanitario-28-10.jpg\" alt=\"polo sanitario 28-10\" width=\"520\" height=\"390\" \/><\/a><\/p>\n<p>El plenario se llev\u00f3 a cabo hoy desde las 9 horas en la sede de ATE y estuvieron presentes representantes de los centros de salud: Transito, Neonatal, Neuropsiqui\u00e1trico, Misericordia, Santa Mar\u00eda de Punilla, Rawson, C\u00f3rdoba, Pedi\u00e1trico, San Roque, Hospital de Ni\u00f1os y Maternidad Provincial, junto a delegados de la Senaf y Desarrollo Social de la provincia.<\/p>\n<p>En sus resoluciones, el plenario de delegados rechaz\u00f3 una vez m\u00e1s el bono por \u00fanica vez que el gobierno provincial pagar\u00e1 este mes, por insuficiente en relaci\u00f3n a la p\u00e9rdida del poder adquisitivo que produce la escalada inflacionaria, al tiempo que volvi\u00f3 a reclamar al gobierno provincial la reapertura de paritarias, compromiso que el gobernador De la Sota hab\u00eda asumido en febrero pasado, si la inflaci\u00f3n superaba la pauta salarial anual, y que aun no ha cumplido.<\/p>\n<p>El gobierno tampoco convoc\u00f3 a ATE a discutir la situaci\u00f3n salarial, a pesar del presunto esp\u00edritu dialoguista que tendr\u00eda la actual administraci\u00f3n, contradiciendo en los hechos el discurso oficial.<\/p>\n<p>A su vez, el plenario reafirm\u00f3 la convocatoria para el paro del 20 de noviembre que realizar\u00e1 la CTA en todo el pa\u00eds. Previamente, el 12 del corriente se llevar\u00e1 a cabo un plenario general, con delegados nacionales, provinciales y municipales, donde se resolver\u00e1 la modalidad de la medida de fuerza.<\/p>\n<p>Los delegados cerraron el plenario con el mandato expreso de la comisi\u00f3n directiva que el estado de alerta y movilizaci\u00f3n sigue en pie en aras de lograr la reapertura de paritarias, concluyendo que los acontecimientos sucedidos la semana, de p\u00fablico conocimiento, no cambian el eje de los objetivos originales de la lucha de los trabajadores para obtener salarios dignos y mejoras en las condiciones de trabajo.<\/p>\n<p>En tal sentido, para ma\u00f1ana est\u00e1 previsto que los trabajadores de la manzana psiqui\u00e1trica realizar\u00e1n una asamblea a partir de las 10 horas, en tanto la Maternidad provincial llevar\u00e1 a cabo su asamblea de 9 a 11 horas. En ambos casos, la medida de fuerza resentir\u00e1 la atenci\u00f3n de los pacientes. Como ATE informa habitualmente, s\u00f3lo se atender\u00e1n los casos de urgencia.<\/p>\n<p>&nbsp;<\/p>\n","protected":false},"excerpt":{"rendered":"<p>Con la presencia de representantes de 11 hospitales provinciales, los delegados ratificaron el rechazo al bono por \u00fanica vez del gobierno y se comprometieron a trabajar en la organizaci\u00f3n del paro nacional del 20 de noviembre que realizar\u00e1 la CTA en todo el pa\u00eds. Reclamaron nuevamente la reapertura de paritarias. El plenario se llev\u00f3 a [&hellip;]<\/p>\n","protected":false},"author":1,"featured_media":19220,"comment_status":"open","ping_status":"open","sticky":false,"template":"","format":"standard","meta":{"_exactmetrics_skip_tracking":false,"_exactmetrics_sitenote_active":false,"_exactmetrics_sitenote_note":"","_exactmetrics_sitenote_category":0,"jnews-multi-image_gallery":[],"jnews_single_post":[],"jnews_primary_category":[],"jnews_social_meta":[],"jnews_review":[],"enable_review":"","type":"","name":"","summary":"","brand":"","sku":"","good":[],"bad":[],"score_override":"","override_value":"","rating":[],"price":[],"jnews_override_counter":[],"jnews_post_split":[],"footnotes":""},"categories":[7,8],"tags":[],"class_list":["post-4685","post","type-post","status-publish","format-standard","has-post-thumbnail","hentry","category-hospitales","category-provinciales"],"jetpack_featured_media_url":"https:\/\/atecordoba.org\/wp-content\/uploads\/2020\/05\/logo-nuevochico-e1561581322808.png","_links":{"self":[{"href":"https:\/\/atecordoba.org\/index.php?rest_route=\/wp\/v2\/posts\/4685","targetHints":{"allow":["GET"]}}],"collection":[{"href":"https:\/\/atecordoba.org\/index.php?rest_route=\/wp\/v2\/posts"}],"about":[{"href":"https:\/\/atecordoba.org\/index.php?rest_route=\/wp\/v2\/types\/post"}],"author":[{"embeddable":true,"href":"https:\/\/atecordoba.org\/index.php?rest_route=\/wp\/v2\/users\/1"}],"replies":[{"embeddable":true,"href":"https:\/\/atecordoba.org\/index.php?rest_route=%2Fwp%2Fv2%2Fcomments&post=4685"}],"version-history":[{"count":0,"href":"https:\/\/atecordoba.org\/index.php?rest_route=\/wp\/v2\/posts\/4685\/revisions"}],"wp:featuredmedia":[{"embeddable":true,"href":"https:\/\/atecordoba.org\/index.php?rest_route=\/wp\/v2\/media\/19220"}],"wp:attachment":[{"href":"https:\/\/atecordoba.org\/index.php?rest_route=%2Fwp%2Fv2%2Fmedia&parent=4685"}],"wp:term":[{"taxonomy":"category","embeddable":true,"href":"https:\/\/atecordoba.org\/index.php?rest_route=%2Fwp%2Fv2%2Fcategories&post=4685"},{"taxonomy":"post_tag","embeddable":true,"href":"https:\/\/atecordoba.org\/index.php?rest_route=%2Fwp%2Fv2%2Ftags&post=4685"}],"curies":[{"name":"wp","href":"https:\/\/api.w.org\/{rel}","templated":true}]}}