{"id":46847,"date":"2024-12-06T14:31:27","date_gmt":"2024-12-06T17:31:27","guid":{"rendered":"https:\/\/atecordoba.org\/?p=46847"},"modified":"2024-12-06T14:32:31","modified_gmt":"2024-12-06T17:32:31","slug":"delegaciones-de-ate-conae-y-cnea-expusieron-en-el-congreso-el-ajuste-y-vaciamiento-que-impone-el-gobierno-de-milei-a-los-organismos-cientificos","status":"publish","type":"post","link":"https:\/\/atecordoba.org\/?p=46847","title":{"rendered":"Delegaciones de ATE CONAE y CNEA relataron en el Congreso el ajuste y vaciamiento que impone el gobierno de Milei a los organismos cient\u00edficos"},"content":{"rendered":"<p><img loading=\"lazy\" decoding=\"async\" class=\"aligncenter wp-image-46848 \" src=\"https:\/\/atecordoba.org\/wp-content\/uploads\/2024\/12\/GeHihkPXcAAlUer-1024x768.jpeg\" alt=\"\" width=\"631\" height=\"474\" \/>En la jornada de ayer una comitiva de representantes de ATE de la Comisi\u00f3n Nacional de Actividades Espaciales y de la Comisi\u00f3n Nacional de Energ\u00eda At\u00f3mica expusieron ante un nutrido grupo de diputados nacionales del peronismo las grav\u00edsimas consecuencias, para la continuidad de ambos organismos, que est\u00e1 significando el ajuste y vaciamiento que impone el gobierno de Javier Milei al complejo cient\u00edfico-t\u00e9cnico estatal argentino.<\/p>\n<p>&nbsp;<\/p>\n<p>Las representaciones sindicales compuestas por trabajadores y trabajadoras especializados y formados en el \u00e1rea cient\u00edfica fueron recibidas por legisladores de Uni\u00f3n por la Patria, entre los que se encontraban el presidente del bloque, Germ\u00e1n Mart\u00ednez, y la economista Julia Strada.<\/p>\n<p><img loading=\"lazy\" decoding=\"async\" class=\"aligncenter wp-image-46849 \" src=\"https:\/\/atecordoba.org\/wp-content\/uploads\/2024\/12\/GeHiRadX0AA-FD_-1024x682.jpeg\" alt=\"\" width=\"629\" height=\"419\" srcset=\"https:\/\/atecordoba.org\/wp-content\/uploads\/2024\/12\/GeHiRadX0AA-FD_-1024x682.jpeg 1024w, https:\/\/atecordoba.org\/wp-content\/uploads\/2024\/12\/GeHiRadX0AA-FD_-300x200.jpeg 300w, https:\/\/atecordoba.org\/wp-content\/uploads\/2024\/12\/GeHiRadX0AA-FD_-768x512.jpeg 768w, https:\/\/atecordoba.org\/wp-content\/uploads\/2024\/12\/GeHiRadX0AA-FD_-1536x1023.jpeg 1536w, https:\/\/atecordoba.org\/wp-content\/uploads\/2024\/12\/GeHiRadX0AA-FD_-750x500.jpeg 750w, https:\/\/atecordoba.org\/wp-content\/uploads\/2024\/12\/GeHiRadX0AA-FD_-1140x760.jpeg 1140w, https:\/\/atecordoba.org\/wp-content\/uploads\/2024\/12\/GeHiRadX0AA-FD_.jpeg 1600w\" sizes=\"auto, (max-width: 629px) 100vw, 629px\" \/><\/p>\n<p>Las y los compa\u00f1eros describieron problemas relacionados con la cuesti\u00f3n salarial, la ausencia de un plan de carrera en los organismos, el presupuesto exiguo, proyectos abandonados y lo que com\u00fanmente se conoce como &#8220;fuga de cerebros&#8221;.<\/p>\n<p>&#8220;La situaci\u00f3n es preocupante en lo inmediato, ya que nos encontramos al l\u00edmite del funcionamiento b\u00e1sico&#8221;, apuntaron desde ATE.<\/p>\n<p>Esto se debe a que &#8220;en el largo y mediano plazo, la p\u00e9rdida de capacidades humanas, debido a la salida constante de trabajadores especializados y la falta de inversi\u00f3n en infraestructura, est\u00e1 contribuyendo de manera acelerada a la p\u00e9rdida de un capital \u00fanico en la regi\u00f3n. Este capital es el que permiti\u00f3 a la Argentina estar a la vanguardia de desarrollos tecnol\u00f3gicos que nos ubicaron dentro de un grupo de peque\u00f1o de pa\u00edses, principalmente &#8220;pa\u00edses desarrollados&#8221;, con capacidades similares&#8221;.<\/p>\n<p><img loading=\"lazy\" decoding=\"async\" class=\"aligncenter wp-image-46850 \" src=\"https:\/\/atecordoba.org\/wp-content\/uploads\/2024\/12\/GeHiTWnWoAAhKCC-1024x682.jpeg\" alt=\"\" width=\"620\" height=\"413\" srcset=\"https:\/\/atecordoba.org\/wp-content\/uploads\/2024\/12\/GeHiTWnWoAAhKCC-1024x682.jpeg 1024w, https:\/\/atecordoba.org\/wp-content\/uploads\/2024\/12\/GeHiTWnWoAAhKCC-300x200.jpeg 300w, https:\/\/atecordoba.org\/wp-content\/uploads\/2024\/12\/GeHiTWnWoAAhKCC-768x512.jpeg 768w, https:\/\/atecordoba.org\/wp-content\/uploads\/2024\/12\/GeHiTWnWoAAhKCC-1536x1023.jpeg 1536w, https:\/\/atecordoba.org\/wp-content\/uploads\/2024\/12\/GeHiTWnWoAAhKCC-750x500.jpeg 750w, https:\/\/atecordoba.org\/wp-content\/uploads\/2024\/12\/GeHiTWnWoAAhKCC-1140x760.jpeg 1140w, https:\/\/atecordoba.org\/wp-content\/uploads\/2024\/12\/GeHiTWnWoAAhKCC.jpeg 1600w\" sizes=\"auto, (max-width: 620px) 100vw, 620px\" \/><\/p>\n<p>Al igual que en otros lugares del planeta, esto fue el resultado de a\u00f1os y a\u00f1os de inversi\u00f3n en ciencia y tecnolog\u00eda en pos de un desarrollo aut\u00f3nomo, que permita a nuestro pa\u00eds crecer y ofrecer un mejor presente y futuro a sus habitantes.<\/p>\n<p>&#8220;En estos meses de gobierno de LLA el da\u00f1o generado fue y es enorme, pero todav\u00eda estamos a tiempo de recuperarlo.\u00a0Para eso es urgente garantizar el presupuesto que necesitan los organismos para funcionar y llevar adelante sus proyectos, y mejorar los ingresos de los trabajadores del sector, que han sido de los m\u00e1s castigados&#8221;, concluy\u00f3 la representaci\u00f3n gremial.<\/p>\n<p><img loading=\"lazy\" decoding=\"async\" class=\"aligncenter wp-image-46851 \" src=\"https:\/\/atecordoba.org\/wp-content\/uploads\/2024\/12\/GeHiZkYXYAARBOo-1024x682.jpeg\" alt=\"\" width=\"626\" height=\"417\" srcset=\"https:\/\/atecordoba.org\/wp-content\/uploads\/2024\/12\/GeHiZkYXYAARBOo-1024x682.jpeg 1024w, https:\/\/atecordoba.org\/wp-content\/uploads\/2024\/12\/GeHiZkYXYAARBOo-300x200.jpeg 300w, https:\/\/atecordoba.org\/wp-content\/uploads\/2024\/12\/GeHiZkYXYAARBOo-768x512.jpeg 768w, https:\/\/atecordoba.org\/wp-content\/uploads\/2024\/12\/GeHiZkYXYAARBOo-1536x1023.jpeg 1536w, https:\/\/atecordoba.org\/wp-content\/uploads\/2024\/12\/GeHiZkYXYAARBOo-750x500.jpeg 750w, https:\/\/atecordoba.org\/wp-content\/uploads\/2024\/12\/GeHiZkYXYAARBOo-1140x760.jpeg 1140w, https:\/\/atecordoba.org\/wp-content\/uploads\/2024\/12\/GeHiZkYXYAARBOo.jpeg 1600w\" sizes=\"auto, (max-width: 626px) 100vw, 626px\" \/><\/p>\n<p>Por su parte, la diputada Strada se pregunt\u00f3 &#8220;\u00bfqu\u00e9 pa\u00eds pretendemos construir si lo m\u00e1s valioso y estrat\u00e9gico lo rompemos?&#8221;.<\/p>\n<p>Y afirm\u00f3 que &#8220;Milei est\u00e1 destruyendo el sector at\u00f3mico y espacial en Argentina: desguace de las estructuras, incentivos al retiro o pase al sector privado de los principales cuadros t\u00e9cnicos, entrega de la tecnolog\u00eda que tanto a\u00f1os cost\u00f3 construir y salarios de miseria que deliberadamente no se actualizan&#8221;.<\/p>\n<p>Strada enumer\u00f3 la cantidad de organismos afectados: Comisi\u00f3n Nacional de Energ\u00eda At\u00f3mica (CNEA) y la Comisi\u00f3n Nacional de Actividades Espaciales (CONAE), la Planta de Agua Pesada en Neuqu\u00e9n, Dioxitek en Formosa, a Nucleoel\u00e9ctrica Argentina, ARSAT e INVAP.<\/p>\n<p>&#8220;No s\u00f3lo no hay proyecto de desarrollo, directamente hay plan de desarme y entrega&#8221;, finaliz\u00f3.<\/p>\n<p>&nbsp;<\/p>\n","protected":false},"excerpt":{"rendered":"<p>En la jornada de ayer una comitiva de representantes de ATE de la Comisi\u00f3n Nacional de Actividades Espaciales y de la Comisi\u00f3n Nacional de Energ\u00eda At\u00f3mica expusieron ante un nutrido grupo de diputados nacionales del peronismo las grav\u00edsimas consecuencias, para la continuidad de ambos organismos, que est\u00e1 significando el ajuste y vaciamiento que impone el [&hellip;]<\/p>\n","protected":false},"author":7,"featured_media":46848,"comment_status":"open","ping_status":"open","sticky":false,"template":"","format":"standard","meta":{"_exactmetrics_skip_tracking":false,"_exactmetrics_sitenote_active":false,"_exactmetrics_sitenote_note":"","_exactmetrics_sitenote_category":0,"jnews-multi-image_gallery":[],"jnews_single_post":{"format":"standard","override":[{"template":"1","parallax":"1","fullscreen":"1","layout":"no-sidebar-narrow","sidebar":"default-sidebar","second_sidebar":"default-sidebar","sticky_sidebar":"1","share_position":"bottom","share_float_style":"share-monocrhome","show_share_counter":"1","show_view_counter":"1","show_post_meta":"1","show_post_author_image":"1","show_post_date":"1","post_date_format":"default","post_date_format_custom":"Y\/m\/d","show_post_category":"1","show_post_reading_time":"0","post_reading_time_wpm":"300","post_calculate_word_method":"str_word_count","show_zoom_button":"0","zoom_button_out_step":"2","zoom_button_in_step":"3","show_post_tag":"1","number_popup_post":"1","show_post_related":"1","show_inline_post_related":"0"}],"image_override":[{"single_post_thumbnail_size":"crop-500","single_post_gallery_size":"crop-500"}],"trending_post_position":"meta","trending_post_label":"Trending","sponsored_post_label":"Sponsored by","disable_ad":"0"},"jnews_primary_category":[],"jnews_social_meta":[],"jnews_review":[],"enable_review":"","type":"percentage","name":"","summary":"","brand":"","sku":"","good":[],"bad":[],"score_override":"","override_value":"","rating":[],"price":[],"jnews_override_counter":{"view_counter_number":"0","share_counter_number":"0","like_counter_number":"0","dislike_counter_number":"0"},"jnews_post_split":{"post_split":[{"template":"1","tag":"h2","numbering":"asc","mode":"normal","first":"0","enable_toc":"0","toc_type":"normal"}]},"footnotes":""},"categories":[18],"tags":[417,1430,1349,1429,463,1432,1431,1308],"class_list":["post-46847","post","type-post","status-publish","format-standard","has-post-thumbnail","hentry","category-nacionales","tag-ajuste","tag-ate-cnea","tag-ate-conae","tag-cnea","tag-conae","tag-german-martinez","tag-julia-strada","tag-milei"],"jetpack_featured_media_url":"https:\/\/atecordoba.org\/wp-content\/uploads\/2024\/12\/GeHihkPXcAAlUer-e1733506276927.jpeg","_links":{"self":[{"href":"https:\/\/atecordoba.org\/index.php?rest_route=\/wp\/v2\/posts\/46847","targetHints":{"allow":["GET"]}}],"collection":[{"href":"https:\/\/atecordoba.org\/index.php?rest_route=\/wp\/v2\/posts"}],"about":[{"href":"https:\/\/atecordoba.org\/index.php?rest_route=\/wp\/v2\/types\/post"}],"author":[{"embeddable":true,"href":"https:\/\/atecordoba.org\/index.php?rest_route=\/wp\/v2\/users\/7"}],"replies":[{"embeddable":true,"href":"https:\/\/atecordoba.org\/index.php?rest_route=%2Fwp%2Fv2%2Fcomments&post=46847"}],"version-history":[{"count":2,"href":"https:\/\/atecordoba.org\/index.php?rest_route=\/wp\/v2\/posts\/46847\/revisions"}],"predecessor-version":[{"id":46853,"href":"https:\/\/atecordoba.org\/index.php?rest_route=\/wp\/v2\/posts\/46847\/revisions\/46853"}],"wp:featuredmedia":[{"embeddable":true,"href":"https:\/\/atecordoba.org\/index.php?rest_route=\/wp\/v2\/media\/46848"}],"wp:attachment":[{"href":"https:\/\/atecordoba.org\/index.php?rest_route=%2Fwp%2Fv2%2Fmedia&parent=46847"}],"wp:term":[{"taxonomy":"category","embeddable":true,"href":"https:\/\/atecordoba.org\/index.php?rest_route=%2Fwp%2Fv2%2Fcategories&post=46847"},{"taxonomy":"post_tag","embeddable":true,"href":"https:\/\/atecordoba.org\/index.php?rest_route=%2Fwp%2Fv2%2Ftags&post=46847"}],"curies":[{"name":"wp","href":"https:\/\/api.w.org\/{rel}","templated":true}]}}