{"id":46843,"date":"2024-12-06T10:27:17","date_gmt":"2024-12-06T13:27:17","guid":{"rendered":"https:\/\/atecordoba.org\/?p=46843"},"modified":"2024-12-06T10:27:17","modified_gmt":"2024-12-06T13:27:17","slug":"un-ano-de-milei-esta-en-jaque-el-sistema-democratico-dijo-giuliani","status":"publish","type":"post","link":"https:\/\/atecordoba.org\/?p=46843","title":{"rendered":"Un a\u00f1o de Milei: &#8220;est\u00e1 en jaque el sistema democr\u00e1tico&#8221;, dijo Giuliani"},"content":{"rendered":"<p><img loading=\"lazy\" decoding=\"async\" class=\"aligncenter wp-image-46831 \" src=\"https:\/\/atecordoba.org\/wp-content\/uploads\/2024\/12\/WhatsApp-Image-2024-12-05-at-10.34.55-2-769x1024.jpeg\" alt=\"\" width=\"628\" height=\"836\" srcset=\"https:\/\/atecordoba.org\/wp-content\/uploads\/2024\/12\/WhatsApp-Image-2024-12-05-at-10.34.55-2-769x1024.jpeg 769w, https:\/\/atecordoba.org\/wp-content\/uploads\/2024\/12\/WhatsApp-Image-2024-12-05-at-10.34.55-2-225x300.jpeg 225w, https:\/\/atecordoba.org\/wp-content\/uploads\/2024\/12\/WhatsApp-Image-2024-12-05-at-10.34.55-2-768x1023.jpeg 768w, https:\/\/atecordoba.org\/wp-content\/uploads\/2024\/12\/WhatsApp-Image-2024-12-05-at-10.34.55-2-1153x1536.jpeg 1153w, https:\/\/atecordoba.org\/wp-content\/uploads\/2024\/12\/WhatsApp-Image-2024-12-05-at-10.34.55-2-1537x2048.jpeg 1537w, https:\/\/atecordoba.org\/wp-content\/uploads\/2024\/12\/WhatsApp-Image-2024-12-05-at-10.34.55-2-750x999.jpeg 750w, https:\/\/atecordoba.org\/wp-content\/uploads\/2024\/12\/WhatsApp-Image-2024-12-05-at-10.34.55-2-1140x1519.jpeg 1140w, https:\/\/atecordoba.org\/wp-content\/uploads\/2024\/12\/WhatsApp-Image-2024-12-05-at-10.34.55-2-scaled.jpeg 1922w\" sizes=\"auto, (max-width: 628px) 100vw, 628px\" \/>A d\u00edas de cumplirse el primer a\u00f1o del gobierno de Javier Milei, el secretario General de ATE C\u00f3rdoba Federico Giuliani, evalu\u00f3 la trayectoria de un gesti\u00f3n que vino a destruir el Estado, como lo celebr\u00f3 el propio mandatario, expresando y profundizando una crisis del sistema pol\u00edtico y las bases de representaci\u00f3n democr\u00e1tica.<\/p>\n<p>En di\u00e1logo con la web period\u00edstica <a href=\"https:\/\/www.instagram.com\/p\/DDKarifRctj\/\">El Resaltador<\/a>,\u00a0 el dirigente estatal expres\u00f3 que &#8220;el triunfo de Javier Milei no solo trajo al fascismo al gobierno sino que puso en jaque el r\u00e9gimen democr\u00e1tico en Argentina&#8221;.<\/p>\n<p>En ese marco, sostuvo el medio de comunicaci\u00f3n, diciembre llega para coronar el primer a\u00f1o de gesti\u00f3n libertaria y la motosierra pas\u00f3 por muchas \u00e1reas que afectaron de lleno a gran parte de la poblaci\u00f3n argentina: salud, econom\u00eda, educaci\u00f3n, trabajo, pobreza y hambre.<\/p>\n<p>&#8220;Vivimos una democracia que ya ven\u00eda de baja intensidad, semicolonial, extractivista. Pero hoy se est\u00e1n implementando diversos mecanismos y dispositivos que intentan aplacar el conflicto social, la desmovilizaci\u00f3n popular y la falta de participaci\u00f3n comunitaria. Intentan que prime el pensamiento \u00fanico y el fin de las ideolog\u00edas, decretan el fin de la historia para que lo individual sea prioritario por sobre lo colectivo&#8221;, dijo.<\/p>\n<p>En ese marco, Giuliani asegur\u00f3 que &#8220;ante un panorama devastador y de derrota, hay que recuperar la calle, el territorio, y el protagonismo de la clase trabajadora. Hay que recuperar la pol\u00edtica como la acci\u00f3n colectiva transformadora y tenemos que dar la batalla cultural en cada rinconcito donde transite nuestro pueblo, dando la disputa por el sentido&#8221;.<\/p>\n<p>Y concluy\u00f3 se\u00f1alando que &#8220;la salida no va a ser individual sino en comunidad porque tenemos que recuperar, de una vez por todas, un Estado popular al servicio de nuestro pueblo&#8221;.<\/p>\n","protected":false},"excerpt":{"rendered":"<p>A d\u00edas de cumplirse el primer a\u00f1o del gobierno de Javier Milei, el secretario General de ATE C\u00f3rdoba Federico Giuliani, evalu\u00f3 la trayectoria de un gesti\u00f3n que vino a destruir el Estado, como lo celebr\u00f3 el propio mandatario, expresando y profundizando una crisis del sistema pol\u00edtico y las bases de representaci\u00f3n democr\u00e1tica. En di\u00e1logo con [&hellip;]<\/p>\n","protected":false},"author":7,"featured_media":46836,"comment_status":"open","ping_status":"open","sticky":false,"template":"","format":"standard","meta":{"_exactmetrics_skip_tracking":false,"_exactmetrics_sitenote_active":false,"_exactmetrics_sitenote_note":"","_exactmetrics_sitenote_category":0,"jnews-multi-image_gallery":[],"jnews_single_post":{"format":"standard","override":[{"template":"1","parallax":"1","fullscreen":"1","layout":"no-sidebar-narrow","sidebar":"default-sidebar","second_sidebar":"default-sidebar","sticky_sidebar":"1","share_position":"bottom","share_float_style":"share-monocrhome","show_share_counter":"1","show_view_counter":"1","show_post_meta":"1","show_post_author_image":"1","show_post_date":"1","post_date_format":"default","post_date_format_custom":"Y\/m\/d","show_post_category":"1","show_post_reading_time":"0","post_reading_time_wpm":"300","post_calculate_word_method":"str_word_count","show_zoom_button":"0","zoom_button_out_step":"2","zoom_button_in_step":"3","show_post_tag":"1","number_popup_post":"1","show_post_related":"1","show_inline_post_related":"0"}],"image_override":[{"single_post_thumbnail_size":"crop-500","single_post_gallery_size":"crop-500"}],"trending_post_position":"meta","trending_post_label":"Trending","sponsored_post_label":"Sponsored by","disable_ad":"0"},"jnews_primary_category":[],"jnews_social_meta":[],"jnews_review":[],"enable_review":"","type":"percentage","name":"","summary":"","brand":"","sku":"","good":[],"bad":[],"score_override":"","override_value":"","rating":[],"price":[],"jnews_override_counter":{"view_counter_number":"0","share_counter_number":"0","like_counter_number":"0","dislike_counter_number":"0"},"jnews_post_split":{"post_split":[{"template":"1","tag":"h2","numbering":"asc","mode":"normal","first":"0","enable_toc":"0","toc_type":"normal"}]},"footnotes":""},"categories":[341],"tags":[417,1332,1426,1427,1425,885,155,27,1428,1424],"class_list":["post-46843","post","type-post","status-publish","format-standard","has-post-thumbnail","hentry","category-cdp","tag-ajuste","tag-democracia","tag-economia","tag-educacion","tag-gobierno-fascista","tag-hambre","tag-pobreza","tag-salud","tag-trabajo","tag-un-ano-de-milei"],"jetpack_featured_media_url":"https:\/\/atecordoba.org\/wp-content\/uploads\/2024\/12\/WhatsApp-Image-2024-12-05-at-10.34.55-3-scaled-e1733418704878.jpeg","_links":{"self":[{"href":"https:\/\/atecordoba.org\/index.php?rest_route=\/wp\/v2\/posts\/46843","targetHints":{"allow":["GET"]}}],"collection":[{"href":"https:\/\/atecordoba.org\/index.php?rest_route=\/wp\/v2\/posts"}],"about":[{"href":"https:\/\/atecordoba.org\/index.php?rest_route=\/wp\/v2\/types\/post"}],"author":[{"embeddable":true,"href":"https:\/\/atecordoba.org\/index.php?rest_route=\/wp\/v2\/users\/7"}],"replies":[{"embeddable":true,"href":"https:\/\/atecordoba.org\/index.php?rest_route=%2Fwp%2Fv2%2Fcomments&post=46843"}],"version-history":[{"count":1,"href":"https:\/\/atecordoba.org\/index.php?rest_route=\/wp\/v2\/posts\/46843\/revisions"}],"predecessor-version":[{"id":46844,"href":"https:\/\/atecordoba.org\/index.php?rest_route=\/wp\/v2\/posts\/46843\/revisions\/46844"}],"wp:featuredmedia":[{"embeddable":true,"href":"https:\/\/atecordoba.org\/index.php?rest_route=\/wp\/v2\/media\/46836"}],"wp:attachment":[{"href":"https:\/\/atecordoba.org\/index.php?rest_route=%2Fwp%2Fv2%2Fmedia&parent=46843"}],"wp:term":[{"taxonomy":"category","embeddable":true,"href":"https:\/\/atecordoba.org\/index.php?rest_route=%2Fwp%2Fv2%2Fcategories&post=46843"},{"taxonomy":"post_tag","embeddable":true,"href":"https:\/\/atecordoba.org\/index.php?rest_route=%2Fwp%2Fv2%2Ftags&post=46843"}],"curies":[{"name":"wp","href":"https:\/\/api.w.org\/{rel}","templated":true}]}}