{"id":46840,"date":"2024-12-05T15:04:59","date_gmt":"2024-12-05T18:04:59","guid":{"rendered":"https:\/\/atecordoba.org\/?p=46840"},"modified":"2024-12-05T15:04:59","modified_gmt":"2024-12-05T18:04:59","slug":"ate-cordoba-rechaza-los-examenes-de-idoneidad-para-justificar-mas-despidos-de-milei-y-sturzenegger","status":"publish","type":"post","link":"https:\/\/atecordoba.org\/?p=46840","title":{"rendered":"ATE C\u00f3rdoba rechaza los ex\u00e1menes de idoneidad para justificar m\u00e1s despidos de Milei y Sturzenegger"},"content":{"rendered":"<p><img loading=\"lazy\" decoding=\"async\" class=\"aligncenter wp-image-46841 \" src=\"https:\/\/atecordoba.org\/wp-content\/uploads\/2024\/12\/stuzeneguer.jpg\" alt=\"\" width=\"624\" height=\"416\" \/>Despu\u00e9s de conocerse la Resoluci\u00f3n 26\/2024 del Ministerio de Desregulaci\u00f3n y Transformaci\u00f3n del Estado, que impone la &#8220;Evaluaci\u00f3n General de Conocimientos y Competencias&#8221;, que correr\u00e1 para todos los trabajadores de la\u00a0Administraci\u00f3n Nacional, ATE C\u00f3rdoba expresa su absoluto rechazo a la norma, que es otra maniobra m\u00e1s para justificar nuevos despidos en el Estado nacional.<\/p>\n<p>Firmada por el titular del \u00e1rea ex funcionario de Macri, Federico Sturzenegger, la medida gener\u00f3 zozobra entre las y los estatales, por lo que ATE C\u00f3rdoba est\u00e1 desarrollando una estrategia para contrarrestar la iniciativa oficial.<\/p>\n<p>La integrante del Consejo Directivo Provincial (CDP), Valeria Beltr\u00e1n, explic\u00f3 que &#8220;quienes est\u00e1n en condiciones de rendir seg\u00fan estableci\u00f3 el gobierno son las y los contratados bajo art\u00edculos 048 y 9, que tienen en promedio m\u00e1s de 10 a\u00f1os de antig\u00fcedad. Nos quieren imponer una prueba de idoneidad despu\u00e9s de tantos a\u00f1os de precarizaci\u00f3n y cumpliendo funciones en el Estado, es rid\u00edculo&#8221;.<\/p>\n<p>&#8220;Por otro lado, sobre el contenido a evaluar, se trata de material del colegio secundario. Es una contradicci\u00f3n porque en la pr\u00e1ctica parecen impugnar el titulo secundario que emiti\u00f3 el Ministerio de Educaci\u00f3n, mientras obligan a las y los compa\u00f1eros a volver a estudiar lo que ya aprobaron d\u00e9cadas atr\u00e1s&#8221;, agreg\u00f3.<\/p>\n<p>Y complet\u00f3 se\u00f1alando que &#8221; hay mucho enojo porque el examen no responde al trabajo cotidiano. Es un retroceso&#8221;.<\/p>\n<p><strong>Estrategia para revertir la medida<\/strong><\/p>\n<p>La dirigente apunt\u00f3 tambi\u00e9n que &#8220;se est\u00e1 evaluando unas impugnaci\u00f3n legal porque hay cuestiones estatutarias en el convenio de trabajo, recientemente reglamentado, que no lo habilita&#8221;.<\/p>\n<p>ATE C\u00f3rdoba se encuentra en un plan de lucha para revertir las maniobras del gobierno para generar nuevos despidos, encubiertos ahora bajo el argumento que los trabajadores no somos id\u00f3neos y que por eso debemos pasar este filtro.<\/p>\n<p>&#8220;Estamos haciendo un relevamiento de cu\u00e1ntos trabajadores est\u00e1n en la condici\u00f3n de verse obligados a rendir este examen. La idea es consultar a todos los sectores para tener informaci\u00f3n individual de cada trabajador o trabajadora para despu\u00e9s poner a disposici\u00f3n los espacios f\u00edsicos y profesionales de nuestro gremio para cada trabajador y poder generar instancia de formaci\u00f3n y contenci\u00f3n&#8221;, asegur\u00f3.<\/p>\n<p>En t\u00e9rminos pol\u00edticos, ATE argumenta es que quienes habitamos el Estado estamos capacitados y no debemos ser evaluados,\u00a0 demostramos idoneidad, aptitud, competencia y capacidad cotidianamente en funciones que realizamos.<\/p>\n<p>En tanto, organizativamente el CDP est\u00e1 trabajando para contener todos los escenarios posibles. &#8220;Necesitamos mantenernos en constante y fluida comunicaci\u00f3n, pilar fundamental de organizaci\u00f3n, por esto les pedimos responsabilidad y compromiso pol\u00edtico, que lleven a sus sectores de trabajo y a cada trabajador y trabajadora el formulario adjunto, para obtener un relevamiento certero y de forma inmediata avanzar con los espacios y profesionales correspondientes, para hacer frente al examen&#8221;, sostuvo Beltr\u00e1n.<\/p>\n<p>Quienes est\u00e9n en situaci\u00f3n de rendir la evaluaci\u00f3n deben responder la siguiente encuesta a los fines de recabar la informaci\u00f3n necesaria para el desarrollo de la estrategia gremial.<\/p>\n<p>https:\/\/docs.google.com\/forms\/d\/e\/1FAIpQLSeWQTbISdHBH1VFNYs7n0_sj1Ru_yKbHWtVttg5ouWTllZMRA\/viewform?pli=1<\/p>\n<p>&nbsp;<\/p>\n<p>&nbsp;<\/p>\n","protected":false},"excerpt":{"rendered":"<p>Despu\u00e9s de conocerse la Resoluci\u00f3n 26\/2024 del Ministerio de Desregulaci\u00f3n y Transformaci\u00f3n del Estado, que impone la &#8220;Evaluaci\u00f3n General de Conocimientos y Competencias&#8221;, que correr\u00e1 para todos los trabajadores de la\u00a0Administraci\u00f3n Nacional, ATE C\u00f3rdoba expresa su absoluto rechazo a la norma, que es otra maniobra m\u00e1s para justificar nuevos despidos en el Estado nacional. Firmada [&hellip;]<\/p>\n","protected":false},"author":7,"featured_media":46841,"comment_status":"open","ping_status":"open","sticky":false,"template":"","format":"standard","meta":{"_exactmetrics_skip_tracking":false,"_exactmetrics_sitenote_active":false,"_exactmetrics_sitenote_note":"","_exactmetrics_sitenote_category":0,"jnews-multi-image_gallery":[],"jnews_single_post":{"format":"standard","override":[{"template":"1","parallax":"1","fullscreen":"1","layout":"no-sidebar-narrow","sidebar":"default-sidebar","second_sidebar":"default-sidebar","sticky_sidebar":"1","share_position":"bottom","share_float_style":"share-monocrhome","show_share_counter":"1","show_view_counter":"1","show_post_meta":"1","show_post_author_image":"1","show_post_date":"1","post_date_format":"default","post_date_format_custom":"Y\/m\/d","show_post_category":"1","show_post_reading_time":"0","post_reading_time_wpm":"300","post_calculate_word_method":"str_word_count","show_zoom_button":"0","zoom_button_out_step":"2","zoom_button_in_step":"3","show_post_tag":"1","number_popup_post":"1","show_post_related":"1","show_inline_post_related":"0"}],"image_override":[{"single_post_thumbnail_size":"crop-500","single_post_gallery_size":"crop-500"}],"trending_post_position":"meta","trending_post_label":"Trending","sponsored_post_label":"Sponsored by","disable_ad":"0"},"jnews_primary_category":[],"jnews_social_meta":[],"jnews_review":[],"enable_review":"","type":"percentage","name":"","summary":"","brand":"","sku":"","good":[],"bad":[],"score_override":"","override_value":"","rating":[],"price":[],"jnews_override_counter":{"view_counter_number":"0","share_counter_number":"0","like_counter_number":"0","dislike_counter_number":"0"},"jnews_post_split":{"post_split":[{"template":"1","tag":"h2","numbering":"asc","mode":"normal","first":"0","enable_toc":"0","toc_type":"normal"}]},"footnotes":""},"categories":[18],"tags":[417,164,1298,1422,1423,1308],"class_list":["post-46840","post","type-post","status-publish","format-standard","has-post-thumbnail","hentry","category-nacionales","tag-ajuste","tag-despidos","tag-estado-nacional","tag-evaluacion","tag-examen","tag-milei"],"jetpack_featured_media_url":"https:\/\/atecordoba.org\/wp-content\/uploads\/2024\/12\/stuzeneguer-e1733421835522.jpg","_links":{"self":[{"href":"https:\/\/atecordoba.org\/index.php?rest_route=\/wp\/v2\/posts\/46840","targetHints":{"allow":["GET"]}}],"collection":[{"href":"https:\/\/atecordoba.org\/index.php?rest_route=\/wp\/v2\/posts"}],"about":[{"href":"https:\/\/atecordoba.org\/index.php?rest_route=\/wp\/v2\/types\/post"}],"author":[{"embeddable":true,"href":"https:\/\/atecordoba.org\/index.php?rest_route=\/wp\/v2\/users\/7"}],"replies":[{"embeddable":true,"href":"https:\/\/atecordoba.org\/index.php?rest_route=%2Fwp%2Fv2%2Fcomments&post=46840"}],"version-history":[{"count":1,"href":"https:\/\/atecordoba.org\/index.php?rest_route=\/wp\/v2\/posts\/46840\/revisions"}],"predecessor-version":[{"id":46842,"href":"https:\/\/atecordoba.org\/index.php?rest_route=\/wp\/v2\/posts\/46840\/revisions\/46842"}],"wp:featuredmedia":[{"embeddable":true,"href":"https:\/\/atecordoba.org\/index.php?rest_route=\/wp\/v2\/media\/46841"}],"wp:attachment":[{"href":"https:\/\/atecordoba.org\/index.php?rest_route=%2Fwp%2Fv2%2Fmedia&parent=46840"}],"wp:term":[{"taxonomy":"category","embeddable":true,"href":"https:\/\/atecordoba.org\/index.php?rest_route=%2Fwp%2Fv2%2Fcategories&post=46840"},{"taxonomy":"post_tag","embeddable":true,"href":"https:\/\/atecordoba.org\/index.php?rest_route=%2Fwp%2Fv2%2Ftags&post=46840"}],"curies":[{"name":"wp","href":"https:\/\/api.w.org\/{rel}","templated":true}]}}