{"id":4682,"date":"2014-11-04T19:32:51","date_gmt":"2014-11-04T22:32:51","guid":{"rendered":"http:\/\/www.atecordoba.org\/?p=4682"},"modified":"2014-11-04T19:32:51","modified_gmt":"2014-11-04T22:32:51","slug":"hospitales-de-asamblea-por-dos-horas","status":"publish","type":"post","link":"https:\/\/atecordoba.org\/?p=4682","title":{"rendered":"Hospitales de asamblea por dos horas"},"content":{"rendered":"<p><em>En el marco del plan de lucha que ATE viene realizando en el sector hospitalario provincial, ma\u00f1ana se llevar\u00e1n a cabo asambleas en dos hospitales de C\u00f3rdoba Capital que resentir\u00e1n la atenci\u00f3n a los pacientes.<\/em><\/p>\n<figure id=\"attachment_4683\" aria-describedby=\"caption-attachment-4683\" style=\"width: 477px\" class=\"wp-caption aligncenter\"><a href=\"http:\/\/www.atecordoba.org\/wp-content\/uploads\/2014\/11\/asamblea-neonatal-e1415140191122.jpg\"><img loading=\"lazy\" decoding=\"async\" class=\"wp-image-4683\" src=\"http:\/\/www.atecordoba.org\/wp-content\/uploads\/2014\/11\/asamblea-neonatal-e1415140191122.jpg\" alt=\"asamblea neonatal\" width=\"477\" height=\"358\" \/><\/a><figcaption id=\"caption-attachment-4683\" class=\"wp-caption-text\">Asamblea realizada hoy en el Materno Neonatal<\/figcaption><\/figure>\n<p>Se trata de la Maternidad Provincial, que realizar\u00e1 una asamblea de dos horas, de 9 a 11, y del Materno Neonatal, de 10 a 12. La medida se produce en el marco del rechazo al bono por \u00fanica vez que el gobierno provincial otorgar\u00e1 por \u00fanica vez.<\/p>\n<p>Los trabajadores reclaman que dicha cifra se incorpore al b\u00e1sico a partir de este mes y sirva como compensaci\u00f3n hasta febrero, dada la ca\u00edda del poder adquisitivo del salario que se gener\u00f3, producto de la escalada inflacionaria.<\/p>\n<p>Las asambleas reclaman tambi\u00e9n el pase a planta del personal precarizado, con contratos a plazo o monotributos, al mismo tiempo que demandan que el gobierno provincial complete los planteles b\u00e1sicos para prestar servicio de forma adecuada. Con la perspectiva de las licencias anuales que se abre en noviembre, delegados del Neonatal, por caso, alertaron sobre la sobre explotaci\u00f3n del personal existente, situaci\u00f3n que amenaza con colapsar los servicios.<\/p>\n<p>Como informamos habitualmente, durante las asambleas s\u00f3lo se atender\u00e1n los casos de urgencias que ingresen por guardia.<\/p>\n","protected":false},"excerpt":{"rendered":"<p>En el marco del plan de lucha que ATE viene realizando en el sector hospitalario provincial, ma\u00f1ana se llevar\u00e1n a cabo asambleas en dos hospitales de C\u00f3rdoba Capital que resentir\u00e1n la atenci\u00f3n a los pacientes. Se trata de la Maternidad Provincial, que realizar\u00e1 una asamblea de dos horas, de 9 a 11, y del Materno [&hellip;]<\/p>\n","protected":false},"author":1,"featured_media":19220,"comment_status":"open","ping_status":"open","sticky":false,"template":"","format":"standard","meta":{"_exactmetrics_skip_tracking":false,"_exactmetrics_sitenote_active":false,"_exactmetrics_sitenote_note":"","_exactmetrics_sitenote_category":0,"jnews-multi-image_gallery":[],"jnews_single_post":[],"jnews_primary_category":[],"jnews_social_meta":[],"jnews_review":[],"enable_review":"","type":"","name":"","summary":"","brand":"","sku":"","good":[],"bad":[],"score_override":"","override_value":"","rating":[],"price":[],"jnews_override_counter":[],"jnews_post_split":[],"footnotes":""},"categories":[7,8],"tags":[],"class_list":["post-4682","post","type-post","status-publish","format-standard","has-post-thumbnail","hentry","category-hospitales","category-provinciales"],"jetpack_featured_media_url":"https:\/\/atecordoba.org\/wp-content\/uploads\/2020\/05\/logo-nuevochico-e1561581322808.png","_links":{"self":[{"href":"https:\/\/atecordoba.org\/index.php?rest_route=\/wp\/v2\/posts\/4682","targetHints":{"allow":["GET"]}}],"collection":[{"href":"https:\/\/atecordoba.org\/index.php?rest_route=\/wp\/v2\/posts"}],"about":[{"href":"https:\/\/atecordoba.org\/index.php?rest_route=\/wp\/v2\/types\/post"}],"author":[{"embeddable":true,"href":"https:\/\/atecordoba.org\/index.php?rest_route=\/wp\/v2\/users\/1"}],"replies":[{"embeddable":true,"href":"https:\/\/atecordoba.org\/index.php?rest_route=%2Fwp%2Fv2%2Fcomments&post=4682"}],"version-history":[{"count":0,"href":"https:\/\/atecordoba.org\/index.php?rest_route=\/wp\/v2\/posts\/4682\/revisions"}],"wp:featuredmedia":[{"embeddable":true,"href":"https:\/\/atecordoba.org\/index.php?rest_route=\/wp\/v2\/media\/19220"}],"wp:attachment":[{"href":"https:\/\/atecordoba.org\/index.php?rest_route=%2Fwp%2Fv2%2Fmedia&parent=4682"}],"wp:term":[{"taxonomy":"category","embeddable":true,"href":"https:\/\/atecordoba.org\/index.php?rest_route=%2Fwp%2Fv2%2Fcategories&post=4682"},{"taxonomy":"post_tag","embeddable":true,"href":"https:\/\/atecordoba.org\/index.php?rest_route=%2Fwp%2Fv2%2Ftags&post=4682"}],"curies":[{"name":"wp","href":"https:\/\/api.w.org\/{rel}","templated":true}]}}