{"id":46800,"date":"2024-12-05T14:12:18","date_gmt":"2024-12-05T17:12:18","guid":{"rendered":"https:\/\/atecordoba.org\/?p=46800"},"modified":"2024-12-06T14:34:15","modified_gmt":"2024-12-06T17:34:15","slug":"ate-corto-hoy-la-ruta-20-a-pesar-de-la-presencia-represiva-por-la-jornada-nacional-de-lucha","status":"publish","type":"post","link":"https:\/\/atecordoba.org\/?p=46800","title":{"rendered":"ATE cort\u00f3 hoy la Ruta 20 a pesar de la presencia represiva por la Jornada Nacional de Lucha"},"content":{"rendered":"<p><img loading=\"lazy\" decoding=\"async\" class=\"aligncenter wp-image-46803 \" src=\"https:\/\/atecordoba.org\/wp-content\/uploads\/2024\/12\/WhatsApp-Image-2024-12-05-at-12.29.43-1024x769.jpeg\" alt=\"\" width=\"619\" height=\"465\" srcset=\"https:\/\/atecordoba.org\/wp-content\/uploads\/2024\/12\/WhatsApp-Image-2024-12-05-at-12.29.43-1024x769.jpeg 1024w, https:\/\/atecordoba.org\/wp-content\/uploads\/2024\/12\/WhatsApp-Image-2024-12-05-at-12.29.43-300x225.jpeg 300w, https:\/\/atecordoba.org\/wp-content\/uploads\/2024\/12\/WhatsApp-Image-2024-12-05-at-12.29.43-768x577.jpeg 768w, https:\/\/atecordoba.org\/wp-content\/uploads\/2024\/12\/WhatsApp-Image-2024-12-05-at-12.29.43-1536x1153.jpeg 1536w, https:\/\/atecordoba.org\/wp-content\/uploads\/2024\/12\/WhatsApp-Image-2024-12-05-at-12.29.43-2048x1537.jpeg 2048w, https:\/\/atecordoba.org\/wp-content\/uploads\/2024\/12\/WhatsApp-Image-2024-12-05-at-12.29.43-750x563.jpeg 750w, https:\/\/atecordoba.org\/wp-content\/uploads\/2024\/12\/WhatsApp-Image-2024-12-05-at-12.29.43-1140x856.jpeg 1140w\" sizes=\"auto, (max-width: 619px) 100vw, 619px\" \/>Hoy se realiz\u00f3 una fuerte protesta con corte de media calzado en la Ruta 20, frente a la Escuela de Suboficiales de la Fuerza A\u00e9rea, en l\u00ednea a la Jornada Nacional de Protesta que ATE lleva adelante en todo el pa\u00eds, en repudio al ajuste de Milei en el Estado nacional, los bajos salarios y la p\u00e9rdida de poder adquisitivo, las paritarias a la baja que viene firmando UPCN en acuerdo con el gobierno de Milei, los despidos y el vaciamiento de los organismos estatales. <img loading=\"lazy\" decoding=\"async\" class=\"aligncenter wp-image-46804 \" src=\"https:\/\/atecordoba.org\/wp-content\/uploads\/2024\/12\/WhatsApp-Image-2024-12-05-at-12.29.16-1024x769.jpeg\" alt=\"\" width=\"622\" height=\"467\" srcset=\"https:\/\/atecordoba.org\/wp-content\/uploads\/2024\/12\/WhatsApp-Image-2024-12-05-at-12.29.16-1024x769.jpeg 1024w, https:\/\/atecordoba.org\/wp-content\/uploads\/2024\/12\/WhatsApp-Image-2024-12-05-at-12.29.16-300x225.jpeg 300w, https:\/\/atecordoba.org\/wp-content\/uploads\/2024\/12\/WhatsApp-Image-2024-12-05-at-12.29.16-768x577.jpeg 768w, https:\/\/atecordoba.org\/wp-content\/uploads\/2024\/12\/WhatsApp-Image-2024-12-05-at-12.29.16-1536x1153.jpeg 1536w, https:\/\/atecordoba.org\/wp-content\/uploads\/2024\/12\/WhatsApp-Image-2024-12-05-at-12.29.16-2048x1537.jpeg 2048w, https:\/\/atecordoba.org\/wp-content\/uploads\/2024\/12\/WhatsApp-Image-2024-12-05-at-12.29.16-750x563.jpeg 750w, https:\/\/atecordoba.org\/wp-content\/uploads\/2024\/12\/WhatsApp-Image-2024-12-05-at-12.29.16-1140x856.jpeg 1140w\" sizes=\"auto, (max-width: 622px) 100vw, 622px\" \/><\/p>\n<p>Dirigida por el secretario General del Consejo Directivo Provincial (CDP), Federico Giuliani, la columna de estatales se posicion\u00f3 en la carreta que es salida desde la capital provincial a Villa Carlos Paz, mientras contingentes de la Policial de C\u00f3rdoba enviados por el ministro de Seguridad Juan Pablo Quinteros se desplegaban parta amedrentar sin \u00e9xito a las y los presentes. De la misma forma, estuvieron en el lugar efectivos de Gendarmer\u00eda, tropa habitual que env\u00eda desde el Gobierno nacional Patricia Bullrich para amedrentar las protestas que genera el conflicto social en la provincia. <img loading=\"lazy\" decoding=\"async\" class=\"aligncenter wp-image-46805 \" src=\"https:\/\/atecordoba.org\/wp-content\/uploads\/2024\/12\/WhatsApp-Image-2024-12-05-at-12.29.57-1024x769.jpeg\" alt=\"\" width=\"626\" height=\"470\" srcset=\"https:\/\/atecordoba.org\/wp-content\/uploads\/2024\/12\/WhatsApp-Image-2024-12-05-at-12.29.57-1024x769.jpeg 1024w, https:\/\/atecordoba.org\/wp-content\/uploads\/2024\/12\/WhatsApp-Image-2024-12-05-at-12.29.57-300x225.jpeg 300w, https:\/\/atecordoba.org\/wp-content\/uploads\/2024\/12\/WhatsApp-Image-2024-12-05-at-12.29.57-768x577.jpeg 768w, https:\/\/atecordoba.org\/wp-content\/uploads\/2024\/12\/WhatsApp-Image-2024-12-05-at-12.29.57-1536x1153.jpeg 1536w, https:\/\/atecordoba.org\/wp-content\/uploads\/2024\/12\/WhatsApp-Image-2024-12-05-at-12.29.57-2048x1537.jpeg 2048w, https:\/\/atecordoba.org\/wp-content\/uploads\/2024\/12\/WhatsApp-Image-2024-12-05-at-12.29.57-750x563.jpeg 750w, https:\/\/atecordoba.org\/wp-content\/uploads\/2024\/12\/WhatsApp-Image-2024-12-05-at-12.29.57-1140x856.jpeg 1140w\" sizes=\"auto, (max-width: 626px) 100vw, 626px\" \/><\/p>\n<p>&#8220;Vienen a demostrar poder a los d\u00e9biles en un show medi\u00e1tico montado por el ministro de Seguridad de la Provincia. Igualmente hacemos responsable tambi\u00e9n al fiscal De Arag\u00f3n, instrumento del permanente proceso de hostigamiento y persecuci\u00f3n pol\u00edtica hacia ATE y mi persona&#8221;, denunci\u00f3 Giuliani.<\/p>\n<p><a href=\"https:\/\/atecordoba.org\/?p=46791\">ATE hizo responsable<\/a> a Quinteros y a Patricia Bullrich por la integridad de las y los manifestantes.<\/p>\n<p>En la oportunidad, estuvieron presentes compa\u00f1eras y compa\u00f1eros de CTAA junto a delegaciones de distintas reparticiones estatales, encabezadas por el <a href=\"https:\/\/atecordoba.org\/?p=46784\">Personal Civil de las FFAA<\/a>. Estuvieron compa\u00f1eros y compa\u00f1eras de CDR, la seccional Cruz del Eje, municipales de R\u00edo Primero, la Junta interna CONICET, Personal no docente UNC, Ministerio de Trabajo, SENASA y ANAC, entre otros. <img loading=\"lazy\" decoding=\"async\" class=\"aligncenter wp-image-46806 \" src=\"https:\/\/atecordoba.org\/wp-content\/uploads\/2024\/12\/WhatsApp-Image-2024-12-05-at-10.34.51-1-1024x768.jpeg\" alt=\"\" width=\"621\" height=\"466\" srcset=\"https:\/\/atecordoba.org\/wp-content\/uploads\/2024\/12\/WhatsApp-Image-2024-12-05-at-10.34.51-1-1024x768.jpeg 1024w, https:\/\/atecordoba.org\/wp-content\/uploads\/2024\/12\/WhatsApp-Image-2024-12-05-at-10.34.51-1-300x225.jpeg 300w, https:\/\/atecordoba.org\/wp-content\/uploads\/2024\/12\/WhatsApp-Image-2024-12-05-at-10.34.51-1-768x576.jpeg 768w, https:\/\/atecordoba.org\/wp-content\/uploads\/2024\/12\/WhatsApp-Image-2024-12-05-at-10.34.51-1-1536x1152.jpeg 1536w, https:\/\/atecordoba.org\/wp-content\/uploads\/2024\/12\/WhatsApp-Image-2024-12-05-at-10.34.51-1-2048x1536.jpeg 2048w, https:\/\/atecordoba.org\/wp-content\/uploads\/2024\/12\/WhatsApp-Image-2024-12-05-at-10.34.51-1-750x563.jpeg 750w, https:\/\/atecordoba.org\/wp-content\/uploads\/2024\/12\/WhatsApp-Image-2024-12-05-at-10.34.51-1-1140x855.jpeg 1140w\" sizes=\"auto, (max-width: 621px) 100vw, 621px\" \/><\/p>\n<p>Durante el acto, Giuliani valor\u00f3 que a pesar de la presencia represiva la protesta se llev\u00f3 adelante. &#8220;Exigimos la inmediata reincorporaci\u00f3n de las y los despedidos, tanto de gobierno nacional, provincial y los municipios. Decimos no al ajuste que est\u00e1n llevando cabo a costa del hambre de nuestro pueblo. Aumentos salariales que nos permitan vivir dignamente y no por debajo de la l\u00ednea de la pobreza&#8221;.<\/p>\n<p><img loading=\"lazy\" decoding=\"async\" class=\"aligncenter wp-image-46807 \" src=\"https:\/\/atecordoba.org\/wp-content\/uploads\/2024\/12\/WhatsApp-Image-2024-12-05-at-10.34.54-2-1024x769.jpeg\" alt=\"\" width=\"615\" height=\"462\" srcset=\"https:\/\/atecordoba.org\/wp-content\/uploads\/2024\/12\/WhatsApp-Image-2024-12-05-at-10.34.54-2-1024x769.jpeg 1024w, https:\/\/atecordoba.org\/wp-content\/uploads\/2024\/12\/WhatsApp-Image-2024-12-05-at-10.34.54-2-300x225.jpeg 300w, https:\/\/atecordoba.org\/wp-content\/uploads\/2024\/12\/WhatsApp-Image-2024-12-05-at-10.34.54-2-768x577.jpeg 768w, https:\/\/atecordoba.org\/wp-content\/uploads\/2024\/12\/WhatsApp-Image-2024-12-05-at-10.34.54-2-1536x1153.jpeg 1536w, https:\/\/atecordoba.org\/wp-content\/uploads\/2024\/12\/WhatsApp-Image-2024-12-05-at-10.34.54-2-2048x1537.jpeg 2048w, https:\/\/atecordoba.org\/wp-content\/uploads\/2024\/12\/WhatsApp-Image-2024-12-05-at-10.34.54-2-750x563.jpeg 750w, https:\/\/atecordoba.org\/wp-content\/uploads\/2024\/12\/WhatsApp-Image-2024-12-05-at-10.34.54-2-1140x856.jpeg 1140w\" sizes=\"auto, (max-width: 615px) 100vw, 615px\" \/><\/p>\n<p>El dirigente afirm\u00f3 que &#8220;el 11 de diciembre pasado le hicimos el primer piquetazo a Milei frente al Ministerio de Trabajo de la Naci\u00f3n. El 90% de la gente que pasaba nos puteaba, un a\u00f1o despu\u00e9s la gente que pasa nos aplaude. Por lo cual ratificamos que la iniciativa pol\u00edtica de la lucha que est\u00e1 llevando adelante ATE en toda la argentina es la correcta. Pero sobre todo demostrarle a aquellos agoreros del miedo y la derrota que no hemos perdido, que no nos han vencido y que si tenemos que perder ser\u00e1 de pie en la calle, sosteniendo nuestras banderas de lucha&#8221;.<\/p>\n<p>Y remarc\u00f3 que &#8220;hay plata en el Estado, pero est\u00e1 puesta para la represi\u00f3n del conflicto social, para criminalizar a la protesta en la calle. Hay que decir que as\u00ed como Juan Pablo Quinteros es la marioneta y la copia trucha y berreta de Patricia Bullrich, el gobernador Mart\u00edn Llaryora es Javier Milei en esta provincia&#8221;.<img loading=\"lazy\" decoding=\"async\" class=\"aligncenter wp-image-46808 \" src=\"https:\/\/atecordoba.org\/wp-content\/uploads\/2024\/12\/WhatsApp-Image-2024-12-05-at-12.29.15-1024x769.jpeg\" alt=\"\" width=\"635\" height=\"477\" srcset=\"https:\/\/atecordoba.org\/wp-content\/uploads\/2024\/12\/WhatsApp-Image-2024-12-05-at-12.29.15-1024x769.jpeg 1024w, https:\/\/atecordoba.org\/wp-content\/uploads\/2024\/12\/WhatsApp-Image-2024-12-05-at-12.29.15-300x225.jpeg 300w, https:\/\/atecordoba.org\/wp-content\/uploads\/2024\/12\/WhatsApp-Image-2024-12-05-at-12.29.15-768x577.jpeg 768w, https:\/\/atecordoba.org\/wp-content\/uploads\/2024\/12\/WhatsApp-Image-2024-12-05-at-12.29.15-1536x1153.jpeg 1536w, https:\/\/atecordoba.org\/wp-content\/uploads\/2024\/12\/WhatsApp-Image-2024-12-05-at-12.29.15-2048x1537.jpeg 2048w, https:\/\/atecordoba.org\/wp-content\/uploads\/2024\/12\/WhatsApp-Image-2024-12-05-at-12.29.15-750x563.jpeg 750w, https:\/\/atecordoba.org\/wp-content\/uploads\/2024\/12\/WhatsApp-Image-2024-12-05-at-12.29.15-1140x856.jpeg 1140w\" sizes=\"auto, (max-width: 635px) 100vw, 635px\" \/><\/p>\n<p>Luego, Giuliani arremeti\u00f3 contra &#8220;esa dirigencia tibia que ya arregl\u00f3 y que sac\u00f3 las reposeras porque se vino el veranito, le decimos que no olviden que un 19 y 20 de diciembre una pueblada popular, una insurrecci\u00f3n, se llev\u00f3 puesto a De la Rua y tuvieron que huir como ratas en helic\u00f3ptero. El a\u00f1o no termin\u00f3, no subestimen a las trabajadoras y trabajadores estatales. Hoy estamos exponiendo en la calle el mayor valor que tenemos como trabajadores: queremos construir una revoluci\u00f3n y dar vuelta la tortilla de verdad. El mayor valor es la solidaridad de clase, ocupados privados y p\u00fablicos, desocupados, jubilados que est\u00e1n siendo v\u00edctimas del modelo de ajuste a la clase trabajadora, mientras el gobierno rifa la soberan\u00eda nacional&#8221;.<\/p>\n<p><img loading=\"lazy\" decoding=\"async\" class=\"aligncenter wp-image-46809 \" src=\"https:\/\/atecordoba.org\/wp-content\/uploads\/2024\/12\/WhatsApp-Image-2024-12-05-at-12.29.14-1024x769.jpeg\" alt=\"\" width=\"623\" height=\"468\" srcset=\"https:\/\/atecordoba.org\/wp-content\/uploads\/2024\/12\/WhatsApp-Image-2024-12-05-at-12.29.14-1024x769.jpeg 1024w, https:\/\/atecordoba.org\/wp-content\/uploads\/2024\/12\/WhatsApp-Image-2024-12-05-at-12.29.14-300x225.jpeg 300w, https:\/\/atecordoba.org\/wp-content\/uploads\/2024\/12\/WhatsApp-Image-2024-12-05-at-12.29.14-768x577.jpeg 768w, https:\/\/atecordoba.org\/wp-content\/uploads\/2024\/12\/WhatsApp-Image-2024-12-05-at-12.29.14-1536x1153.jpeg 1536w, https:\/\/atecordoba.org\/wp-content\/uploads\/2024\/12\/WhatsApp-Image-2024-12-05-at-12.29.14-2048x1537.jpeg 2048w, https:\/\/atecordoba.org\/wp-content\/uploads\/2024\/12\/WhatsApp-Image-2024-12-05-at-12.29.14-750x563.jpeg 750w, https:\/\/atecordoba.org\/wp-content\/uploads\/2024\/12\/WhatsApp-Image-2024-12-05-at-12.29.14-1140x856.jpeg 1140w\" sizes=\"auto, (max-width: 623px) 100vw, 623px\" \/><\/p>\n<p>Y concluy\u00f3 alentando a que &#8220;sigamos amasando el guiso de esta olla popular, que es el s\u00edmbolo de esta Argentina hecha de pan donde el hambre es un crimen. Con la consigna desde abajo hacia arriba, desde la periferia al centro, desde las provincias al puerto, vamos a construir la unidad con los que quieran luchar de verdad para que nuestros sue\u00f1os m\u00e1s temprano que tarde sean la pesadilla de los que mandan&#8221;.<\/p>\n<p>&nbsp;<\/p>\n<div id='gallery_1' class='gallery galleryid-46800 gallery-columns-3 gallery-size-thumbnail'><figure class='gallery-item'>\n                <div class='gallery-icon portrait'>\n                    <a href='https:\/\/atecordoba.org\/wp-content\/uploads\/2024\/12\/WhatsApp-Image-2024-12-05-at-12.29.08-2-scaled.jpeg'><img loading=\"lazy\" decoding=\"async\" width=\"150\" height=\"150\" src=\"\" class=\"attachment-thumbnail size-thumbnail lazyload\" alt=\"\" data-src=\"https:\/\/atecordoba.org\/wp-content\/uploads\/2024\/12\/WhatsApp-Image-2024-12-05-at-12.29.08-2-150x150.jpeg\" data-sizes=\"auto\" data-srcset=\"https:\/\/atecordoba.org\/wp-content\/uploads\/2024\/12\/WhatsApp-Image-2024-12-05-at-12.29.08-2-150x150.jpeg 150w, https:\/\/atecordoba.org\/wp-content\/uploads\/2024\/12\/WhatsApp-Image-2024-12-05-at-12.29.08-2-560x560.jpeg 560w, https:\/\/atecordoba.org\/wp-content\/uploads\/2024\/12\/WhatsApp-Image-2024-12-05-at-12.29.08-2-75x75.jpeg 75w, https:\/\/atecordoba.org\/wp-content\/uploads\/2024\/12\/WhatsApp-Image-2024-12-05-at-12.29.08-2-350x350.jpeg 350w\" data-expand=\"700\" \/><\/a>\n                <\/div><\/figure><figure class='gallery-item'>\n                <div class='gallery-icon portrait'>\n                    <a href='https:\/\/atecordoba.org\/wp-content\/uploads\/2024\/12\/WhatsApp-Image-2024-12-05-at-12.29.08-scaled.jpeg'><img loading=\"lazy\" decoding=\"async\" width=\"150\" height=\"150\" src=\"\" class=\"attachment-thumbnail size-thumbnail lazyload\" alt=\"\" data-src=\"https:\/\/atecordoba.org\/wp-content\/uploads\/2024\/12\/WhatsApp-Image-2024-12-05-at-12.29.08-150x150.jpeg\" data-sizes=\"auto\" data-srcset=\"https:\/\/atecordoba.org\/wp-content\/uploads\/2024\/12\/WhatsApp-Image-2024-12-05-at-12.29.08-150x150.jpeg 150w, https:\/\/atecordoba.org\/wp-content\/uploads\/2024\/12\/WhatsApp-Image-2024-12-05-at-12.29.08-560x560.jpeg 560w, https:\/\/atecordoba.org\/wp-content\/uploads\/2024\/12\/WhatsApp-Image-2024-12-05-at-12.29.08-75x75.jpeg 75w, https:\/\/atecordoba.org\/wp-content\/uploads\/2024\/12\/WhatsApp-Image-2024-12-05-at-12.29.08-350x350.jpeg 350w\" data-expand=\"700\" \/><\/a>\n                <\/div><\/figure><figure class='gallery-item'>\n                <div class='gallery-icon landscape'>\n                    <a href='https:\/\/atecordoba.org\/wp-content\/uploads\/2024\/12\/WhatsApp-Image-2024-12-05-at-12.29.09-1-scaled.jpeg'><img loading=\"lazy\" decoding=\"async\" width=\"150\" height=\"150\" src=\"\" class=\"attachment-thumbnail size-thumbnail lazyload\" alt=\"\" data-src=\"https:\/\/atecordoba.org\/wp-content\/uploads\/2024\/12\/WhatsApp-Image-2024-12-05-at-12.29.09-1-150x150.jpeg\" data-sizes=\"auto\" data-srcset=\"https:\/\/atecordoba.org\/wp-content\/uploads\/2024\/12\/WhatsApp-Image-2024-12-05-at-12.29.09-1-150x150.jpeg 150w, https:\/\/atecordoba.org\/wp-content\/uploads\/2024\/12\/WhatsApp-Image-2024-12-05-at-12.29.09-1-560x560.jpeg 560w, https:\/\/atecordoba.org\/wp-content\/uploads\/2024\/12\/WhatsApp-Image-2024-12-05-at-12.29.09-1-75x75.jpeg 75w, https:\/\/atecordoba.org\/wp-content\/uploads\/2024\/12\/WhatsApp-Image-2024-12-05-at-12.29.09-1-350x350.jpeg 350w\" data-expand=\"700\" \/><\/a>\n                <\/div><\/figure><br style=\"clear: both\" \/><figure class='gallery-item'>\n                <div class='gallery-icon portrait'>\n                    <a href='https:\/\/atecordoba.org\/wp-content\/uploads\/2024\/12\/WhatsApp-Image-2024-12-05-at-12.29.11-1-scaled.jpeg'><img loading=\"lazy\" decoding=\"async\" width=\"150\" height=\"150\" src=\"\" class=\"attachment-thumbnail size-thumbnail lazyload\" alt=\"\" data-src=\"https:\/\/atecordoba.org\/wp-content\/uploads\/2024\/12\/WhatsApp-Image-2024-12-05-at-12.29.11-1-150x150.jpeg\" data-sizes=\"auto\" data-srcset=\"https:\/\/atecordoba.org\/wp-content\/uploads\/2024\/12\/WhatsApp-Image-2024-12-05-at-12.29.11-1-150x150.jpeg 150w, https:\/\/atecordoba.org\/wp-content\/uploads\/2024\/12\/WhatsApp-Image-2024-12-05-at-12.29.11-1-560x560.jpeg 560w, https:\/\/atecordoba.org\/wp-content\/uploads\/2024\/12\/WhatsApp-Image-2024-12-05-at-12.29.11-1-75x75.jpeg 75w, https:\/\/atecordoba.org\/wp-content\/uploads\/2024\/12\/WhatsApp-Image-2024-12-05-at-12.29.11-1-350x350.jpeg 350w\" data-expand=\"700\" \/><\/a>\n                <\/div><\/figure><figure class='gallery-item'>\n                <div class='gallery-icon landscape'>\n                    <a href='https:\/\/atecordoba.org\/wp-content\/uploads\/2024\/12\/WhatsApp-Image-2024-12-05-at-12.29.15-2-scaled.jpeg'><img loading=\"lazy\" decoding=\"async\" width=\"150\" height=\"150\" src=\"\" class=\"attachment-thumbnail size-thumbnail lazyload\" alt=\"\" data-src=\"https:\/\/atecordoba.org\/wp-content\/uploads\/2024\/12\/WhatsApp-Image-2024-12-05-at-12.29.15-2-150x150.jpeg\" data-sizes=\"auto\" data-srcset=\"https:\/\/atecordoba.org\/wp-content\/uploads\/2024\/12\/WhatsApp-Image-2024-12-05-at-12.29.15-2-150x150.jpeg 150w, https:\/\/atecordoba.org\/wp-content\/uploads\/2024\/12\/WhatsApp-Image-2024-12-05-at-12.29.15-2-560x560.jpeg 560w, https:\/\/atecordoba.org\/wp-content\/uploads\/2024\/12\/WhatsApp-Image-2024-12-05-at-12.29.15-2-75x75.jpeg 75w, https:\/\/atecordoba.org\/wp-content\/uploads\/2024\/12\/WhatsApp-Image-2024-12-05-at-12.29.15-2-350x350.jpeg 350w\" data-expand=\"700\" \/><\/a>\n                <\/div><\/figure><figure class='gallery-item'>\n                <div class='gallery-icon landscape'>\n                    <a href='https:\/\/atecordoba.org\/wp-content\/uploads\/2024\/12\/WhatsApp-Image-2024-12-05-at-12.29.16-1-scaled.jpeg'><img loading=\"lazy\" decoding=\"async\" width=\"150\" height=\"150\" src=\"\" class=\"attachment-thumbnail size-thumbnail lazyload\" alt=\"\" data-src=\"https:\/\/atecordoba.org\/wp-content\/uploads\/2024\/12\/WhatsApp-Image-2024-12-05-at-12.29.16-1-150x150.jpeg\" data-sizes=\"auto\" data-srcset=\"https:\/\/atecordoba.org\/wp-content\/uploads\/2024\/12\/WhatsApp-Image-2024-12-05-at-12.29.16-1-150x150.jpeg 150w, https:\/\/atecordoba.org\/wp-content\/uploads\/2024\/12\/WhatsApp-Image-2024-12-05-at-12.29.16-1-560x560.jpeg 560w, https:\/\/atecordoba.org\/wp-content\/uploads\/2024\/12\/WhatsApp-Image-2024-12-05-at-12.29.16-1-75x75.jpeg 75w, https:\/\/atecordoba.org\/wp-content\/uploads\/2024\/12\/WhatsApp-Image-2024-12-05-at-12.29.16-1-350x350.jpeg 350w\" data-expand=\"700\" \/><\/a>\n                <\/div><\/figure><br style=\"clear: both\" \/><figure class='gallery-item'>\n                <div class='gallery-icon landscape'>\n                    <a href='https:\/\/atecordoba.org\/wp-content\/uploads\/2024\/12\/WhatsApp-Image-2024-12-05-at-12.29.45-scaled.jpeg'><img loading=\"lazy\" decoding=\"async\" width=\"150\" height=\"150\" src=\"\" class=\"attachment-thumbnail size-thumbnail lazyload\" alt=\"\" data-src=\"https:\/\/atecordoba.org\/wp-content\/uploads\/2024\/12\/WhatsApp-Image-2024-12-05-at-12.29.45-150x150.jpeg\" data-sizes=\"auto\" data-srcset=\"https:\/\/atecordoba.org\/wp-content\/uploads\/2024\/12\/WhatsApp-Image-2024-12-05-at-12.29.45-150x150.jpeg 150w, https:\/\/atecordoba.org\/wp-content\/uploads\/2024\/12\/WhatsApp-Image-2024-12-05-at-12.29.45-560x560.jpeg 560w, https:\/\/atecordoba.org\/wp-content\/uploads\/2024\/12\/WhatsApp-Image-2024-12-05-at-12.29.45-75x75.jpeg 75w, https:\/\/atecordoba.org\/wp-content\/uploads\/2024\/12\/WhatsApp-Image-2024-12-05-at-12.29.45-350x350.jpeg 350w\" data-expand=\"700\" \/><\/a>\n                <\/div><\/figure><figure class='gallery-item'>\n                <div class='gallery-icon landscape'>\n                    <a href='https:\/\/atecordoba.org\/wp-content\/uploads\/2024\/12\/WhatsApp-Image-2024-12-05-at-12.29.46-scaled.jpeg'><img loading=\"lazy\" decoding=\"async\" width=\"150\" height=\"150\" src=\"\" class=\"attachment-thumbnail size-thumbnail lazyload\" alt=\"\" data-src=\"https:\/\/atecordoba.org\/wp-content\/uploads\/2024\/12\/WhatsApp-Image-2024-12-05-at-12.29.46-150x150.jpeg\" data-sizes=\"auto\" data-srcset=\"https:\/\/atecordoba.org\/wp-content\/uploads\/2024\/12\/WhatsApp-Image-2024-12-05-at-12.29.46-150x150.jpeg 150w, https:\/\/atecordoba.org\/wp-content\/uploads\/2024\/12\/WhatsApp-Image-2024-12-05-at-12.29.46-560x560.jpeg 560w, https:\/\/atecordoba.org\/wp-content\/uploads\/2024\/12\/WhatsApp-Image-2024-12-05-at-12.29.46-75x75.jpeg 75w, https:\/\/atecordoba.org\/wp-content\/uploads\/2024\/12\/WhatsApp-Image-2024-12-05-at-12.29.46-350x350.jpeg 350w\" data-expand=\"700\" \/><\/a>\n                <\/div><\/figure><figure class='gallery-item'>\n                <div class='gallery-icon landscape'>\n                    <a href='https:\/\/atecordoba.org\/wp-content\/uploads\/2024\/12\/WhatsApp-Image-2024-12-05-at-12.29.48-scaled.jpeg'><img loading=\"lazy\" decoding=\"async\" width=\"150\" height=\"150\" src=\"\" class=\"attachment-thumbnail size-thumbnail lazyload\" alt=\"\" data-src=\"https:\/\/atecordoba.org\/wp-content\/uploads\/2024\/12\/WhatsApp-Image-2024-12-05-at-12.29.48-150x150.jpeg\" data-sizes=\"auto\" data-srcset=\"https:\/\/atecordoba.org\/wp-content\/uploads\/2024\/12\/WhatsApp-Image-2024-12-05-at-12.29.48-150x150.jpeg 150w, https:\/\/atecordoba.org\/wp-content\/uploads\/2024\/12\/WhatsApp-Image-2024-12-05-at-12.29.48-560x560.jpeg 560w, https:\/\/atecordoba.org\/wp-content\/uploads\/2024\/12\/WhatsApp-Image-2024-12-05-at-12.29.48-75x75.jpeg 75w, https:\/\/atecordoba.org\/wp-content\/uploads\/2024\/12\/WhatsApp-Image-2024-12-05-at-12.29.48-350x350.jpeg 350w\" data-expand=\"700\" \/><\/a>\n                <\/div><\/figure><br style=\"clear: both\" \/><figure class='gallery-item'>\n                <div class='gallery-icon landscape'>\n                    <a href='https:\/\/atecordoba.org\/wp-content\/uploads\/2024\/12\/WhatsApp-Image-2024-12-05-at-12.29.49-1-scaled.jpeg'><img loading=\"lazy\" decoding=\"async\" width=\"150\" height=\"150\" src=\"\" class=\"attachment-thumbnail size-thumbnail lazyload\" alt=\"\" data-src=\"https:\/\/atecordoba.org\/wp-content\/uploads\/2024\/12\/WhatsApp-Image-2024-12-05-at-12.29.49-1-150x150.jpeg\" data-sizes=\"auto\" data-srcset=\"https:\/\/atecordoba.org\/wp-content\/uploads\/2024\/12\/WhatsApp-Image-2024-12-05-at-12.29.49-1-150x150.jpeg 150w, https:\/\/atecordoba.org\/wp-content\/uploads\/2024\/12\/WhatsApp-Image-2024-12-05-at-12.29.49-1-560x560.jpeg 560w, https:\/\/atecordoba.org\/wp-content\/uploads\/2024\/12\/WhatsApp-Image-2024-12-05-at-12.29.49-1-75x75.jpeg 75w, https:\/\/atecordoba.org\/wp-content\/uploads\/2024\/12\/WhatsApp-Image-2024-12-05-at-12.29.49-1-350x350.jpeg 350w\" data-expand=\"700\" \/><\/a>\n                <\/div><\/figure><figure class='gallery-item'>\n                <div class='gallery-icon landscape'>\n                    <a href='https:\/\/atecordoba.org\/wp-content\/uploads\/2024\/12\/WhatsApp-Image-2024-12-05-at-12.29.49-scaled.jpeg'><img loading=\"lazy\" decoding=\"async\" width=\"150\" height=\"150\" src=\"\" class=\"attachment-thumbnail size-thumbnail lazyload\" alt=\"\" data-src=\"https:\/\/atecordoba.org\/wp-content\/uploads\/2024\/12\/WhatsApp-Image-2024-12-05-at-12.29.49-150x150.jpeg\" data-sizes=\"auto\" data-srcset=\"https:\/\/atecordoba.org\/wp-content\/uploads\/2024\/12\/WhatsApp-Image-2024-12-05-at-12.29.49-150x150.jpeg 150w, https:\/\/atecordoba.org\/wp-content\/uploads\/2024\/12\/WhatsApp-Image-2024-12-05-at-12.29.49-560x560.jpeg 560w, https:\/\/atecordoba.org\/wp-content\/uploads\/2024\/12\/WhatsApp-Image-2024-12-05-at-12.29.49-75x75.jpeg 75w, https:\/\/atecordoba.org\/wp-content\/uploads\/2024\/12\/WhatsApp-Image-2024-12-05-at-12.29.49-350x350.jpeg 350w\" data-expand=\"700\" \/><\/a>\n                <\/div><\/figure><figure class='gallery-item'>\n                <div class='gallery-icon landscape'>\n                    <a href='https:\/\/atecordoba.org\/wp-content\/uploads\/2024\/12\/WhatsApp-Image-2024-12-05-at-12.29.50-scaled.jpeg'><img loading=\"lazy\" decoding=\"async\" width=\"150\" height=\"150\" src=\"\" class=\"attachment-thumbnail size-thumbnail lazyload\" alt=\"\" data-src=\"https:\/\/atecordoba.org\/wp-content\/uploads\/2024\/12\/WhatsApp-Image-2024-12-05-at-12.29.50-150x150.jpeg\" data-sizes=\"auto\" data-srcset=\"https:\/\/atecordoba.org\/wp-content\/uploads\/2024\/12\/WhatsApp-Image-2024-12-05-at-12.29.50-150x150.jpeg 150w, https:\/\/atecordoba.org\/wp-content\/uploads\/2024\/12\/WhatsApp-Image-2024-12-05-at-12.29.50-560x560.jpeg 560w, https:\/\/atecordoba.org\/wp-content\/uploads\/2024\/12\/WhatsApp-Image-2024-12-05-at-12.29.50-75x75.jpeg 75w, https:\/\/atecordoba.org\/wp-content\/uploads\/2024\/12\/WhatsApp-Image-2024-12-05-at-12.29.50-350x350.jpeg 350w\" data-expand=\"700\" \/><\/a>\n                <\/div><\/figure><br style=\"clear: both\" \/><figure class='gallery-item'>\n                <div class='gallery-icon landscape'>\n                    <a href='https:\/\/atecordoba.org\/wp-content\/uploads\/2024\/12\/WhatsApp-Image-2024-12-05-at-12.29.51-scaled.jpeg'><img loading=\"lazy\" decoding=\"async\" width=\"150\" height=\"150\" src=\"\" class=\"attachment-thumbnail size-thumbnail lazyload\" alt=\"\" data-src=\"https:\/\/atecordoba.org\/wp-content\/uploads\/2024\/12\/WhatsApp-Image-2024-12-05-at-12.29.51-150x150.jpeg\" data-sizes=\"auto\" data-srcset=\"https:\/\/atecordoba.org\/wp-content\/uploads\/2024\/12\/WhatsApp-Image-2024-12-05-at-12.29.51-150x150.jpeg 150w, https:\/\/atecordoba.org\/wp-content\/uploads\/2024\/12\/WhatsApp-Image-2024-12-05-at-12.29.51-560x560.jpeg 560w, https:\/\/atecordoba.org\/wp-content\/uploads\/2024\/12\/WhatsApp-Image-2024-12-05-at-12.29.51-75x75.jpeg 75w, https:\/\/atecordoba.org\/wp-content\/uploads\/2024\/12\/WhatsApp-Image-2024-12-05-at-12.29.51-350x350.jpeg 350w\" data-expand=\"700\" \/><\/a>\n                <\/div><\/figure><figure class='gallery-item'>\n                <div class='gallery-icon landscape'>\n                    <a href='https:\/\/atecordoba.org\/wp-content\/uploads\/2024\/12\/WhatsApp-Image-2024-12-05-at-12.29.52-1-scaled.jpeg'><img loading=\"lazy\" decoding=\"async\" width=\"150\" height=\"150\" src=\"\" class=\"attachment-thumbnail size-thumbnail lazyload\" alt=\"\" data-src=\"https:\/\/atecordoba.org\/wp-content\/uploads\/2024\/12\/WhatsApp-Image-2024-12-05-at-12.29.52-1-150x150.jpeg\" data-sizes=\"auto\" data-srcset=\"https:\/\/atecordoba.org\/wp-content\/uploads\/2024\/12\/WhatsApp-Image-2024-12-05-at-12.29.52-1-150x150.jpeg 150w, https:\/\/atecordoba.org\/wp-content\/uploads\/2024\/12\/WhatsApp-Image-2024-12-05-at-12.29.52-1-560x560.jpeg 560w, https:\/\/atecordoba.org\/wp-content\/uploads\/2024\/12\/WhatsApp-Image-2024-12-05-at-12.29.52-1-75x75.jpeg 75w, https:\/\/atecordoba.org\/wp-content\/uploads\/2024\/12\/WhatsApp-Image-2024-12-05-at-12.29.52-1-350x350.jpeg 350w\" data-expand=\"700\" \/><\/a>\n                <\/div><\/figure><figure class='gallery-item'>\n                <div class='gallery-icon landscape'>\n                    <a href='https:\/\/atecordoba.org\/wp-content\/uploads\/2024\/12\/WhatsApp-Image-2024-12-05-at-12.29.53-scaled.jpeg'><img loading=\"lazy\" decoding=\"async\" width=\"150\" height=\"150\" src=\"\" class=\"attachment-thumbnail size-thumbnail lazyload\" alt=\"\" data-src=\"https:\/\/atecordoba.org\/wp-content\/uploads\/2024\/12\/WhatsApp-Image-2024-12-05-at-12.29.53-150x150.jpeg\" data-sizes=\"auto\" data-srcset=\"https:\/\/atecordoba.org\/wp-content\/uploads\/2024\/12\/WhatsApp-Image-2024-12-05-at-12.29.53-150x150.jpeg 150w, https:\/\/atecordoba.org\/wp-content\/uploads\/2024\/12\/WhatsApp-Image-2024-12-05-at-12.29.53-560x560.jpeg 560w, https:\/\/atecordoba.org\/wp-content\/uploads\/2024\/12\/WhatsApp-Image-2024-12-05-at-12.29.53-75x75.jpeg 75w, https:\/\/atecordoba.org\/wp-content\/uploads\/2024\/12\/WhatsApp-Image-2024-12-05-at-12.29.53-350x350.jpeg 350w\" data-expand=\"700\" \/><\/a>\n                <\/div><\/figure><br style=\"clear: both\" \/><figure class='gallery-item'>\n                <div class='gallery-icon landscape'>\n                    <a href='https:\/\/atecordoba.org\/wp-content\/uploads\/2024\/12\/WhatsApp-Image-2024-12-05-at-12.29.56-scaled.jpeg'><img loading=\"lazy\" decoding=\"async\" width=\"150\" height=\"150\" src=\"\" class=\"attachment-thumbnail size-thumbnail lazyload\" alt=\"\" data-src=\"https:\/\/atecordoba.org\/wp-content\/uploads\/2024\/12\/WhatsApp-Image-2024-12-05-at-12.29.56-150x150.jpeg\" data-sizes=\"auto\" data-srcset=\"https:\/\/atecordoba.org\/wp-content\/uploads\/2024\/12\/WhatsApp-Image-2024-12-05-at-12.29.56-150x150.jpeg 150w, https:\/\/atecordoba.org\/wp-content\/uploads\/2024\/12\/WhatsApp-Image-2024-12-05-at-12.29.56-560x560.jpeg 560w, https:\/\/atecordoba.org\/wp-content\/uploads\/2024\/12\/WhatsApp-Image-2024-12-05-at-12.29.56-75x75.jpeg 75w, https:\/\/atecordoba.org\/wp-content\/uploads\/2024\/12\/WhatsApp-Image-2024-12-05-at-12.29.56-350x350.jpeg 350w\" data-expand=\"700\" \/><\/a>\n                <\/div><\/figure><figure class='gallery-item'>\n                <div class='gallery-icon landscape'>\n                    <a href='https:\/\/atecordoba.org\/wp-content\/uploads\/2024\/12\/WhatsApp-Image-2024-12-05-at-12.29.57-1-scaled.jpeg'><img loading=\"lazy\" decoding=\"async\" width=\"150\" height=\"150\" src=\"\" class=\"attachment-thumbnail size-thumbnail lazyload\" alt=\"\" data-src=\"https:\/\/atecordoba.org\/wp-content\/uploads\/2024\/12\/WhatsApp-Image-2024-12-05-at-12.29.57-1-150x150.jpeg\" data-sizes=\"auto\" data-srcset=\"https:\/\/atecordoba.org\/wp-content\/uploads\/2024\/12\/WhatsApp-Image-2024-12-05-at-12.29.57-1-150x150.jpeg 150w, https:\/\/atecordoba.org\/wp-content\/uploads\/2024\/12\/WhatsApp-Image-2024-12-05-at-12.29.57-1-560x560.jpeg 560w, https:\/\/atecordoba.org\/wp-content\/uploads\/2024\/12\/WhatsApp-Image-2024-12-05-at-12.29.57-1-75x75.jpeg 75w, https:\/\/atecordoba.org\/wp-content\/uploads\/2024\/12\/WhatsApp-Image-2024-12-05-at-12.29.57-1-350x350.jpeg 350w\" data-expand=\"700\" \/><\/a>\n                <\/div><\/figure><figure class='gallery-item'>\n                <div class='gallery-icon landscape'>\n                    <a href='https:\/\/atecordoba.org\/wp-content\/uploads\/2024\/12\/WhatsApp-Image-2024-12-05-at-12.29.58-scaled.jpeg'><img loading=\"lazy\" decoding=\"async\" width=\"150\" height=\"150\" src=\"\" class=\"attachment-thumbnail size-thumbnail lazyload\" alt=\"\" data-src=\"https:\/\/atecordoba.org\/wp-content\/uploads\/2024\/12\/WhatsApp-Image-2024-12-05-at-12.29.58-150x150.jpeg\" data-sizes=\"auto\" data-srcset=\"https:\/\/atecordoba.org\/wp-content\/uploads\/2024\/12\/WhatsApp-Image-2024-12-05-at-12.29.58-150x150.jpeg 150w, https:\/\/atecordoba.org\/wp-content\/uploads\/2024\/12\/WhatsApp-Image-2024-12-05-at-12.29.58-560x560.jpeg 560w, https:\/\/atecordoba.org\/wp-content\/uploads\/2024\/12\/WhatsApp-Image-2024-12-05-at-12.29.58-75x75.jpeg 75w, https:\/\/atecordoba.org\/wp-content\/uploads\/2024\/12\/WhatsApp-Image-2024-12-05-at-12.29.58-350x350.jpeg 350w\" data-expand=\"700\" \/><\/a>\n                <\/div><\/figure><br style=\"clear: both\" \/><figure class='gallery-item'>\n                <div class='gallery-icon landscape'>\n                    <a href='https:\/\/atecordoba.org\/wp-content\/uploads\/2024\/12\/WhatsApp-Image-2024-12-05-at-12.46.27-1.jpeg'><img loading=\"lazy\" decoding=\"async\" width=\"150\" height=\"150\" src=\"\" class=\"attachment-thumbnail size-thumbnail lazyload\" alt=\"\" data-src=\"https:\/\/atecordoba.org\/wp-content\/uploads\/2024\/12\/WhatsApp-Image-2024-12-05-at-12.46.27-1-150x150.jpeg\" data-sizes=\"auto\" data-srcset=\"https:\/\/atecordoba.org\/wp-content\/uploads\/2024\/12\/WhatsApp-Image-2024-12-05-at-12.46.27-1-150x150.jpeg 150w, https:\/\/atecordoba.org\/wp-content\/uploads\/2024\/12\/WhatsApp-Image-2024-12-05-at-12.46.27-1-560x560.jpeg 560w, https:\/\/atecordoba.org\/wp-content\/uploads\/2024\/12\/WhatsApp-Image-2024-12-05-at-12.46.27-1-75x75.jpeg 75w, https:\/\/atecordoba.org\/wp-content\/uploads\/2024\/12\/WhatsApp-Image-2024-12-05-at-12.46.27-1-350x350.jpeg 350w\" data-expand=\"700\" \/><\/a>\n                <\/div><\/figure><figure class='gallery-item'>\n                <div class='gallery-icon landscape'>\n                    <a href='https:\/\/atecordoba.org\/wp-content\/uploads\/2024\/12\/WhatsApp-Image-2024-12-05-at-12.46.27.jpeg'><img loading=\"lazy\" decoding=\"async\" width=\"150\" height=\"150\" src=\"\" class=\"attachment-thumbnail size-thumbnail lazyload\" alt=\"\" data-src=\"https:\/\/atecordoba.org\/wp-content\/uploads\/2024\/12\/WhatsApp-Image-2024-12-05-at-12.46.27-150x150.jpeg\" data-sizes=\"auto\" data-srcset=\"https:\/\/atecordoba.org\/wp-content\/uploads\/2024\/12\/WhatsApp-Image-2024-12-05-at-12.46.27-150x150.jpeg 150w, https:\/\/atecordoba.org\/wp-content\/uploads\/2024\/12\/WhatsApp-Image-2024-12-05-at-12.46.27-560x560.jpeg 560w, https:\/\/atecordoba.org\/wp-content\/uploads\/2024\/12\/WhatsApp-Image-2024-12-05-at-12.46.27-75x75.jpeg 75w, https:\/\/atecordoba.org\/wp-content\/uploads\/2024\/12\/WhatsApp-Image-2024-12-05-at-12.46.27-350x350.jpeg 350w\" data-expand=\"700\" \/><\/a>\n                <\/div><\/figure><figure class='gallery-item'>\n                <div class='gallery-icon landscape'>\n                    <a href='https:\/\/atecordoba.org\/wp-content\/uploads\/2024\/12\/WhatsApp-Image-2024-12-05-at-10.34.49-1-scaled.jpeg'><img loading=\"lazy\" decoding=\"async\" width=\"150\" height=\"150\" src=\"\" class=\"attachment-thumbnail size-thumbnail lazyload\" alt=\"\" data-src=\"https:\/\/atecordoba.org\/wp-content\/uploads\/2024\/12\/WhatsApp-Image-2024-12-05-at-10.34.49-1-150x150.jpeg\" data-sizes=\"auto\" data-srcset=\"https:\/\/atecordoba.org\/wp-content\/uploads\/2024\/12\/WhatsApp-Image-2024-12-05-at-10.34.49-1-150x150.jpeg 150w, https:\/\/atecordoba.org\/wp-content\/uploads\/2024\/12\/WhatsApp-Image-2024-12-05-at-10.34.49-1-560x560.jpeg 560w, https:\/\/atecordoba.org\/wp-content\/uploads\/2024\/12\/WhatsApp-Image-2024-12-05-at-10.34.49-1-75x75.jpeg 75w, https:\/\/atecordoba.org\/wp-content\/uploads\/2024\/12\/WhatsApp-Image-2024-12-05-at-10.34.49-1-350x350.jpeg 350w\" data-expand=\"700\" \/><\/a>\n                <\/div><\/figure><br style=\"clear: both\" \/><figure class='gallery-item'>\n                <div class='gallery-icon portrait'>\n                    <a href='https:\/\/atecordoba.org\/wp-content\/uploads\/2024\/12\/WhatsApp-Image-2024-12-05-at-10.34.55-2-scaled.jpeg'><img loading=\"lazy\" decoding=\"async\" width=\"150\" height=\"150\" src=\"\" class=\"attachment-thumbnail size-thumbnail lazyload\" alt=\"\" data-src=\"https:\/\/atecordoba.org\/wp-content\/uploads\/2024\/12\/WhatsApp-Image-2024-12-05-at-10.34.55-2-150x150.jpeg\" data-sizes=\"auto\" data-srcset=\"https:\/\/atecordoba.org\/wp-content\/uploads\/2024\/12\/WhatsApp-Image-2024-12-05-at-10.34.55-2-150x150.jpeg 150w, https:\/\/atecordoba.org\/wp-content\/uploads\/2024\/12\/WhatsApp-Image-2024-12-05-at-10.34.55-2-560x560.jpeg 560w, https:\/\/atecordoba.org\/wp-content\/uploads\/2024\/12\/WhatsApp-Image-2024-12-05-at-10.34.55-2-75x75.jpeg 75w, https:\/\/atecordoba.org\/wp-content\/uploads\/2024\/12\/WhatsApp-Image-2024-12-05-at-10.34.55-2-350x350.jpeg 350w\" data-expand=\"700\" \/><\/a>\n                <\/div><\/figure><figure class='gallery-item'>\n                <div class='gallery-icon landscape'>\n                    <a href='https:\/\/atecordoba.org\/wp-content\/uploads\/2024\/12\/WhatsApp-Image-2024-12-05-at-12.29.06-1-scaled-e1733506449770.jpeg'><img loading=\"lazy\" decoding=\"async\" width=\"150\" height=\"150\" src=\"\" class=\"attachment-thumbnail size-thumbnail lazyload\" alt=\"\" data-src=\"https:\/\/atecordoba.org\/wp-content\/uploads\/2024\/12\/WhatsApp-Image-2024-12-05-at-12.29.06-1-150x150.jpeg\" data-sizes=\"auto\" data-srcset=\"https:\/\/atecordoba.org\/wp-content\/uploads\/2024\/12\/WhatsApp-Image-2024-12-05-at-12.29.06-1-150x150.jpeg 150w, https:\/\/atecordoba.org\/wp-content\/uploads\/2024\/12\/WhatsApp-Image-2024-12-05-at-12.29.06-1-560x560.jpeg 560w, https:\/\/atecordoba.org\/wp-content\/uploads\/2024\/12\/WhatsApp-Image-2024-12-05-at-12.29.06-1-75x75.jpeg 75w, https:\/\/atecordoba.org\/wp-content\/uploads\/2024\/12\/WhatsApp-Image-2024-12-05-at-12.29.06-1-350x350.jpeg 350w\" data-expand=\"700\" \/><\/a>\n                <\/div><\/figure><figure class='gallery-item'>\n                <div class='gallery-icon portrait'>\n                    <a href='https:\/\/atecordoba.org\/wp-content\/uploads\/2024\/12\/WhatsApp-Image-2024-12-05-at-12.29.06-2-scaled.jpeg'><img loading=\"lazy\" decoding=\"async\" width=\"150\" height=\"150\" src=\"\" class=\"attachment-thumbnail size-thumbnail lazyload\" alt=\"\" data-src=\"https:\/\/atecordoba.org\/wp-content\/uploads\/2024\/12\/WhatsApp-Image-2024-12-05-at-12.29.06-2-150x150.jpeg\" data-sizes=\"auto\" data-srcset=\"https:\/\/atecordoba.org\/wp-content\/uploads\/2024\/12\/WhatsApp-Image-2024-12-05-at-12.29.06-2-150x150.jpeg 150w, https:\/\/atecordoba.org\/wp-content\/uploads\/2024\/12\/WhatsApp-Image-2024-12-05-at-12.29.06-2-560x560.jpeg 560w, https:\/\/atecordoba.org\/wp-content\/uploads\/2024\/12\/WhatsApp-Image-2024-12-05-at-12.29.06-2-75x75.jpeg 75w, https:\/\/atecordoba.org\/wp-content\/uploads\/2024\/12\/WhatsApp-Image-2024-12-05-at-12.29.06-2-350x350.jpeg 350w\" data-expand=\"700\" \/><\/a>\n                <\/div><\/figure><br style=\"clear: both\" \/><figure class='gallery-item'>\n                <div class='gallery-icon portrait'>\n                    <a href='https:\/\/atecordoba.org\/wp-content\/uploads\/2024\/12\/WhatsApp-Image-2024-12-05-at-12.29.06-3-scaled.jpeg'><img loading=\"lazy\" decoding=\"async\" width=\"150\" height=\"150\" src=\"\" class=\"attachment-thumbnail size-thumbnail lazyload\" alt=\"\" data-src=\"https:\/\/atecordoba.org\/wp-content\/uploads\/2024\/12\/WhatsApp-Image-2024-12-05-at-12.29.06-3-150x150.jpeg\" data-sizes=\"auto\" data-srcset=\"https:\/\/atecordoba.org\/wp-content\/uploads\/2024\/12\/WhatsApp-Image-2024-12-05-at-12.29.06-3-150x150.jpeg 150w, https:\/\/atecordoba.org\/wp-content\/uploads\/2024\/12\/WhatsApp-Image-2024-12-05-at-12.29.06-3-560x560.jpeg 560w, https:\/\/atecordoba.org\/wp-content\/uploads\/2024\/12\/WhatsApp-Image-2024-12-05-at-12.29.06-3-75x75.jpeg 75w, https:\/\/atecordoba.org\/wp-content\/uploads\/2024\/12\/WhatsApp-Image-2024-12-05-at-12.29.06-3-350x350.jpeg 350w\" data-expand=\"700\" \/><\/a>\n                <\/div><\/figure><figure class='gallery-item'>\n                <div class='gallery-icon portrait'>\n                    <a href='https:\/\/atecordoba.org\/wp-content\/uploads\/2024\/12\/WhatsApp-Image-2024-12-05-at-12.29.06-scaled.jpeg'><img loading=\"lazy\" decoding=\"async\" width=\"150\" height=\"150\" src=\"\" class=\"attachment-thumbnail size-thumbnail lazyload\" alt=\"\" data-src=\"https:\/\/atecordoba.org\/wp-content\/uploads\/2024\/12\/WhatsApp-Image-2024-12-05-at-12.29.06-150x150.jpeg\" data-sizes=\"auto\" data-srcset=\"https:\/\/atecordoba.org\/wp-content\/uploads\/2024\/12\/WhatsApp-Image-2024-12-05-at-12.29.06-150x150.jpeg 150w, https:\/\/atecordoba.org\/wp-content\/uploads\/2024\/12\/WhatsApp-Image-2024-12-05-at-12.29.06-560x560.jpeg 560w, https:\/\/atecordoba.org\/wp-content\/uploads\/2024\/12\/WhatsApp-Image-2024-12-05-at-12.29.06-75x75.jpeg 75w, https:\/\/atecordoba.org\/wp-content\/uploads\/2024\/12\/WhatsApp-Image-2024-12-05-at-12.29.06-350x350.jpeg 350w\" data-expand=\"700\" \/><\/a>\n                <\/div><\/figure>\n                <br style='clear: both' \/>\n            <\/div>\n\n<p>&nbsp;<\/p>\n<p>&nbsp;<\/p>\n","protected":false},"excerpt":{"rendered":"<p>Hoy se realiz\u00f3 una fuerte protesta con corte de media calzado en la Ruta 20, frente a la Escuela de Suboficiales de la Fuerza A\u00e9rea, en l\u00ednea a la Jornada Nacional de Protesta que ATE lleva adelante en todo el pa\u00eds, en repudio al ajuste de Milei en el Estado nacional, los bajos salarios y [&hellip;]<\/p>\n","protected":false},"author":7,"featured_media":46832,"comment_status":"open","ping_status":"open","sticky":false,"template":"","format":"standard","meta":{"_exactmetrics_skip_tracking":false,"_exactmetrics_sitenote_active":false,"_exactmetrics_sitenote_note":"","_exactmetrics_sitenote_category":0,"jnews-multi-image_gallery":[],"jnews_single_post":{"format":"standard","override":[{"template":"1","parallax":"1","fullscreen":"1","layout":"no-sidebar-narrow","sidebar":"default-sidebar","second_sidebar":"default-sidebar","sticky_sidebar":"1","share_position":"bottom","share_float_style":"share-monocrhome","show_share_counter":"1","show_view_counter":"1","show_post_meta":"1","show_post_author_image":"1","show_post_date":"1","post_date_format":"default","post_date_format_custom":"Y\/m\/d","show_post_category":"1","show_post_reading_time":"0","post_reading_time_wpm":"300","post_calculate_word_method":"str_word_count","show_zoom_button":"0","zoom_button_out_step":"2","zoom_button_in_step":"3","show_post_tag":"1","number_popup_post":"1","show_post_related":"1","show_inline_post_related":"0"}],"image_override":[{"single_post_thumbnail_size":"crop-500","single_post_gallery_size":"crop-500"}],"trending_post_position":"meta","trending_post_label":"Trending","sponsored_post_label":"Sponsored by","disable_ad":"0"},"jnews_primary_category":[],"jnews_social_meta":[],"jnews_review":[],"enable_review":"","type":"percentage","name":"","summary":"","brand":"","sku":"","good":[],"bad":[],"score_override":"","override_value":"","rating":[],"price":[],"jnews_override_counter":{"view_counter_number":"0","share_counter_number":"0","like_counter_number":"0","dislike_counter_number":"0"},"jnews_post_split":{"post_split":[{"template":"1","tag":"h2","numbering":"asc","mode":"normal","first":"0","enable_toc":"0","toc_type":"normal"}]},"footnotes":""},"categories":[341],"tags":[395,352],"class_list":["post-46800","post","type-post","status-publish","format-standard","has-post-thumbnail","hentry","category-cdp","tag-ate-cordoba","tag-jornada-de-lucha"],"jetpack_featured_media_url":"https:\/\/atecordoba.org\/wp-content\/uploads\/2024\/12\/WhatsApp-Image-2024-12-05-at-12.29.06-1-scaled-e1733506449770.jpeg","_links":{"self":[{"href":"https:\/\/atecordoba.org\/index.php?rest_route=\/wp\/v2\/posts\/46800","targetHints":{"allow":["GET"]}}],"collection":[{"href":"https:\/\/atecordoba.org\/index.php?rest_route=\/wp\/v2\/posts"}],"about":[{"href":"https:\/\/atecordoba.org\/index.php?rest_route=\/wp\/v2\/types\/post"}],"author":[{"embeddable":true,"href":"https:\/\/atecordoba.org\/index.php?rest_route=\/wp\/v2\/users\/7"}],"replies":[{"embeddable":true,"href":"https:\/\/atecordoba.org\/index.php?rest_route=%2Fwp%2Fv2%2Fcomments&post=46800"}],"version-history":[{"count":1,"href":"https:\/\/atecordoba.org\/index.php?rest_route=\/wp\/v2\/posts\/46800\/revisions"}],"predecessor-version":[{"id":46837,"href":"https:\/\/atecordoba.org\/index.php?rest_route=\/wp\/v2\/posts\/46800\/revisions\/46837"}],"wp:featuredmedia":[{"embeddable":true,"href":"https:\/\/atecordoba.org\/index.php?rest_route=\/wp\/v2\/media\/46832"}],"wp:attachment":[{"href":"https:\/\/atecordoba.org\/index.php?rest_route=%2Fwp%2Fv2%2Fmedia&parent=46800"}],"wp:term":[{"taxonomy":"category","embeddable":true,"href":"https:\/\/atecordoba.org\/index.php?rest_route=%2Fwp%2Fv2%2Fcategories&post=46800"},{"taxonomy":"post_tag","embeddable":true,"href":"https:\/\/atecordoba.org\/index.php?rest_route=%2Fwp%2Fv2%2Ftags&post=46800"}],"curies":[{"name":"wp","href":"https:\/\/api.w.org\/{rel}","templated":true}]}}