{"id":4680,"date":"2014-11-03T16:46:15","date_gmt":"2014-11-03T19:46:15","guid":{"rendered":"http:\/\/www.atecordoba.org\/?p=4680"},"modified":"2014-11-03T16:46:15","modified_gmt":"2014-11-03T19:46:15","slug":"continuan-esta-semana-las-asambleas-en-los-hospitales-en-rechazo-al-bono","status":"publish","type":"post","link":"https:\/\/atecordoba.org\/?p=4680","title":{"rendered":"Contin\u00faan esta semana las asambleas en los hospitales en rechazo al bono"},"content":{"rendered":"<p><em>Los trabajadores de los hospitales provinciales continuar\u00e1n reclamando esta semana una recomposici\u00f3n salarial incorporada al salario b\u00e1sico, al tiempo que rechazan el bono por \u00fanica vez que el gobierno cordob\u00e9s otorgar\u00e1 este mes.<\/em><\/p>\n<p><a href=\"http:\/\/www.atecordoba.org\/wp-content\/uploads\/2013\/12\/6.png\"><img loading=\"lazy\" decoding=\"async\" class=\"aligncenter  wp-image-3749\" src=\"http:\/\/www.atecordoba.org\/wp-content\/uploads\/2013\/12\/6.png\" alt=\"6\" width=\"575\" height=\"431\" \/><\/a><\/p>\n<p>En tal sentido, el hospital Tr\u00e1nsito C\u00e1ceres de Allende realizar\u00e1 una ma\u00f1ana una asamblea a partir de las 7 horas que resentir\u00e1 la atenci\u00f3n. Est\u00e1 previsto que la medida se extienda durante toda la semana.<\/p>\n<p>En esa l\u00ednea, el Hospital Materno Neonatal iniciar\u00e1 ma\u00f1ana su asamblea a las 8 horas y otro tanto realizar\u00e1, , tambi\u00e9n ma\u00f1ana de 9 a 11 horas, la Maternidad provincial.<\/p>\n<p>Como se viene informando, los trabajadores reclaman que el monto que el gobierno pagar\u00e1 en forma de bono por \u00fanica vez se incorpore al salario b\u00e1sico, de forma que compense la p\u00e9rdida de capacidad adquisitiva que sufrimos en C\u00f3rdoba. Vale se\u00f1alar que la pauta otorgada por el gobierno en febrero (31%) est\u00e1, al menos, 9 puntos por debajo de la inflaci\u00f3n que el propio gobernador De la Sota cifr\u00f3 en 40%. Pero la realidad cordobesa incluye tambi\u00e9n el boleto de transporte p\u00fablico m\u00e1s caro del pa\u00eds y la sobretasa a las naftas, todo producto de las pol\u00edticas que se llevan adelante en la Provincia y la ciudad de C\u00f3rdoba.<\/p>\n<p>Adem\u00e1s, los trabajadores reclaman el pase a planta de los contratos a plazo fijo, los monotributos y toda forma de precarizaci\u00f3n laboral que atenta contra la estabilidad en el empleo p\u00fablico, derecho establecido por la Constituci\u00f3n que la Provincia insiste en incumplir.<\/p>\n<p>En consecuencia, los trabajadores continuar\u00e1n el plan de lucha hasta tanto obtengan la respuesta adecuada a sus reclamos.<\/p>\n<p style=\"text-align: right;\">Mar\u00eda Teresa Romero<\/p>\n<p style=\"text-align: right;\">Secretaria General<\/p>\n<p style=\"text-align: right;\">ATE C\u00f3rdoba<\/p>\n","protected":false},"excerpt":{"rendered":"<p>Los trabajadores de los hospitales provinciales continuar\u00e1n reclamando esta semana una recomposici\u00f3n salarial incorporada al salario b\u00e1sico, al tiempo que rechazan el bono por \u00fanica vez que el gobierno cordob\u00e9s otorgar\u00e1 este mes. En tal sentido, el hospital Tr\u00e1nsito C\u00e1ceres de Allende realizar\u00e1 una ma\u00f1ana una asamblea a partir de las 7 horas que resentir\u00e1 [&hellip;]<\/p>\n","protected":false},"author":1,"featured_media":19220,"comment_status":"open","ping_status":"open","sticky":false,"template":"","format":"standard","meta":{"_exactmetrics_skip_tracking":false,"_exactmetrics_sitenote_active":false,"_exactmetrics_sitenote_note":"","_exactmetrics_sitenote_category":0,"jnews-multi-image_gallery":[],"jnews_single_post":[],"jnews_primary_category":[],"jnews_social_meta":[],"jnews_review":[],"enable_review":"","type":"","name":"","summary":"","brand":"","sku":"","good":[],"bad":[],"score_override":"","override_value":"","rating":[],"price":[],"jnews_override_counter":[],"jnews_post_split":[],"footnotes":""},"categories":[53,7,8],"tags":[],"class_list":["post-4680","post","type-post","status-publish","format-standard","has-post-thumbnail","hentry","category-comunicados-de-prensa","category-hospitales","category-provinciales"],"jetpack_featured_media_url":"https:\/\/atecordoba.org\/wp-content\/uploads\/2020\/05\/logo-nuevochico-e1561581322808.png","_links":{"self":[{"href":"https:\/\/atecordoba.org\/index.php?rest_route=\/wp\/v2\/posts\/4680","targetHints":{"allow":["GET"]}}],"collection":[{"href":"https:\/\/atecordoba.org\/index.php?rest_route=\/wp\/v2\/posts"}],"about":[{"href":"https:\/\/atecordoba.org\/index.php?rest_route=\/wp\/v2\/types\/post"}],"author":[{"embeddable":true,"href":"https:\/\/atecordoba.org\/index.php?rest_route=\/wp\/v2\/users\/1"}],"replies":[{"embeddable":true,"href":"https:\/\/atecordoba.org\/index.php?rest_route=%2Fwp%2Fv2%2Fcomments&post=4680"}],"version-history":[{"count":0,"href":"https:\/\/atecordoba.org\/index.php?rest_route=\/wp\/v2\/posts\/4680\/revisions"}],"wp:featuredmedia":[{"embeddable":true,"href":"https:\/\/atecordoba.org\/index.php?rest_route=\/wp\/v2\/media\/19220"}],"wp:attachment":[{"href":"https:\/\/atecordoba.org\/index.php?rest_route=%2Fwp%2Fv2%2Fmedia&parent=4680"}],"wp:term":[{"taxonomy":"category","embeddable":true,"href":"https:\/\/atecordoba.org\/index.php?rest_route=%2Fwp%2Fv2%2Fcategories&post=4680"},{"taxonomy":"post_tag","embeddable":true,"href":"https:\/\/atecordoba.org\/index.php?rest_route=%2Fwp%2Fv2%2Ftags&post=4680"}],"curies":[{"name":"wp","href":"https:\/\/api.w.org\/{rel}","templated":true}]}}