{"id":46791,"date":"2024-12-05T11:02:06","date_gmt":"2024-12-05T14:02:06","guid":{"rendered":"https:\/\/atecordoba.org\/?p=46791"},"modified":"2024-12-05T11:03:22","modified_gmt":"2024-12-05T14:03:22","slug":"protesta-en-la-ruta-20-hacemos-responsables-a-bullrich-y-llaryora-por-la-integridad-de-las-y-los-estatales","status":"publish","type":"post","link":"https:\/\/atecordoba.org\/?p=46791","title":{"rendered":"Protesta en la Ruta 20: hacemos responsables a Bullrich y Llaryora por la integridad de las y los estatales"},"content":{"rendered":"<p><img loading=\"lazy\" decoding=\"async\" class=\"aligncenter wp-image-46792 \" src=\"https:\/\/atecordoba.org\/wp-content\/uploads\/2024\/12\/WhatsApp-Image-2024-12-05-at-10.34.51-1024x768.jpeg\" alt=\"\" width=\"615\" height=\"462\" \/><\/p>\n<p>Frente al desmesurado y desproporcionado operativo de seguridad de la Policial de C\u00f3rdoba y la Gendarmer\u00eda Nacional para obstaculizar y reprimir la protesta dispuesta por ATE C\u00f3rdoba en la Ruta 20, a la altura de la Escuela de Suboficiales de la Fuerza A\u00e9rea, el Consejo Directivo Provincial hace responsables pol\u00edticos y penales al gobernador Mart\u00edn Llaryora y la ministra de Seguridad Patricia Bullrich por la integridad de las y los estatales que nos vamos a manifestar en el lugar.<\/p>\n<p>Nos movilizamos en el marco del derecho a la protesta y el derecho a huelga que garantiza la Constituci\u00f3n Nacional, y repudiamos la pol\u00edtica fascista de represi\u00f3n que vienen aplicando ambas administraciones, mientras someten a la poblaci\u00f3n a un ajuste brutal que condena a las y los trabajadores a la miseria.<\/p>\n<p><img loading=\"lazy\" decoding=\"async\" class=\"aligncenter wp-image-46793 \" src=\"https:\/\/atecordoba.org\/wp-content\/uploads\/2024\/12\/WhatsApp-Image-2024-12-05-at-10.34.49-1024x769.jpeg\" alt=\"\" width=\"634\" height=\"476\" srcset=\"https:\/\/atecordoba.org\/wp-content\/uploads\/2024\/12\/WhatsApp-Image-2024-12-05-at-10.34.49-1024x769.jpeg 1024w, https:\/\/atecordoba.org\/wp-content\/uploads\/2024\/12\/WhatsApp-Image-2024-12-05-at-10.34.49-300x225.jpeg 300w, https:\/\/atecordoba.org\/wp-content\/uploads\/2024\/12\/WhatsApp-Image-2024-12-05-at-10.34.49-768x577.jpeg 768w, https:\/\/atecordoba.org\/wp-content\/uploads\/2024\/12\/WhatsApp-Image-2024-12-05-at-10.34.49-1536x1153.jpeg 1536w, https:\/\/atecordoba.org\/wp-content\/uploads\/2024\/12\/WhatsApp-Image-2024-12-05-at-10.34.49-2048x1537.jpeg 2048w, https:\/\/atecordoba.org\/wp-content\/uploads\/2024\/12\/WhatsApp-Image-2024-12-05-at-10.34.49-750x563.jpeg 750w, https:\/\/atecordoba.org\/wp-content\/uploads\/2024\/12\/WhatsApp-Image-2024-12-05-at-10.34.49-1140x856.jpeg 1140w\" sizes=\"auto, (max-width: 634px) 100vw, 634px\" \/><\/p>\n<p>Cabe mencionar que esta protesta se produce en el marco de una Jornada Nacional de Protesta en reclamo de la reincorporaci\u00f3n inmediata de las y los despedidos en la Administraci\u00f3n P\u00fablica Nacional, salarios dignos que superen la l\u00ednea de pobreza, rechazo al desguace y privatizaci\u00f3n de empresas p\u00fablicas y defensa de los remedios para jubilados y jubiladas y la soberan\u00eda nacional.<\/p>\n<p>Cualquier consecuencia para la salud y la afectaci\u00f3n de los derechos conculcados por la Constituci\u00f3n tendr\u00e1 en Llaryora y Bullrich los responsables directos.<\/p>\n<p>A pesar de las persecuciones y amedrentamientos, ATE continuar\u00e1 defendiendo a las y los estatales, comprometida en la leg\u00edtima lucha contra el vaciamiento del Estado y en favor del derecho de las y los trabajadores.<\/p>\n<p style=\"text-align: center\">Consejo Directivo Provincial<\/p>\n<p style=\"text-align: center\">ATE C\u00f3rdoba<\/p>\n<div id='gallery_1' class='gallery galleryid-46791 gallery-columns-3 gallery-size-medium'><figure class='gallery-item'>\n                <div class='gallery-icon portrait'>\n                    <a href='https:\/\/atecordoba.org\/wp-content\/uploads\/2024\/12\/WhatsApp-Image-2024-12-05-at-10.34.55-scaled.jpeg'><img loading=\"lazy\" decoding=\"async\" width=\"225\" height=\"300\" src=\"\" class=\"attachment-medium size-medium lazyload\" alt=\"\" data-src=\"https:\/\/atecordoba.org\/wp-content\/uploads\/2024\/12\/WhatsApp-Image-2024-12-05-at-10.34.55-225x300.jpeg\" data-sizes=\"auto\" data-srcset=\"https:\/\/atecordoba.org\/wp-content\/uploads\/2024\/12\/WhatsApp-Image-2024-12-05-at-10.34.55-225x300.jpeg 225w, https:\/\/atecordoba.org\/wp-content\/uploads\/2024\/12\/WhatsApp-Image-2024-12-05-at-10.34.55-769x1024.jpeg 769w, https:\/\/atecordoba.org\/wp-content\/uploads\/2024\/12\/WhatsApp-Image-2024-12-05-at-10.34.55-768x1023.jpeg 768w, https:\/\/atecordoba.org\/wp-content\/uploads\/2024\/12\/WhatsApp-Image-2024-12-05-at-10.34.55-1153x1536.jpeg 1153w, https:\/\/atecordoba.org\/wp-content\/uploads\/2024\/12\/WhatsApp-Image-2024-12-05-at-10.34.55-1537x2048.jpeg 1537w, https:\/\/atecordoba.org\/wp-content\/uploads\/2024\/12\/WhatsApp-Image-2024-12-05-at-10.34.55-750x999.jpeg 750w, https:\/\/atecordoba.org\/wp-content\/uploads\/2024\/12\/WhatsApp-Image-2024-12-05-at-10.34.55-1140x1519.jpeg 1140w, https:\/\/atecordoba.org\/wp-content\/uploads\/2024\/12\/WhatsApp-Image-2024-12-05-at-10.34.55-scaled.jpeg 1922w\" data-expand=\"700\" \/><\/a>\n                <\/div><\/figure><figure class='gallery-item'>\n                <div class='gallery-icon landscape'>\n                    <a href='https:\/\/atecordoba.org\/wp-content\/uploads\/2024\/12\/WhatsApp-Image-2024-12-05-at-10.34.54-scaled.jpeg'><img loading=\"lazy\" decoding=\"async\" width=\"300\" height=\"225\" src=\"\" class=\"attachment-medium size-medium lazyload\" alt=\"\" data-src=\"https:\/\/atecordoba.org\/wp-content\/uploads\/2024\/12\/WhatsApp-Image-2024-12-05-at-10.34.54-300x225.jpeg\" data-sizes=\"auto\" data-srcset=\"https:\/\/atecordoba.org\/wp-content\/uploads\/2024\/12\/WhatsApp-Image-2024-12-05-at-10.34.54-300x225.jpeg 300w, https:\/\/atecordoba.org\/wp-content\/uploads\/2024\/12\/WhatsApp-Image-2024-12-05-at-10.34.54-1024x769.jpeg 1024w, https:\/\/atecordoba.org\/wp-content\/uploads\/2024\/12\/WhatsApp-Image-2024-12-05-at-10.34.54-768x577.jpeg 768w, https:\/\/atecordoba.org\/wp-content\/uploads\/2024\/12\/WhatsApp-Image-2024-12-05-at-10.34.54-1536x1153.jpeg 1536w, https:\/\/atecordoba.org\/wp-content\/uploads\/2024\/12\/WhatsApp-Image-2024-12-05-at-10.34.54-2048x1537.jpeg 2048w, https:\/\/atecordoba.org\/wp-content\/uploads\/2024\/12\/WhatsApp-Image-2024-12-05-at-10.34.54-750x563.jpeg 750w, https:\/\/atecordoba.org\/wp-content\/uploads\/2024\/12\/WhatsApp-Image-2024-12-05-at-10.34.54-1140x856.jpeg 1140w\" data-expand=\"700\" \/><\/a>\n                <\/div><\/figure><figure class='gallery-item'>\n                <div class='gallery-icon landscape'>\n                    <a href='https:\/\/atecordoba.org\/wp-content\/uploads\/2024\/12\/WhatsApp-Image-2024-12-05-at-10.34.55-1-scaled.jpeg'><img loading=\"lazy\" decoding=\"async\" width=\"300\" height=\"225\" src=\"\" class=\"attachment-medium size-medium lazyload\" alt=\"\" data-src=\"https:\/\/atecordoba.org\/wp-content\/uploads\/2024\/12\/WhatsApp-Image-2024-12-05-at-10.34.55-1-300x225.jpeg\" data-sizes=\"auto\" data-srcset=\"https:\/\/atecordoba.org\/wp-content\/uploads\/2024\/12\/WhatsApp-Image-2024-12-05-at-10.34.55-1-300x225.jpeg 300w, https:\/\/atecordoba.org\/wp-content\/uploads\/2024\/12\/WhatsApp-Image-2024-12-05-at-10.34.55-1-1024x768.jpeg 1024w, https:\/\/atecordoba.org\/wp-content\/uploads\/2024\/12\/WhatsApp-Image-2024-12-05-at-10.34.55-1-768x576.jpeg 768w, https:\/\/atecordoba.org\/wp-content\/uploads\/2024\/12\/WhatsApp-Image-2024-12-05-at-10.34.55-1-1536x1152.jpeg 1536w, https:\/\/atecordoba.org\/wp-content\/uploads\/2024\/12\/WhatsApp-Image-2024-12-05-at-10.34.55-1-2048x1536.jpeg 2048w, https:\/\/atecordoba.org\/wp-content\/uploads\/2024\/12\/WhatsApp-Image-2024-12-05-at-10.34.55-1-750x563.jpeg 750w, https:\/\/atecordoba.org\/wp-content\/uploads\/2024\/12\/WhatsApp-Image-2024-12-05-at-10.34.55-1-1140x855.jpeg 1140w\" data-expand=\"700\" \/><\/a>\n                <\/div><\/figure><br style=\"clear: both\" \/>\n            <\/div>\n\n","protected":false},"excerpt":{"rendered":"<p>Frente al desmesurado y desproporcionado operativo de seguridad de la Policial de C\u00f3rdoba y la Gendarmer\u00eda Nacional para obstaculizar y reprimir la protesta dispuesta por ATE C\u00f3rdoba en la Ruta 20, a la altura de la Escuela de Suboficiales de la Fuerza A\u00e9rea, el Consejo Directivo Provincial hace responsables pol\u00edticos y penales al gobernador Mart\u00edn [&hellip;]<\/p>\n","protected":false},"author":7,"featured_media":46792,"comment_status":"open","ping_status":"open","sticky":false,"template":"","format":"standard","meta":{"_exactmetrics_skip_tracking":false,"_exactmetrics_sitenote_active":false,"_exactmetrics_sitenote_note":"","_exactmetrics_sitenote_category":0,"jnews-multi-image_gallery":[],"jnews_single_post":{"format":"standard","override":[{"template":"1","parallax":"1","fullscreen":"1","layout":"no-sidebar-narrow","sidebar":"default-sidebar","second_sidebar":"default-sidebar","sticky_sidebar":"1","share_position":"bottom","share_float_style":"share-monocrhome","show_share_counter":"1","show_view_counter":"1","show_post_meta":"1","show_post_author_image":"1","show_post_date":"1","post_date_format":"default","post_date_format_custom":"Y\/m\/d","show_post_category":"1","show_post_reading_time":"0","post_reading_time_wpm":"300","post_calculate_word_method":"str_word_count","show_zoom_button":"0","zoom_button_out_step":"2","zoom_button_in_step":"3","show_post_tag":"1","number_popup_post":"1","show_post_related":"1","show_inline_post_related":"0"}],"image_override":[{"single_post_thumbnail_size":"crop-500","single_post_gallery_size":"crop-500"}],"trending_post_position":"meta","trending_post_label":"Trending","sponsored_post_label":"Sponsored by","disable_ad":"0"},"jnews_primary_category":[],"jnews_social_meta":[],"jnews_review":[],"enable_review":"","type":"percentage","name":"","summary":"","brand":"","sku":"","good":[],"bad":[],"score_override":"","override_value":"","rating":[],"price":[],"jnews_override_counter":{"view_counter_number":"0","share_counter_number":"0","like_counter_number":"0","dislike_counter_number":"0"},"jnews_post_split":{"post_split":[{"template":"1","tag":"h2","numbering":"asc","mode":"normal","first":"0","enable_toc":"0","toc_type":"normal"}]},"footnotes":""},"categories":[341],"tags":[26,1421,395,352,1361,1420,377],"class_list":["post-46791","post","type-post","status-publish","format-standard","has-post-thumbnail","hentry","category-cdp","tag-ate","tag-ate-argentina","tag-ate-cordoba","tag-jornada-de-lucha","tag-martin-llaryora","tag-patricia-bullrich","tag-represion"],"jetpack_featured_media_url":"https:\/\/atecordoba.org\/wp-content\/uploads\/2024\/12\/WhatsApp-Image-2024-12-05-at-10.34.51-scaled-e1733407318799.jpeg","_links":{"self":[{"href":"https:\/\/atecordoba.org\/index.php?rest_route=\/wp\/v2\/posts\/46791","targetHints":{"allow":["GET"]}}],"collection":[{"href":"https:\/\/atecordoba.org\/index.php?rest_route=\/wp\/v2\/posts"}],"about":[{"href":"https:\/\/atecordoba.org\/index.php?rest_route=\/wp\/v2\/types\/post"}],"author":[{"embeddable":true,"href":"https:\/\/atecordoba.org\/index.php?rest_route=\/wp\/v2\/users\/7"}],"replies":[{"embeddable":true,"href":"https:\/\/atecordoba.org\/index.php?rest_route=%2Fwp%2Fv2%2Fcomments&post=46791"}],"version-history":[{"count":1,"href":"https:\/\/atecordoba.org\/index.php?rest_route=\/wp\/v2\/posts\/46791\/revisions"}],"predecessor-version":[{"id":46798,"href":"https:\/\/atecordoba.org\/index.php?rest_route=\/wp\/v2\/posts\/46791\/revisions\/46798"}],"wp:featuredmedia":[{"embeddable":true,"href":"https:\/\/atecordoba.org\/index.php?rest_route=\/wp\/v2\/media\/46792"}],"wp:attachment":[{"href":"https:\/\/atecordoba.org\/index.php?rest_route=%2Fwp%2Fv2%2Fmedia&parent=46791"}],"wp:term":[{"taxonomy":"category","embeddable":true,"href":"https:\/\/atecordoba.org\/index.php?rest_route=%2Fwp%2Fv2%2Fcategories&post=46791"},{"taxonomy":"post_tag","embeddable":true,"href":"https:\/\/atecordoba.org\/index.php?rest_route=%2Fwp%2Fv2%2Ftags&post=46791"}],"curies":[{"name":"wp","href":"https:\/\/api.w.org\/{rel}","templated":true}]}}