{"id":46784,"date":"2024-12-05T10:49:30","date_gmt":"2024-12-05T13:49:30","guid":{"rendered":"https:\/\/atecordoba.org\/?p=46784"},"modified":"2024-12-05T10:49:30","modified_gmt":"2024-12-05T13:49:30","slug":"personal-civil-el-gobierno-esta-vaciando-de-trabajadores-las-ffaa-para-reemplazarlos-con-soldados-voluntarios","status":"publish","type":"post","link":"https:\/\/atecordoba.org\/?p=46784","title":{"rendered":"Personal Civil: &#8220;El Gobierno est\u00e1 vaciando de trabajadores las FFAA para reemplazarlos con soldados voluntarios&#8221;"},"content":{"rendered":"<p><img loading=\"lazy\" decoding=\"async\" class=\"alignleft wp-image-46785 \" src=\"https:\/\/atecordoba.org\/wp-content\/uploads\/2024\/12\/WhatsApp-Image-2024-12-05-at-09.45.29-768x1024.jpeg\" alt=\"\" width=\"446\" height=\"595\" srcset=\"https:\/\/atecordoba.org\/wp-content\/uploads\/2024\/12\/WhatsApp-Image-2024-12-05-at-09.45.29-768x1024.jpeg 768w, https:\/\/atecordoba.org\/wp-content\/uploads\/2024\/12\/WhatsApp-Image-2024-12-05-at-09.45.29-225x300.jpeg 225w, https:\/\/atecordoba.org\/wp-content\/uploads\/2024\/12\/WhatsApp-Image-2024-12-05-at-09.45.29-750x1000.jpeg 750w, https:\/\/atecordoba.org\/wp-content\/uploads\/2024\/12\/WhatsApp-Image-2024-12-05-at-09.45.29.jpeg 774w\" sizes=\"auto, (max-width: 446px) 100vw, 446px\" \/>En el marco de la Jornada Nacional de Lucha dispuesta por la conducci\u00f3n de ATE Argentina, el Personal Civil de las FFAA encabezar\u00e1 la protesta en C\u00f3rdoba realizando un corte de ruta desde media ma\u00f1ana en la Ruta 20, a la altura de la Escuela de Suboficiales de la Fuerza A\u00e9rea.<\/p>\n<p>El sectorial sufre uno de los procesos de ajuste m\u00e1s brutales registrados en el Gobierno de Milei, con salarios iniciales a partir de los 350 mil pesos, por debajo de la l\u00ednea de la indigencia. Como \u00fanica respuesta a los constantes reclamos de ATE para mejorar el panorama salarial en el Estado, que redundar\u00eda directamente entre el Personal Civil, la gesti\u00f3n nacional aplic\u00f3 para diciembre un nuevo <strong>ajuste salarial<\/strong>, luego de una \u00faltima paritaria calificada de \u201cvergonzosa\u201d por el secretario General de ATE, Rodolfo Aguiar, que incluy\u00f3 un aumento del 1% y un bono de $30.000, insuficientes frente a la inflaci\u00f3n.<\/p>\n<p>El secretario de Organizaci\u00f3n del Consejo Directivo Provincial (CDP), y trabajador del sector, Javier Bracamonte, explic\u00f3 &#8220;hay compa\u00f1eros y compa\u00f1eras que cobran salarios equivalentes a una jubilaci\u00f3n m\u00ednima&#8221;.<\/p>\n<p>A este panorama, se suma la reducci\u00f3n del plantel de trabajadores que el Ministerio de Defensa est\u00e1 realizando en el sector a partir del reemplazo de la bajas vegetativas -por jubilaciones, renuncias, fallecimientos, etc.- con soldados voluntarios para que cumplan las tareas propias del personal civil.<\/p>\n<p>Bracamonte fij\u00f3 la posici\u00f3n de ATE C\u00f3rdoba al se\u00f1alar que &#8220;rechazamos esta\u00a0 pol\u00edtica. No queremos que corra riesgo de desaparecer el trabajador civil de las FFAA, que es lo que el Ministerio buscan reducir paulatinamente. Adem\u00e1s que un soldado voluntario cobra un salario mayor que el personal civil, entre 15 y 20% m\u00e1s. Es decir que plata hay, es una persecuci\u00f3n lisa y llana a los trabajadores&#8221;.<img loading=\"lazy\" decoding=\"async\" class=\"alignright wp-image-46786 \" src=\"https:\/\/atecordoba.org\/wp-content\/uploads\/2024\/12\/WhatsApp-Image-2024-12-05-at-09.45.28-768x1024.jpeg\" alt=\"\" width=\"344\" height=\"459\" srcset=\"https:\/\/atecordoba.org\/wp-content\/uploads\/2024\/12\/WhatsApp-Image-2024-12-05-at-09.45.28-768x1024.jpeg 768w, https:\/\/atecordoba.org\/wp-content\/uploads\/2024\/12\/WhatsApp-Image-2024-12-05-at-09.45.28-225x300.jpeg 225w, https:\/\/atecordoba.org\/wp-content\/uploads\/2024\/12\/WhatsApp-Image-2024-12-05-at-09.45.28-750x1000.jpeg 750w, https:\/\/atecordoba.org\/wp-content\/uploads\/2024\/12\/WhatsApp-Image-2024-12-05-at-09.45.28.jpeg 774w\" sizes=\"auto, (max-width: 344px) 100vw, 344px\" \/><\/p>\n<p>Ante el cuadro salarial, desde ATE C\u00f3rdoba reclamamos una\u00a0recomposici\u00f3n con un aumentos fijo de emergencia, para que los salarios cubran la canasta familiar.<\/p>\n<p><strong>M\u00e1s temas de agenda<\/strong><\/p>\n<p>El dirigente remarc\u00f3 diversos problemas estructurales que est\u00e1n afectando la continuidad de las tareas que el Personal Civil de las FFAA debe realizar diariamente, como resultado de la pol\u00edticas de ajuste de Milei, que el Presidente insiste en celebrar a pesar que afectan la defensa nacional y la soberan\u00eda de nuestra patria.<\/p>\n<p>&#8220;Hay una enorme falta de inversi\u00f3n de infraestructura, en material y en elementos equipamiento para cumplir las tareas diarias&#8221;, reclama Bracamonte.<\/p>\n<p>&#8220;Por caso, para la instrucci\u00f3n de las y los estudiantes del\u00a0Centro Regional Universitario C\u00f3rdoba IUA, el personal docente universitario ni siquiera tiene <em>wifi<\/em> en el edificio del IUA, cuando las carreras se dictan de forma mixta, es decir, tanto de manera presencial como virtual&#8221;, denunci\u00f3.<\/p>\n<p>Por otro lado, Bracamonte se\u00f1al\u00f3 que Obra Social IOSFA est\u00e1 desfinanciando los centros de salud propios. &#8220;Tenemos dos grandes hospitales, el Hospital Militar y el Hospital de la Fuerza A\u00e9rea, que trabajan como dispensarios, rescinden prestaciones y est\u00e1n dejando sin atenci\u00f3n a las y los afiliados. Vemos reflejado en esta situaci\u00f3n que tanto la IOSFA como el Ministerio de Defensa busca tercerizar en privados las prestaciones. Por eso reclamamos la puesta en marcha de lso servicios para garantizar los puestos de trabajo y la correcta atenci\u00f3n de la comunidad&#8221;, concluy\u00f3.<\/p>\n<p>&nbsp;<\/p>\n<p>&nbsp;<\/p>\n","protected":false},"excerpt":{"rendered":"<p>En el marco de la Jornada Nacional de Lucha dispuesta por la conducci\u00f3n de ATE Argentina, el Personal Civil de las FFAA encabezar\u00e1 la protesta en C\u00f3rdoba realizando un corte de ruta desde media ma\u00f1ana en la Ruta 20, a la altura de la Escuela de Suboficiales de la Fuerza A\u00e9rea. El sectorial sufre uno [&hellip;]<\/p>\n","protected":false},"author":7,"featured_media":46787,"comment_status":"open","ping_status":"open","sticky":false,"template":"","format":"standard","meta":{"_exactmetrics_skip_tracking":false,"_exactmetrics_sitenote_active":false,"_exactmetrics_sitenote_note":"","_exactmetrics_sitenote_category":0,"jnews-multi-image_gallery":[],"jnews_single_post":{"format":"standard","override":[{"template":"1","parallax":"1","fullscreen":"1","layout":"no-sidebar-narrow","sidebar":"default-sidebar","second_sidebar":"default-sidebar","sticky_sidebar":"1","share_position":"bottom","share_float_style":"share-monocrhome","show_share_counter":"1","show_view_counter":"1","show_post_meta":"1","show_post_author_image":"1","show_post_date":"1","post_date_format":"default","post_date_format_custom":"Y\/m\/d","show_post_category":"1","show_post_reading_time":"0","post_reading_time_wpm":"300","post_calculate_word_method":"str_word_count","show_zoom_button":"0","zoom_button_out_step":"2","zoom_button_in_step":"3","show_post_tag":"1","number_popup_post":"1","show_post_related":"1","show_inline_post_related":"0"}],"image_override":[{"single_post_thumbnail_size":"crop-500","single_post_gallery_size":"crop-500"}],"trending_post_position":"meta","trending_post_label":"Trending","sponsored_post_label":"Sponsored by","disable_ad":"0"},"jnews_primary_category":[],"jnews_social_meta":[],"jnews_review":[],"enable_review":"","type":"percentage","name":"","summary":"","brand":"","sku":"","good":[],"bad":[],"score_override":"","override_value":"","rating":[],"price":[],"jnews_override_counter":{"view_counter_number":"0","share_counter_number":"0","like_counter_number":"0","dislike_counter_number":"0"},"jnews_post_split":{"post_split":[{"template":"1","tag":"h2","numbering":"asc","mode":"normal","first":"0","enable_toc":"0","toc_type":"normal"}]},"footnotes":""},"categories":[341],"tags":[395,1160,352,392],"class_list":["post-46784","post","type-post","status-publish","format-standard","has-post-thumbnail","hentry","category-cdp","tag-ate-cordoba","tag-cordoba-2","tag-jornada-de-lucha","tag-personal-civil-ff-aa"],"jetpack_featured_media_url":"https:\/\/atecordoba.org\/wp-content\/uploads\/2024\/12\/WhatsApp-Image-2024-12-05-at-09.45.28-1.jpeg","_links":{"self":[{"href":"https:\/\/atecordoba.org\/index.php?rest_route=\/wp\/v2\/posts\/46784","targetHints":{"allow":["GET"]}}],"collection":[{"href":"https:\/\/atecordoba.org\/index.php?rest_route=\/wp\/v2\/posts"}],"about":[{"href":"https:\/\/atecordoba.org\/index.php?rest_route=\/wp\/v2\/types\/post"}],"author":[{"embeddable":true,"href":"https:\/\/atecordoba.org\/index.php?rest_route=\/wp\/v2\/users\/7"}],"replies":[{"embeddable":true,"href":"https:\/\/atecordoba.org\/index.php?rest_route=%2Fwp%2Fv2%2Fcomments&post=46784"}],"version-history":[{"count":1,"href":"https:\/\/atecordoba.org\/index.php?rest_route=\/wp\/v2\/posts\/46784\/revisions"}],"predecessor-version":[{"id":46788,"href":"https:\/\/atecordoba.org\/index.php?rest_route=\/wp\/v2\/posts\/46784\/revisions\/46788"}],"wp:featuredmedia":[{"embeddable":true,"href":"https:\/\/atecordoba.org\/index.php?rest_route=\/wp\/v2\/media\/46787"}],"wp:attachment":[{"href":"https:\/\/atecordoba.org\/index.php?rest_route=%2Fwp%2Fv2%2Fmedia&parent=46784"}],"wp:term":[{"taxonomy":"category","embeddable":true,"href":"https:\/\/atecordoba.org\/index.php?rest_route=%2Fwp%2Fv2%2Fcategories&post=46784"},{"taxonomy":"post_tag","embeddable":true,"href":"https:\/\/atecordoba.org\/index.php?rest_route=%2Fwp%2Fv2%2Ftags&post=46784"}],"curies":[{"name":"wp","href":"https:\/\/api.w.org\/{rel}","templated":true}]}}