{"id":46775,"date":"2024-12-04T12:21:39","date_gmt":"2024-12-04T15:21:39","guid":{"rendered":"https:\/\/atecordoba.org\/?p=46775"},"modified":"2024-12-04T12:21:39","modified_gmt":"2024-12-04T15:21:39","slug":"sindicalismo-y-educacion","status":"publish","type":"post","link":"https:\/\/atecordoba.org\/?p=46775","title":{"rendered":"Sindicalismo y Educaci\u00f3n"},"content":{"rendered":"<p><a href=\"https:\/\/atecordoba.org\/wp-content\/uploads\/2024\/12\/468732858_973548908128357_580113876897999800_n.jpg\"><img loading=\"lazy\" decoding=\"async\" class=\"alignnone wp-image-46776 size-full\" src=\"https:\/\/atecordoba.org\/wp-content\/uploads\/2024\/12\/468732858_973548908128357_580113876897999800_n.jpg\" alt=\"\" width=\"719\" height=\"784\" srcset=\"https:\/\/atecordoba.org\/wp-content\/uploads\/2024\/12\/468732858_973548908128357_580113876897999800_n.jpg 719w, https:\/\/atecordoba.org\/wp-content\/uploads\/2024\/12\/468732858_973548908128357_580113876897999800_n-275x300.jpg 275w\" sizes=\"auto, (max-width: 719px) 100vw, 719px\" \/><\/a><\/p>\n<div dir=\"auto\">Se anunciaron m\u00e1s beneficios para las afiliadas y los afiliados de ATE de la provincia de C\u00f3rdoba: El Secretario General del gremio, Federico Giuliani, firm\u00f3 un Convenio con la Universidad Nacional de Villa Mar\u00eda (UNVM) para, en conjunto, trabajar sobre distintas cuestiones.<\/div>\n<div dir=\"auto\"><\/div>\n<div dir=\"auto\"><span class=\"html-span xexx8yu x4uap5 x18d9i69 xkhd6sd x1hl2dhg x16tdsg8 x1vvkbs x3nfvp2 x1j61x8r x1fcty0u xdj266r xat24cr xgzva0m xhhsvwb xxymvpz xlup9mm x1kky2od\">Por ejemplo, la asociaci\u00f3n de\u00a0<\/span>esfuerzos para desarrollar de forma conjunta programas de car\u00e1cter cultural, cient\u00edfico y educativo.\u00a0Propuestas formativas para los afiliados, la realizaci\u00f3n de actividades acad\u00e9micas, de investigaci\u00f3n y de extensi\u00f3n.<\/div>\n<div class=\"addtoany_share_save_container addtoany_content addtoany_content_bottom\"><\/div>\n<p>&nbsp;<\/p>\n<p>&nbsp;<\/p>\n","protected":false},"excerpt":{"rendered":"<p>Se anunciaron m\u00e1s beneficios para las afiliadas y los afiliados de ATE de la provincia de C\u00f3rdoba: El Secretario General del gremio, Federico Giuliani, firm\u00f3 un Convenio con la Universidad Nacional de Villa Mar\u00eda (UNVM) para, en conjunto, trabajar sobre distintas cuestiones. Por ejemplo, la asociaci\u00f3n de\u00a0esfuerzos para desarrollar de forma conjunta programas de car\u00e1cter [&hellip;]<\/p>\n","protected":false},"author":3,"featured_media":46776,"comment_status":"open","ping_status":"open","sticky":false,"template":"","format":"standard","meta":{"_exactmetrics_skip_tracking":false,"_exactmetrics_sitenote_active":false,"_exactmetrics_sitenote_note":"","_exactmetrics_sitenote_category":0,"jnews-multi-image_gallery":[],"jnews_single_post":{"format":"standard","override":[{"template":"1","parallax":"1","fullscreen":"1","layout":"no-sidebar-narrow","sidebar":"default-sidebar","second_sidebar":"default-sidebar","sticky_sidebar":"1","share_position":"bottom","share_float_style":"share-monocrhome","show_share_counter":"1","show_view_counter":"1","show_post_meta":"1","show_post_author_image":"1","show_post_date":"1","post_date_format":"default","post_date_format_custom":"Y\/m\/d","show_post_category":"1","show_post_reading_time":"0","post_reading_time_wpm":"300","post_calculate_word_method":"str_word_count","show_zoom_button":"0","zoom_button_out_step":"2","zoom_button_in_step":"3","show_post_tag":"1","number_popup_post":"1","show_post_related":"1","show_inline_post_related":"0"}],"image_override":[{"single_post_thumbnail_size":"crop-500","single_post_gallery_size":"crop-500"}],"trending_post_position":"meta","trending_post_label":"Trending","sponsored_post_label":"Sponsored by","disable_ad":"0"},"jnews_primary_category":[],"jnews_social_meta":[],"jnews_review":[],"enable_review":"","type":"percentage","name":"","summary":"","brand":"","sku":"","good":[],"bad":[],"score_override":"","override_value":"","rating":[],"price":[],"jnews_override_counter":{"view_counter_number":"0","share_counter_number":"0","like_counter_number":"0","dislike_counter_number":"0"},"jnews_post_split":{"post_split":[{"template":"1","tag":"h2","numbering":"asc","mode":"normal","first":"0","enable_toc":"0","toc_type":"normal"}]},"footnotes":""},"categories":[564],"tags":[],"class_list":["post-46775","post","type-post","status-publish","format-standard","has-post-thumbnail","hentry","category-educacion"],"jetpack_featured_media_url":"https:\/\/atecordoba.org\/wp-content\/uploads\/2024\/12\/468732858_973548908128357_580113876897999800_n.jpg","_links":{"self":[{"href":"https:\/\/atecordoba.org\/index.php?rest_route=\/wp\/v2\/posts\/46775","targetHints":{"allow":["GET"]}}],"collection":[{"href":"https:\/\/atecordoba.org\/index.php?rest_route=\/wp\/v2\/posts"}],"about":[{"href":"https:\/\/atecordoba.org\/index.php?rest_route=\/wp\/v2\/types\/post"}],"author":[{"embeddable":true,"href":"https:\/\/atecordoba.org\/index.php?rest_route=\/wp\/v2\/users\/3"}],"replies":[{"embeddable":true,"href":"https:\/\/atecordoba.org\/index.php?rest_route=%2Fwp%2Fv2%2Fcomments&post=46775"}],"version-history":[{"count":1,"href":"https:\/\/atecordoba.org\/index.php?rest_route=\/wp\/v2\/posts\/46775\/revisions"}],"predecessor-version":[{"id":46777,"href":"https:\/\/atecordoba.org\/index.php?rest_route=\/wp\/v2\/posts\/46775\/revisions\/46777"}],"wp:featuredmedia":[{"embeddable":true,"href":"https:\/\/atecordoba.org\/index.php?rest_route=\/wp\/v2\/media\/46776"}],"wp:attachment":[{"href":"https:\/\/atecordoba.org\/index.php?rest_route=%2Fwp%2Fv2%2Fmedia&parent=46775"}],"wp:term":[{"taxonomy":"category","embeddable":true,"href":"https:\/\/atecordoba.org\/index.php?rest_route=%2Fwp%2Fv2%2Fcategories&post=46775"},{"taxonomy":"post_tag","embeddable":true,"href":"https:\/\/atecordoba.org\/index.php?rest_route=%2Fwp%2Fv2%2Ftags&post=46775"}],"curies":[{"name":"wp","href":"https:\/\/api.w.org\/{rel}","templated":true}]}}