{"id":46762,"date":"2024-12-04T10:28:19","date_gmt":"2024-12-04T13:28:19","guid":{"rendered":"https:\/\/atecordoba.org\/?p=46762"},"modified":"2024-12-04T10:28:19","modified_gmt":"2024-12-04T13:28:19","slug":"en-la-previa-del-paro-ate-exige-la-anulacion-de-los-examenes-de-idoneidad","status":"publish","type":"post","link":"https:\/\/atecordoba.org\/?p=46762","title":{"rendered":"En la previa del paro, ATE exige la anulaci\u00f3n de los ex\u00e1menes de idoneidad"},"content":{"rendered":"<p>\u201cLas evaluaciones deben ser anuladas. Es notoria la falta de transparencia de todo este proceso y no hay garant\u00edas sobre la integridad y seguridad de los soportes digitales que se van a utilizar\u201d, se\u00f1al\u00f3 Rodolfo Aguiar.<\/p>\n<p><a href=\"https:\/\/atecordoba.org\/wp-content\/uploads\/2024\/12\/PRESENTACION-FORMAL-ATE.webp\"><img loading=\"lazy\" decoding=\"async\" class=\"alignnone wp-image-46763 size-full\" src=\"https:\/\/atecordoba.org\/wp-content\/uploads\/2024\/12\/PRESENTACION-FORMAL-ATE.webp\" alt=\"\" width=\"1536\" height=\"1023\" srcset=\"https:\/\/atecordoba.org\/wp-content\/uploads\/2024\/12\/PRESENTACION-FORMAL-ATE.webp 1536w, https:\/\/atecordoba.org\/wp-content\/uploads\/2024\/12\/PRESENTACION-FORMAL-ATE-300x200.webp 300w, https:\/\/atecordoba.org\/wp-content\/uploads\/2024\/12\/PRESENTACION-FORMAL-ATE-1024x682.webp 1024w, https:\/\/atecordoba.org\/wp-content\/uploads\/2024\/12\/PRESENTACION-FORMAL-ATE-768x512.webp 768w, https:\/\/atecordoba.org\/wp-content\/uploads\/2024\/12\/PRESENTACION-FORMAL-ATE-750x500.webp 750w, https:\/\/atecordoba.org\/wp-content\/uploads\/2024\/12\/PRESENTACION-FORMAL-ATE-1140x759.webp 1140w\" sizes=\"auto, (max-width: 1536px) 100vw, 1536px\" \/><\/a><\/p>\n<p>En la previa del Paro Nacional del jueves, la Asociaci\u00f3n Trabajadores del Estado (ATE) exigi\u00f3 al Gobierno Nacional la anulaci\u00f3n de los ex\u00e1menes de idoneidad en el Empleo P\u00fablico mediante una nota formal enviada al Ministerio de Desregulaci\u00f3n y Transformaci\u00f3n del Estado que conduce Federico Sturzenegger.<\/p>\n<p>\u201cLas evaluaciones deben ser anuladas. Es notoria la falta de transparencia de todo este proceso. Adem\u00e1s, no hay garant\u00edas sobre la integridad y seguridad de los soportes digitales que se van a utilizar\u201d, se\u00f1al\u00f3 Rodolfo Aguiar, Secretario General del sindicato.<\/p>\n<p>Ante la falta de certezas por parte del Gobierno sobre la modalidad del operativo con el que pretenden tomar las evaluaciones, el dirigente esgrimi\u00f3: \u201cEl Gobierno no cuenta con la log\u00edstica para un evento de semejante envergadura. Todav\u00eda no est\u00e1 debidamente determinado el universo de trabajadores a evaluar. Tampoco pueden asegurar un manejo confiable sobre los datos personales de cada uno de los agentes estatales\u201d.<\/p>\n<p><a href=\"https:\/\/atecordoba.org\/wp-content\/uploads\/2024\/12\/ATE-RODOLFO-AGUIAR.webp\"><img loading=\"lazy\" decoding=\"async\" class=\"alignnone wp-image-46764 size-full\" src=\"https:\/\/atecordoba.org\/wp-content\/uploads\/2024\/12\/ATE-RODOLFO-AGUIAR.webp\" alt=\"\" width=\"768\" height=\"563\" srcset=\"https:\/\/atecordoba.org\/wp-content\/uploads\/2024\/12\/ATE-RODOLFO-AGUIAR.webp 768w, https:\/\/atecordoba.org\/wp-content\/uploads\/2024\/12\/ATE-RODOLFO-AGUIAR-300x220.webp 300w, https:\/\/atecordoba.org\/wp-content\/uploads\/2024\/12\/ATE-RODOLFO-AGUIAR-750x550.webp 750w\" sizes=\"auto, (max-width: 768px) 100vw, 768px\" \/><\/a><\/p>\n<p>\u201cCon los antecedentes de ataque, persecuci\u00f3n y asedio hacia los estatales, est\u00e1 claro que estos ex\u00e1menes est\u00e1n destinados a perjudicar a los trabajadores\u201d, asegur\u00f3 el referente estatal y cuestion\u00f3: \u201c\u00bfAdorni y sus 208 empleados que gastar\u00e1n en un a\u00f1o 47 mil millones de pesos van a ser evaluados?\u201d.<\/p>\n<p>En esta l\u00ednea, Aguiar apunt\u00f3: \u201cNo nos quieren evaluar sobre nuestras capacidades, lo que quieren es seguir estigmatizando el empleo p\u00fablico. Hasta este momento, el sistema de evaluaci\u00f3n p\u00fablica no se encuentra reglamentado. No existen normas espec\u00edficas al respecto. Miente el Poder Ejecutivo al querer implementarlo\u201d.<\/p>\n<p>\u201cPretenden revisar los v\u00ednculos de trabajadores que llevan d\u00e9cadas prestando servicios en el Estado y que demuestran su idoneidad con el trabajo cotidiano que realizan. Esta idea macabra que lo que hace es reprecarizar a los trabajadores debe ser dejada sin efecto\u201d, concluy\u00f3 el Secretario General de ATE Nacional.<\/p>\n<p>Hasta el momento, los \u00fanicos detalles oficiales que di\u00f3 a conocer el Gobierno sobre el Sistema de Evaluaci\u00f3n P\u00fablica (SEP) aparecen en el Decreto 695\/24, el cual no brinda precisiones sobre modalidades de evaluaci\u00f3n o los software que se utilizar\u00e1n, poniendo en riesgo la transparencia y la seguridad de los ex\u00e1menes.<\/p>\n<p>El sindicato tambi\u00e9n asegur\u00f3 que son evaluaciones innecesarias, ya que actualmente existen m\u00e9todos de evaluaci\u00f3n laboral en el Convenio Colectivo de Trabajo 214\/06 de la Administraci\u00f3n P\u00fablica Nacional. Adem\u00e1s, con el SEP se estar\u00e1 sometiendo a examen a profesionales con 10, 15 y hasta 20 a\u00f1os de antig\u00fcedad en el Estado.<\/p>\n<p>&nbsp;<\/p>\n","protected":false},"excerpt":{"rendered":"<p>\u201cLas evaluaciones deben ser anuladas. Es notoria la falta de transparencia de todo este proceso y no hay garant\u00edas sobre la integridad y seguridad de los soportes digitales que se van a utilizar\u201d, se\u00f1al\u00f3 Rodolfo Aguiar. En la previa del Paro Nacional del jueves, la Asociaci\u00f3n Trabajadores del Estado (ATE) exigi\u00f3 al Gobierno Nacional la [&hellip;]<\/p>\n","protected":false},"author":3,"featured_media":46763,"comment_status":"open","ping_status":"open","sticky":false,"template":"","format":"standard","meta":{"_exactmetrics_skip_tracking":false,"_exactmetrics_sitenote_active":false,"_exactmetrics_sitenote_note":"","_exactmetrics_sitenote_category":0,"jnews-multi-image_gallery":[],"jnews_single_post":{"format":"standard","override":[{"template":"1","parallax":"1","fullscreen":"1","layout":"no-sidebar-narrow","sidebar":"default-sidebar","second_sidebar":"default-sidebar","sticky_sidebar":"1","share_position":"bottom","share_float_style":"share-monocrhome","show_share_counter":"1","show_view_counter":"1","show_post_meta":"1","show_post_author_image":"1","show_post_date":"1","post_date_format":"default","post_date_format_custom":"Y\/m\/d","show_post_category":"1","show_post_reading_time":"0","post_reading_time_wpm":"300","post_calculate_word_method":"str_word_count","show_zoom_button":"0","zoom_button_out_step":"2","zoom_button_in_step":"3","show_post_tag":"1","number_popup_post":"1","show_post_related":"1","show_inline_post_related":"0"}],"image_override":[{"single_post_thumbnail_size":"crop-500","single_post_gallery_size":"crop-500"}],"trending_post_position":"meta","trending_post_label":"Trending","sponsored_post_label":"Sponsored by","disable_ad":"0"},"jnews_primary_category":[],"jnews_social_meta":[],"jnews_review":[],"enable_review":"","type":"percentage","name":"","summary":"","brand":"","sku":"","good":[],"bad":[],"score_override":"","override_value":"","rating":[],"price":[],"jnews_override_counter":{"view_counter_number":"0","share_counter_number":"0","like_counter_number":"0","dislike_counter_number":"0"},"jnews_post_split":{"post_split":[{"template":"1","tag":"h2","numbering":"asc","mode":"normal","first":"0","enable_toc":"0","toc_type":"normal"}]},"footnotes":""},"categories":[18],"tags":[],"class_list":["post-46762","post","type-post","status-publish","format-standard","has-post-thumbnail","hentry","category-nacionales"],"jetpack_featured_media_url":"https:\/\/atecordoba.org\/wp-content\/uploads\/2024\/12\/PRESENTACION-FORMAL-ATE.webp","_links":{"self":[{"href":"https:\/\/atecordoba.org\/index.php?rest_route=\/wp\/v2\/posts\/46762","targetHints":{"allow":["GET"]}}],"collection":[{"href":"https:\/\/atecordoba.org\/index.php?rest_route=\/wp\/v2\/posts"}],"about":[{"href":"https:\/\/atecordoba.org\/index.php?rest_route=\/wp\/v2\/types\/post"}],"author":[{"embeddable":true,"href":"https:\/\/atecordoba.org\/index.php?rest_route=\/wp\/v2\/users\/3"}],"replies":[{"embeddable":true,"href":"https:\/\/atecordoba.org\/index.php?rest_route=%2Fwp%2Fv2%2Fcomments&post=46762"}],"version-history":[{"count":1,"href":"https:\/\/atecordoba.org\/index.php?rest_route=\/wp\/v2\/posts\/46762\/revisions"}],"predecessor-version":[{"id":46765,"href":"https:\/\/atecordoba.org\/index.php?rest_route=\/wp\/v2\/posts\/46762\/revisions\/46765"}],"wp:featuredmedia":[{"embeddable":true,"href":"https:\/\/atecordoba.org\/index.php?rest_route=\/wp\/v2\/media\/46763"}],"wp:attachment":[{"href":"https:\/\/atecordoba.org\/index.php?rest_route=%2Fwp%2Fv2%2Fmedia&parent=46762"}],"wp:term":[{"taxonomy":"category","embeddable":true,"href":"https:\/\/atecordoba.org\/index.php?rest_route=%2Fwp%2Fv2%2Fcategories&post=46762"},{"taxonomy":"post_tag","embeddable":true,"href":"https:\/\/atecordoba.org\/index.php?rest_route=%2Fwp%2Fv2%2Ftags&post=46762"}],"curies":[{"name":"wp","href":"https:\/\/api.w.org\/{rel}","templated":true}]}}