{"id":46755,"date":"2024-12-03T09:13:13","date_gmt":"2024-12-03T12:13:13","guid":{"rendered":"https:\/\/atecordoba.org\/?p=46755"},"modified":"2024-12-03T09:13:49","modified_gmt":"2024-12-03T12:13:49","slug":"basta-de-ajustes-a-los-mas-debiles","status":"publish","type":"post","link":"https:\/\/atecordoba.org\/?p=46755","title":{"rendered":"Basta de ajustes a los m\u00e1s d\u00e9biles"},"content":{"rendered":"\n<figure class=\"wp-block-image size-large\"><img loading=\"lazy\" decoding=\"async\" width=\"760\" height=\"469\" src=\"https:\/\/atecordoba.org\/wp-content\/uploads\/2024\/12\/archi_10395811056041459490060896.jpg\" alt=\"\" class=\"wp-image-46753\" srcset=\"https:\/\/atecordoba.org\/wp-content\/uploads\/2024\/12\/archi_10395811056041459490060896.jpg 760w, https:\/\/atecordoba.org\/wp-content\/uploads\/2024\/12\/archi_10395811056041459490060896-300x185.jpg 300w, https:\/\/atecordoba.org\/wp-content\/uploads\/2024\/12\/archi_10395811056041459490060896-750x463.jpg 750w\" sizes=\"auto, (max-width: 760px) 100vw, 760px\" \/><\/figure>\n\n\n\n<p>\u201cEl Centro de Jubilados y Pensionados de ATE R\u00edo Cuarto expresa su en\u00e9rgico rechazo a la medida anunciada por PAMI y el Gobierno Nacional que elimina la cobertura del 100 % en medicamentos esenciales. Esta decisi\u00f3n representa un golpe directo a los sectores m\u00e1s vulnerables de nuestra sociedad, ignorando la realidad econ\u00f3mica que enfrentamos.<br><br>\u201cEn nuestra ciudad, el 57,9 % de la poblaci\u00f3n vive bajo la l\u00ednea de pobreza. M\u00e1s de 40.000 personas jubiladas y pensionadas, dependen de la atenci\u00f3n m\u00e9dica y de los medicamentos para sostener una calidad de vida digna.<br><br>\u201cLos jubilados no pueden hacer frente a estos recortes cuando sus ingresos apenas alcanzan para cubrir una canasta b\u00e1sica que, en el caso de un jubilado\/a, supera ampliamente los montos actuales de las jubilaciones m\u00ednimas. Este ajuste pone en riesgo la salud y la vida de quienes han trabajaron toda su vida, confiando en que su esfuerzo ser\u00eda reconocido y respetado.<br><br>\u201cExigimos:<br><br>1. \u201cLa inmediata restituci\u00f3n del 100 % de cobertura en medicamentos por parte de PAMI.<br>2. \u201cPol\u00edticas p\u00fablicas que respeten y protejan los derechos de los jubilados y pensionados.<br>3. \u201cQue se priorice la atenci\u00f3n integral a los sectores m\u00e1s desfavorecidos, garantizando medicamentos, tratamientos y servicios de salud accesibles y de calidad.<br><br>\u201cNo toleraremos m\u00e1s ajustes que recaigan sobre los hombros de quienes han dado todo por este pa\u00eds. Desde nuestro Centro seguiremos luchando con firmeza para que se respeten los derechos de los jubilados\/as y pensionados\/as, levantando la voz por una Argentina m\u00e1s justa y solidaria\u201d, termina la declaraci\u00f3n del Centro de Jubilados\/as y Pensionados\/as de ATE R\u00edo Cuarto.<\/p>\n","protected":false},"excerpt":{"rendered":"<p>\u201cEl Centro de Jubilados y Pensionados de ATE R\u00edo Cuarto expresa su en\u00e9rgico rechazo a la medida anunciada por PAMI y el Gobierno Nacional que elimina la cobertura del 100 % en medicamentos esenciales. Esta decisi\u00f3n representa un golpe directo a los sectores m\u00e1s vulnerables de nuestra sociedad, ignorando la realidad econ\u00f3mica que enfrentamos. \u201cEn [&hellip;]<\/p>\n","protected":false},"author":3,"featured_media":46754,"comment_status":"open","ping_status":"open","sticky":false,"template":"","format":"standard","meta":{"_exactmetrics_skip_tracking":false,"_exactmetrics_sitenote_active":false,"_exactmetrics_sitenote_note":"","_exactmetrics_sitenote_category":0,"jnews-multi-image_gallery":[],"jnews_single_post":[],"jnews_primary_category":[],"jnews_social_meta":[],"jnews_review":[],"enable_review":"","type":"","name":"","summary":"","brand":"","sku":"","good":[],"bad":[],"score_override":"","override_value":"","rating":[],"price":[],"jnews_override_counter":[],"jnews_post_split":[],"footnotes":""},"categories":[22],"tags":[],"class_list":["post-46755","post","type-post","status-publish","format-standard","has-post-thumbnail","hentry","category-jubilados"],"jetpack_featured_media_url":"https:\/\/atecordoba.org\/wp-content\/uploads\/2024\/12\/ARCHI_1039581.jpg","_links":{"self":[{"href":"https:\/\/atecordoba.org\/index.php?rest_route=\/wp\/v2\/posts\/46755","targetHints":{"allow":["GET"]}}],"collection":[{"href":"https:\/\/atecordoba.org\/index.php?rest_route=\/wp\/v2\/posts"}],"about":[{"href":"https:\/\/atecordoba.org\/index.php?rest_route=\/wp\/v2\/types\/post"}],"author":[{"embeddable":true,"href":"https:\/\/atecordoba.org\/index.php?rest_route=\/wp\/v2\/users\/3"}],"replies":[{"embeddable":true,"href":"https:\/\/atecordoba.org\/index.php?rest_route=%2Fwp%2Fv2%2Fcomments&post=46755"}],"version-history":[{"count":1,"href":"https:\/\/atecordoba.org\/index.php?rest_route=\/wp\/v2\/posts\/46755\/revisions"}],"predecessor-version":[{"id":46756,"href":"https:\/\/atecordoba.org\/index.php?rest_route=\/wp\/v2\/posts\/46755\/revisions\/46756"}],"wp:featuredmedia":[{"embeddable":true,"href":"https:\/\/atecordoba.org\/index.php?rest_route=\/wp\/v2\/media\/46754"}],"wp:attachment":[{"href":"https:\/\/atecordoba.org\/index.php?rest_route=%2Fwp%2Fv2%2Fmedia&parent=46755"}],"wp:term":[{"taxonomy":"category","embeddable":true,"href":"https:\/\/atecordoba.org\/index.php?rest_route=%2Fwp%2Fv2%2Fcategories&post=46755"},{"taxonomy":"post_tag","embeddable":true,"href":"https:\/\/atecordoba.org\/index.php?rest_route=%2Fwp%2Fv2%2Ftags&post=46755"}],"curies":[{"name":"wp","href":"https:\/\/api.w.org\/{rel}","templated":true}]}}