{"id":4674,"date":"2014-10-31T16:07:33","date_gmt":"2014-10-31T19:07:33","guid":{"rendered":"http:\/\/www.atecordoba.org\/?p=4674"},"modified":"2014-10-31T16:07:33","modified_gmt":"2014-10-31T19:07:33","slug":"el-cuerpo-de-delegados-provinciales-se-solidarizo-con-la-lucha-del-hospital-misericordia","status":"publish","type":"post","link":"https:\/\/atecordoba.org\/?p=4674","title":{"rendered":"El cuerpo de delegados provinciales se solidariz\u00f3 con la lucha del hospital Misericordia"},"content":{"rendered":"<p><em>En un plenario general reunido hoy en la sede de ATE C\u00f3rdoba, el cuerpo de delegados provinciales se pronunci\u00f3 en apoyo y solidaridad con el conjunto de los trabajadores del Hospital Misericordia.<\/em><\/p>\n<figure id=\"attachment_4676\" aria-describedby=\"caption-attachment-4676\" style=\"width: 509px\" class=\"wp-caption aligncenter\"><a href=\"http:\/\/www.atecordoba.org\/wp-content\/uploads\/2014\/10\/IMG_7020.jpg\"><img loading=\"lazy\" decoding=\"async\" class=\"wp-image-4676\" src=\"http:\/\/www.atecordoba.org\/wp-content\/uploads\/2014\/10\/IMG_7020-e1414781971777.jpg\" alt=\"IMG_7020\" width=\"509\" height=\"287\" \/><\/a><figcaption id=\"caption-attachment-4676\" class=\"wp-caption-text\">Delegados votando una de las mociones durante el plenario.<\/figcaption><\/figure>\n<p>Al mismo tiempo, reclam\u00f3 al gobierno provincial que articule las instancias necearias para canalizar el reclamo de los trabajadores y recuperar la paz social indispensable en un conflicto gremial como el que mantienen en la actualidad los hospitales provinciales.<\/p>\n<p>En ese sentido, inst\u00f3 a los funcionarios judiciales actuantes para liberar de forma inmediata a los trabajadores detenidos.<\/p>\n<p>Por \u00faltimo, el cuerpo de delegados ratific\u00f3 la continuidad de nuestro plan de lucha, manteniendo el estado de asamblea en todos los sectores en conflicto.<\/p>\n<p>&nbsp;<\/p>\n<p>&nbsp;<\/p>\n","protected":false},"excerpt":{"rendered":"<p>En un plenario general reunido hoy en la sede de ATE C\u00f3rdoba, el cuerpo de delegados provinciales se pronunci\u00f3 en apoyo y solidaridad con el conjunto de los trabajadores del Hospital Misericordia. Al mismo tiempo, reclam\u00f3 al gobierno provincial que articule las instancias necearias para canalizar el reclamo de los trabajadores y recuperar la paz [&hellip;]<\/p>\n","protected":false},"author":1,"featured_media":19220,"comment_status":"open","ping_status":"open","sticky":false,"template":"","format":"standard","meta":{"_exactmetrics_skip_tracking":false,"_exactmetrics_sitenote_active":false,"_exactmetrics_sitenote_note":"","_exactmetrics_sitenote_category":0,"jnews-multi-image_gallery":[],"jnews_single_post":[],"jnews_primary_category":[],"jnews_social_meta":[],"jnews_review":[],"enable_review":"","type":"","name":"","summary":"","brand":"","sku":"","good":[],"bad":[],"score_override":"","override_value":"","rating":[],"price":[],"jnews_override_counter":[],"jnews_post_split":[],"footnotes":""},"categories":[7,8],"tags":[],"class_list":["post-4674","post","type-post","status-publish","format-standard","has-post-thumbnail","hentry","category-hospitales","category-provinciales"],"jetpack_featured_media_url":"https:\/\/atecordoba.org\/wp-content\/uploads\/2020\/05\/logo-nuevochico-e1561581322808.png","_links":{"self":[{"href":"https:\/\/atecordoba.org\/index.php?rest_route=\/wp\/v2\/posts\/4674","targetHints":{"allow":["GET"]}}],"collection":[{"href":"https:\/\/atecordoba.org\/index.php?rest_route=\/wp\/v2\/posts"}],"about":[{"href":"https:\/\/atecordoba.org\/index.php?rest_route=\/wp\/v2\/types\/post"}],"author":[{"embeddable":true,"href":"https:\/\/atecordoba.org\/index.php?rest_route=\/wp\/v2\/users\/1"}],"replies":[{"embeddable":true,"href":"https:\/\/atecordoba.org\/index.php?rest_route=%2Fwp%2Fv2%2Fcomments&post=4674"}],"version-history":[{"count":0,"href":"https:\/\/atecordoba.org\/index.php?rest_route=\/wp\/v2\/posts\/4674\/revisions"}],"wp:featuredmedia":[{"embeddable":true,"href":"https:\/\/atecordoba.org\/index.php?rest_route=\/wp\/v2\/media\/19220"}],"wp:attachment":[{"href":"https:\/\/atecordoba.org\/index.php?rest_route=%2Fwp%2Fv2%2Fmedia&parent=4674"}],"wp:term":[{"taxonomy":"category","embeddable":true,"href":"https:\/\/atecordoba.org\/index.php?rest_route=%2Fwp%2Fv2%2Fcategories&post=4674"},{"taxonomy":"post_tag","embeddable":true,"href":"https:\/\/atecordoba.org\/index.php?rest_route=%2Fwp%2Fv2%2Ftags&post=4674"}],"curies":[{"name":"wp","href":"https:\/\/api.w.org\/{rel}","templated":true}]}}