{"id":46732,"date":"2024-11-27T14:42:05","date_gmt":"2024-11-27T17:42:05","guid":{"rendered":"https:\/\/atecordoba.org\/?p=46732"},"modified":"2024-11-27T14:49:48","modified_gmt":"2024-11-27T17:49:48","slug":"ate-cordoba-impulsa-licencias-por-violencia-de-genero-para-trabajadoras-municipales","status":"publish","type":"post","link":"https:\/\/atecordoba.org\/?p=46732","title":{"rendered":"ATE C\u00f3rdoba impulsa licencias por violencia de g\u00e9nero para trabajadoras municipales"},"content":{"rendered":"\r\n<figure class=\"wp-block-image size-large\"><img loading=\"lazy\" decoding=\"async\" width=\"1024\" height=\"769\" class=\"wp-image-46724\" src=\"https:\/\/atecordoba.org\/wp-content\/uploads\/2024\/11\/img_20241127_130134_18913927707426769582-1024x769.jpg\" alt=\"\" srcset=\"https:\/\/atecordoba.org\/wp-content\/uploads\/2024\/11\/img_20241127_130134_18913927707426769582-1024x769.jpg 1024w, https:\/\/atecordoba.org\/wp-content\/uploads\/2024\/11\/img_20241127_130134_18913927707426769582-300x225.jpg 300w, https:\/\/atecordoba.org\/wp-content\/uploads\/2024\/11\/img_20241127_130134_18913927707426769582-768x577.jpg 768w, https:\/\/atecordoba.org\/wp-content\/uploads\/2024\/11\/img_20241127_130134_18913927707426769582-1536x1154.jpg 1536w, https:\/\/atecordoba.org\/wp-content\/uploads\/2024\/11\/img_20241127_130134_18913927707426769582-750x563.jpg 750w, https:\/\/atecordoba.org\/wp-content\/uploads\/2024\/11\/img_20241127_130134_18913927707426769582-1140x856.jpg 1140w, https:\/\/atecordoba.org\/wp-content\/uploads\/2024\/11\/img_20241127_130134_18913927707426769582.jpg 2000w\" sizes=\"auto, (max-width: 1024px) 100vw, 1024px\" \/><\/figure>\r\n\r\n\r\n\r\n<p><br \/>En una jornada clave para la ampliaci\u00f3n de derechos, integrantes del Consejo Directivo Provincial de ATE C\u00f3rdoba se presentaron en la Legislatura Provincial para avanzar con la adhesi\u00f3n de municipios a las normativas de licencias por violencia de g\u00e9nero. Participaron de la actividad Alejandra Agnone, secretaria de Acci\u00f3n Pol\u00edtica; Mar\u00eda Spaventa, secretaria de G\u00e9nero; Julia Giuliani, secretaria de Prensa; Valeria Beltr\u00e1n, delegada de ATE; y el equipo de la Secretar\u00eda Gremial.<br \/><br \/>El proyecto, ya presentado en 17 municipios, propone garantizar licencias laborales para trabajadoras municipales afectadas por situaciones de violencia de g\u00e9nero, un derecho fundamental a\u00fan ausente en muchas localidades.<\/p>\r\n\r\n\r\n\r\n<p><img loading=\"lazy\" decoding=\"async\" class=\"alignnone wp-image-46729 size-medium\" src=\"https:\/\/atecordoba.org\/wp-content\/uploads\/2024\/11\/img_20241127_1217506727314565380682251-300x225.jpg\" alt=\"\" width=\"300\" height=\"225\" srcset=\"https:\/\/atecordoba.org\/wp-content\/uploads\/2024\/11\/img_20241127_1217506727314565380682251-300x225.jpg 300w, https:\/\/atecordoba.org\/wp-content\/uploads\/2024\/11\/img_20241127_1217506727314565380682251-1024x769.jpg 1024w, https:\/\/atecordoba.org\/wp-content\/uploads\/2024\/11\/img_20241127_1217506727314565380682251-768x577.jpg 768w, https:\/\/atecordoba.org\/wp-content\/uploads\/2024\/11\/img_20241127_1217506727314565380682251-1536x1154.jpg 1536w, https:\/\/atecordoba.org\/wp-content\/uploads\/2024\/11\/img_20241127_1217506727314565380682251-750x563.jpg 750w, https:\/\/atecordoba.org\/wp-content\/uploads\/2024\/11\/img_20241127_1217506727314565380682251-1140x856.jpg 1140w, https:\/\/atecordoba.org\/wp-content\/uploads\/2024\/11\/img_20241127_1217506727314565380682251.jpg 2000w\" sizes=\"auto, (max-width: 300px) 100vw, 300px\" \/><img loading=\"lazy\" decoding=\"async\" class=\"alignnone wp-image-46730 size-medium\" src=\"https:\/\/atecordoba.org\/wp-content\/uploads\/2024\/11\/img_20241127_121410378082234700095824-300x225.jpg\" alt=\"\" width=\"300\" height=\"225\" srcset=\"https:\/\/atecordoba.org\/wp-content\/uploads\/2024\/11\/img_20241127_121410378082234700095824-300x225.jpg 300w, https:\/\/atecordoba.org\/wp-content\/uploads\/2024\/11\/img_20241127_121410378082234700095824-1024x769.jpg 1024w, https:\/\/atecordoba.org\/wp-content\/uploads\/2024\/11\/img_20241127_121410378082234700095824-768x577.jpg 768w, https:\/\/atecordoba.org\/wp-content\/uploads\/2024\/11\/img_20241127_121410378082234700095824-1536x1154.jpg 1536w, https:\/\/atecordoba.org\/wp-content\/uploads\/2024\/11\/img_20241127_121410378082234700095824-750x563.jpg 750w, https:\/\/atecordoba.org\/wp-content\/uploads\/2024\/11\/img_20241127_121410378082234700095824-1140x856.jpg 1140w, https:\/\/atecordoba.org\/wp-content\/uploads\/2024\/11\/img_20241127_121410378082234700095824.jpg 2000w\" sizes=\"auto, (max-width: 300px) 100vw, 300px\" \/><\/p>\r\n<p><br \/><img loading=\"lazy\" decoding=\"async\" class=\"alignnone wp-image-46725 size-medium\" src=\"https:\/\/atecordoba.org\/wp-content\/uploads\/2024\/11\/img_20241127_1226274639297960362541949-300x225.jpg\" alt=\"\" width=\"300\" height=\"225\" srcset=\"https:\/\/atecordoba.org\/wp-content\/uploads\/2024\/11\/img_20241127_1226274639297960362541949-300x225.jpg 300w, https:\/\/atecordoba.org\/wp-content\/uploads\/2024\/11\/img_20241127_1226274639297960362541949-1024x768.jpg 1024w, https:\/\/atecordoba.org\/wp-content\/uploads\/2024\/11\/img_20241127_1226274639297960362541949-768x576.jpg 768w, https:\/\/atecordoba.org\/wp-content\/uploads\/2024\/11\/img_20241127_1226274639297960362541949-1536x1152.jpg 1536w, https:\/\/atecordoba.org\/wp-content\/uploads\/2024\/11\/img_20241127_1226274639297960362541949-750x563.jpg 750w, https:\/\/atecordoba.org\/wp-content\/uploads\/2024\/11\/img_20241127_1226274639297960362541949-1140x855.jpg 1140w, https:\/\/atecordoba.org\/wp-content\/uploads\/2024\/11\/img_20241127_1226274639297960362541949.jpg 2000w\" sizes=\"auto, (max-width: 300px) 100vw, 300px\" \/><br \/>La comitiva fue recibida por el equipo de la legisladora <strong>Silvina Jurich<\/strong>, presidenta de la Comisi\u00f3n de Legislaci\u00f3n del Trabajo, Previsi\u00f3n y Seguridad Social, a quien se le solicit\u00f3 promover mecanismos legislativos que permitan la adhesi\u00f3n de las comunas. Adem\u00e1s, se present\u00f3 una nota en la Casa de Gobierno dirigida al Subsecretario de Municipios, <strong>Natalio Graglia<\/strong>, para que desde el Ejecutivo Provincial se impulse esta medida en los municipios que a\u00fan no cuentan con esta herramienta legal.<\/p>\r\n<p><img loading=\"lazy\" decoding=\"async\" class=\"alignnone wp-image-46727 size-medium\" src=\"https:\/\/atecordoba.org\/wp-content\/uploads\/2024\/11\/img_20241127_1227287209294541757308832-225x300.jpg\" alt=\"\" width=\"225\" height=\"300\" srcset=\"https:\/\/atecordoba.org\/wp-content\/uploads\/2024\/11\/img_20241127_1227287209294541757308832-225x300.jpg 225w, https:\/\/atecordoba.org\/wp-content\/uploads\/2024\/11\/img_20241127_1227287209294541757308832-769x1024.jpg 769w, https:\/\/atecordoba.org\/wp-content\/uploads\/2024\/11\/img_20241127_1227287209294541757308832-768x1023.jpg 768w, https:\/\/atecordoba.org\/wp-content\/uploads\/2024\/11\/img_20241127_1227287209294541757308832-1154x1536.jpg 1154w, https:\/\/atecordoba.org\/wp-content\/uploads\/2024\/11\/img_20241127_1227287209294541757308832-750x999.jpg 750w, https:\/\/atecordoba.org\/wp-content\/uploads\/2024\/11\/img_20241127_1227287209294541757308832-1140x1518.jpg 1140w, https:\/\/atecordoba.org\/wp-content\/uploads\/2024\/11\/img_20241127_1227287209294541757308832.jpg 1502w\" sizes=\"auto, (max-width: 225px) 100vw, 225px\" \/><img loading=\"lazy\" decoding=\"async\" class=\"alignnone wp-image-46726 size-medium\" src=\"https:\/\/atecordoba.org\/wp-content\/uploads\/2024\/11\/img_20241127_1227544263790811437007767-225x300.jpg\" alt=\"\" width=\"225\" height=\"300\" srcset=\"https:\/\/atecordoba.org\/wp-content\/uploads\/2024\/11\/img_20241127_1227544263790811437007767-225x300.jpg 225w, https:\/\/atecordoba.org\/wp-content\/uploads\/2024\/11\/img_20241127_1227544263790811437007767-769x1024.jpg 769w, https:\/\/atecordoba.org\/wp-content\/uploads\/2024\/11\/img_20241127_1227544263790811437007767-768x1023.jpg 768w, https:\/\/atecordoba.org\/wp-content\/uploads\/2024\/11\/img_20241127_1227544263790811437007767-1154x1536.jpg 1154w, https:\/\/atecordoba.org\/wp-content\/uploads\/2024\/11\/img_20241127_1227544263790811437007767-750x999.jpg 750w, https:\/\/atecordoba.org\/wp-content\/uploads\/2024\/11\/img_20241127_1227544263790811437007767-1140x1518.jpg 1140w, https:\/\/atecordoba.org\/wp-content\/uploads\/2024\/11\/img_20241127_1227544263790811437007767.jpg 1502w\" sizes=\"auto, (max-width: 225px) 100vw, 225px\" \/><br \/>\u201cEs urgente que las trabajadoras municipales, que constituyen el eslab\u00f3n m\u00e1s d\u00e9bil del empleo p\u00fablico, tengan acceso a esta protecci\u00f3n esencial. En un contexto de retirada de pol\u00edticas p\u00fablicas nacionales en esta materia, ATE sigue al frente en la defensa de estos derechos,\u201d destac\u00f3 Julia Giuliani, reforzando el compromiso del gremio.<img loading=\"lazy\" decoding=\"async\" class=\"alignnone wp-image-46728 size-medium\" src=\"https:\/\/atecordoba.org\/wp-content\/uploads\/2024\/11\/img_20241127_1214211124759688611382773-225x300.jpg\" alt=\"\" width=\"225\" height=\"300\" srcset=\"https:\/\/atecordoba.org\/wp-content\/uploads\/2024\/11\/img_20241127_1214211124759688611382773-225x300.jpg 225w, https:\/\/atecordoba.org\/wp-content\/uploads\/2024\/11\/img_20241127_1214211124759688611382773-769x1024.jpg 769w, https:\/\/atecordoba.org\/wp-content\/uploads\/2024\/11\/img_20241127_1214211124759688611382773-768x1023.jpg 768w, https:\/\/atecordoba.org\/wp-content\/uploads\/2024\/11\/img_20241127_1214211124759688611382773-1154x1536.jpg 1154w, https:\/\/atecordoba.org\/wp-content\/uploads\/2024\/11\/img_20241127_1214211124759688611382773-750x999.jpg 750w, https:\/\/atecordoba.org\/wp-content\/uploads\/2024\/11\/img_20241127_1214211124759688611382773-1140x1518.jpg 1140w, https:\/\/atecordoba.org\/wp-content\/uploads\/2024\/11\/img_20241127_1214211124759688611382773.jpg 1502w\" sizes=\"auto, (max-width: 225px) 100vw, 225px\" \/><\/p>\r\n\r\n\r\n\r\n<p>Desde ATE C\u00f3rdoba remarcaron la necesidad de que las legislaciones internacionales, nacionales y provinciales existentes sean efectivamente aplicadas en los municipios, y subrayaron que muchas veces la falta de reglamentaci\u00f3n local, como ordenanzas o estatutos, deja a las trabajadoras desprotegidas.<\/p>\r\n<p>El saldo de la jornada fue altamente positivo, marcando un paso importante en la lucha por la equidad y la prevenci\u00f3n de las violencias. ATE continuar\u00e1 dando seguimiento a esta propuesta, reafirmando su rol como el sindicato de las y los trabajadores municipales en la provincia de C\u00f3rdoba.<br \/><strong>\ud83d\udc49<em> Seguimos construyendo un futuro con m\u00e1s derechos para todas y todos.<\/em><\/strong><\/p>\r\n\r\n\r\n\r\n\r\n\r\n\r\n\r\n\r\n\r\n\r\n\r\n\r\n\r\n\r\n\r\n<p>&nbsp;<\/p>\r\n","protected":false},"excerpt":{"rendered":"<p>En una jornada clave para la ampliaci\u00f3n de derechos, integrantes del Consejo Directivo Provincial de ATE C\u00f3rdoba se presentaron en la Legislatura Provincial para avanzar con la adhesi\u00f3n de municipios a las normativas de licencias por violencia de g\u00e9nero. Participaron de la actividad Alejandra Agnone, secretaria de Acci\u00f3n Pol\u00edtica; Mar\u00eda Spaventa, secretaria de G\u00e9nero; Julia [&hellip;]<\/p>\n","protected":false},"author":3,"featured_media":46731,"comment_status":"open","ping_status":"open","sticky":false,"template":"","format":"standard","meta":{"_exactmetrics_skip_tracking":false,"_exactmetrics_sitenote_active":false,"_exactmetrics_sitenote_note":"","_exactmetrics_sitenote_category":0,"jnews-multi-image_gallery":[],"jnews_single_post":{"format":"standard","override":[{"template":"1","parallax":"1","fullscreen":"1","layout":"no-sidebar-narrow","sidebar":"default-sidebar","second_sidebar":"default-sidebar","sticky_sidebar":"1","share_position":"bottom","share_float_style":"share-monocrhome","show_share_counter":"1","show_view_counter":"1","show_post_meta":"1","show_post_author_image":"1","show_post_date":"1","post_date_format":"default","post_date_format_custom":"Y\/m\/d","show_post_category":"1","show_post_reading_time":"0","post_reading_time_wpm":"300","post_calculate_word_method":"str_word_count","show_zoom_button":"0","zoom_button_out_step":"2","zoom_button_in_step":"3","show_post_tag":"1","number_popup_post":"1","show_post_related":"1","show_inline_post_related":"0"}],"image_override":[{"single_post_thumbnail_size":"crop-500","single_post_gallery_size":"crop-500"}],"trending_post_position":"meta","trending_post_label":"Trending","sponsored_post_label":"Sponsored by","disable_ad":"0"},"jnews_primary_category":[],"jnews_social_meta":[],"jnews_review":[],"enable_review":"","type":"percentage","name":"","summary":"","brand":"","sku":"","good":[],"bad":[],"score_override":"","override_value":"","rating":[],"price":[],"jnews_override_counter":{"view_counter_number":"0","share_counter_number":"0","like_counter_number":"0","dislike_counter_number":"0"},"jnews_post_split":{"post_split":[{"template":"1","tag":"h2","numbering":"asc","mode":"normal","first":"0","enable_toc":"0","toc_type":"normal"}]},"footnotes":""},"categories":[20],"tags":[],"class_list":["post-46732","post","type-post","status-publish","format-standard","has-post-thumbnail","hentry","category-municipales"],"jetpack_featured_media_url":"https:\/\/atecordoba.org\/wp-content\/uploads\/2024\/11\/IMG_20241127_130134_1-scaled.jpg","_links":{"self":[{"href":"https:\/\/atecordoba.org\/index.php?rest_route=\/wp\/v2\/posts\/46732","targetHints":{"allow":["GET"]}}],"collection":[{"href":"https:\/\/atecordoba.org\/index.php?rest_route=\/wp\/v2\/posts"}],"about":[{"href":"https:\/\/atecordoba.org\/index.php?rest_route=\/wp\/v2\/types\/post"}],"author":[{"embeddable":true,"href":"https:\/\/atecordoba.org\/index.php?rest_route=\/wp\/v2\/users\/3"}],"replies":[{"embeddable":true,"href":"https:\/\/atecordoba.org\/index.php?rest_route=%2Fwp%2Fv2%2Fcomments&post=46732"}],"version-history":[{"count":3,"href":"https:\/\/atecordoba.org\/index.php?rest_route=\/wp\/v2\/posts\/46732\/revisions"}],"predecessor-version":[{"id":46736,"href":"https:\/\/atecordoba.org\/index.php?rest_route=\/wp\/v2\/posts\/46732\/revisions\/46736"}],"wp:featuredmedia":[{"embeddable":true,"href":"https:\/\/atecordoba.org\/index.php?rest_route=\/wp\/v2\/media\/46731"}],"wp:attachment":[{"href":"https:\/\/atecordoba.org\/index.php?rest_route=%2Fwp%2Fv2%2Fmedia&parent=46732"}],"wp:term":[{"taxonomy":"category","embeddable":true,"href":"https:\/\/atecordoba.org\/index.php?rest_route=%2Fwp%2Fv2%2Fcategories&post=46732"},{"taxonomy":"post_tag","embeddable":true,"href":"https:\/\/atecordoba.org\/index.php?rest_route=%2Fwp%2Fv2%2Ftags&post=46732"}],"curies":[{"name":"wp","href":"https:\/\/api.w.org\/{rel}","templated":true}]}}