{"id":46719,"date":"2024-11-27T12:17:10","date_gmt":"2024-11-27T15:17:10","guid":{"rendered":"https:\/\/atecordoba.org\/?p=46719"},"modified":"2024-11-27T12:17:10","modified_gmt":"2024-11-27T15:17:10","slug":"transito-acuerdo-paritario-salarial-para-las-y-los-municipales","status":"publish","type":"post","link":"https:\/\/atecordoba.org\/?p=46719","title":{"rendered":"Tr\u00e1nsito: Acuerdo Paritario Salarial para las y los municipales"},"content":{"rendered":"<p>En la localidad de Tr\u00e1nsito, el pasado 26 de noviembre de 2024, se llev\u00f3 a cabo una reuni\u00f3n paritaria entre la Municipalidad, representada por el intendente Ing. Fabi\u00e1n Sim\u00f3n Violo y el secretario de Gobierno Dr. Jonathan Micael Bernardi, y las delegadas gremiales Natalia Ag\u00fcero, Fabiana Carrizo y Alejandra Boccardi, en representaci\u00f3n de las y los trabajadores municipales.<\/p>\n<p><a href=\"https:\/\/atecordoba.org\/wp-content\/uploads\/2024\/11\/72e7aa64-5a4d-430e-84db-6443729bf475.jpeg\"><img loading=\"lazy\" decoding=\"async\" class=\"wp-image-46720 aligncenter\" src=\"https:\/\/atecordoba.org\/wp-content\/uploads\/2024\/11\/72e7aa64-5a4d-430e-84db-6443729bf475-300x135.jpeg\" alt=\"\" width=\"626\" height=\"282\" srcset=\"https:\/\/atecordoba.org\/wp-content\/uploads\/2024\/11\/72e7aa64-5a4d-430e-84db-6443729bf475-300x135.jpeg 300w, https:\/\/atecordoba.org\/wp-content\/uploads\/2024\/11\/72e7aa64-5a4d-430e-84db-6443729bf475-1024x461.jpeg 1024w, https:\/\/atecordoba.org\/wp-content\/uploads\/2024\/11\/72e7aa64-5a4d-430e-84db-6443729bf475-768x346.jpeg 768w, https:\/\/atecordoba.org\/wp-content\/uploads\/2024\/11\/72e7aa64-5a4d-430e-84db-6443729bf475-1536x691.jpeg 1536w, https:\/\/atecordoba.org\/wp-content\/uploads\/2024\/11\/72e7aa64-5a4d-430e-84db-6443729bf475-750x338.jpeg 750w, https:\/\/atecordoba.org\/wp-content\/uploads\/2024\/11\/72e7aa64-5a4d-430e-84db-6443729bf475-1140x513.jpeg 1140w, https:\/\/atecordoba.org\/wp-content\/uploads\/2024\/11\/72e7aa64-5a4d-430e-84db-6443729bf475.jpeg 1600w\" sizes=\"auto, (max-width: 626px) 100vw, 626px\" \/><\/a><\/p>\n<p>Durante el encuentro, la patronal ofreci\u00f3 un aumento salarial no remunerativo acumulativo sobre el b\u00e1sico de cada mes del 7.5% para diciembre de 2024, otro 7.5% para enero de 2025 y un 5% adicional para febrero de 2025. Asimismo, se acord\u00f3 que la suma total del incremento ser\u00e1 incorporada al salario b\u00e1sico en marzo de 2025. La propuesta fue aceptada por las delegadas gremiales, alcanz\u00e1ndose as\u00ed un consenso entre las partes.<\/p>\n<p>Con este acuerdo, finaliz\u00f3 la reuni\u00f3n a las 12:00 horas, quedando registrada en el acta paritaria.<\/p>\n","protected":false},"excerpt":{"rendered":"<p>En la localidad de Tr\u00e1nsito, el pasado 26 de noviembre de 2024, se llev\u00f3 a cabo una reuni\u00f3n paritaria entre la Municipalidad, representada por el intendente Ing. Fabi\u00e1n Sim\u00f3n Violo y el secretario de Gobierno Dr. Jonathan Micael Bernardi, y las delegadas gremiales Natalia Ag\u00fcero, Fabiana Carrizo y Alejandra Boccardi, en representaci\u00f3n de las y [&hellip;]<\/p>\n","protected":false},"author":3,"featured_media":46720,"comment_status":"open","ping_status":"open","sticky":false,"template":"","format":"standard","meta":{"_exactmetrics_skip_tracking":false,"_exactmetrics_sitenote_active":false,"_exactmetrics_sitenote_note":"","_exactmetrics_sitenote_category":0,"jnews-multi-image_gallery":[],"jnews_single_post":{"format":"standard","override":[{"template":"1","parallax":"1","fullscreen":"1","layout":"no-sidebar-narrow","sidebar":"default-sidebar","second_sidebar":"default-sidebar","sticky_sidebar":"1","share_position":"bottom","share_float_style":"share-monocrhome","show_share_counter":"1","show_view_counter":"1","show_post_meta":"1","show_post_author_image":"1","show_post_date":"1","post_date_format":"default","post_date_format_custom":"Y\/m\/d","show_post_category":"1","show_post_reading_time":"0","post_reading_time_wpm":"300","post_calculate_word_method":"str_word_count","show_zoom_button":"0","zoom_button_out_step":"2","zoom_button_in_step":"3","show_post_tag":"1","number_popup_post":"1","show_post_related":"1","show_inline_post_related":"0"}],"image_override":[{"single_post_thumbnail_size":"crop-500","single_post_gallery_size":"crop-500"}],"trending_post_position":"meta","trending_post_label":"Trending","sponsored_post_label":"Sponsored by","disable_ad":"0"},"jnews_primary_category":[],"jnews_social_meta":[],"jnews_review":[],"enable_review":"","type":"percentage","name":"","summary":"","brand":"","sku":"","good":[],"bad":[],"score_override":"","override_value":"","rating":[],"price":[],"jnews_override_counter":{"view_counter_number":"0","share_counter_number":"0","like_counter_number":"0","dislike_counter_number":"0"},"jnews_post_split":{"post_split":[{"template":"1","tag":"h2","numbering":"asc","mode":"normal","first":"0","enable_toc":"0","toc_type":"normal"}]},"footnotes":""},"categories":[20],"tags":[],"class_list":["post-46719","post","type-post","status-publish","format-standard","has-post-thumbnail","hentry","category-municipales"],"jetpack_featured_media_url":"https:\/\/atecordoba.org\/wp-content\/uploads\/2024\/11\/72e7aa64-5a4d-430e-84db-6443729bf475.jpeg","_links":{"self":[{"href":"https:\/\/atecordoba.org\/index.php?rest_route=\/wp\/v2\/posts\/46719","targetHints":{"allow":["GET"]}}],"collection":[{"href":"https:\/\/atecordoba.org\/index.php?rest_route=\/wp\/v2\/posts"}],"about":[{"href":"https:\/\/atecordoba.org\/index.php?rest_route=\/wp\/v2\/types\/post"}],"author":[{"embeddable":true,"href":"https:\/\/atecordoba.org\/index.php?rest_route=\/wp\/v2\/users\/3"}],"replies":[{"embeddable":true,"href":"https:\/\/atecordoba.org\/index.php?rest_route=%2Fwp%2Fv2%2Fcomments&post=46719"}],"version-history":[{"count":2,"href":"https:\/\/atecordoba.org\/index.php?rest_route=\/wp\/v2\/posts\/46719\/revisions"}],"predecessor-version":[{"id":46722,"href":"https:\/\/atecordoba.org\/index.php?rest_route=\/wp\/v2\/posts\/46719\/revisions\/46722"}],"wp:featuredmedia":[{"embeddable":true,"href":"https:\/\/atecordoba.org\/index.php?rest_route=\/wp\/v2\/media\/46720"}],"wp:attachment":[{"href":"https:\/\/atecordoba.org\/index.php?rest_route=%2Fwp%2Fv2%2Fmedia&parent=46719"}],"wp:term":[{"taxonomy":"category","embeddable":true,"href":"https:\/\/atecordoba.org\/index.php?rest_route=%2Fwp%2Fv2%2Fcategories&post=46719"},{"taxonomy":"post_tag","embeddable":true,"href":"https:\/\/atecordoba.org\/index.php?rest_route=%2Fwp%2Fv2%2Ftags&post=46719"}],"curies":[{"name":"wp","href":"https:\/\/api.w.org\/{rel}","templated":true}]}}