{"id":46708,"date":"2024-11-26T10:47:18","date_gmt":"2024-11-26T13:47:18","guid":{"rendered":"https:\/\/atecordoba.org\/?p=46708"},"modified":"2024-11-26T10:47:18","modified_gmt":"2024-11-26T13:47:18","slug":"ate-cordoba-denuncia-aumentos-arbitrarios-y-llama-a-un-paro-provincial-en-defensa-de-los-derechos-de-las-y-los-trabajadores","status":"publish","type":"post","link":"https:\/\/atecordoba.org\/?p=46708","title":{"rendered":"ATE C\u00f3rdoba denuncia aumentos arbitrarios y llama a un paro provincial en defensa de los derechos de las y los trabajadores"},"content":{"rendered":"<p><a href=\"https:\/\/atecordoba.org\/wp-content\/uploads\/2024\/11\/WhatsApp-Image-2024-07-12-at-11.39.24-AM-1024x578-1.jpeg\"><img loading=\"lazy\" decoding=\"async\" class=\"alignnone wp-image-46709 size-full\" src=\"https:\/\/atecordoba.org\/wp-content\/uploads\/2024\/11\/WhatsApp-Image-2024-07-12-at-11.39.24-AM-1024x578-1.jpeg\" alt=\"\" width=\"1024\" height=\"578\" srcset=\"https:\/\/atecordoba.org\/wp-content\/uploads\/2024\/11\/WhatsApp-Image-2024-07-12-at-11.39.24-AM-1024x578-1.jpeg 1024w, https:\/\/atecordoba.org\/wp-content\/uploads\/2024\/11\/WhatsApp-Image-2024-07-12-at-11.39.24-AM-1024x578-1-300x169.jpeg 300w, https:\/\/atecordoba.org\/wp-content\/uploads\/2024\/11\/WhatsApp-Image-2024-07-12-at-11.39.24-AM-1024x578-1-768x434.jpeg 768w, https:\/\/atecordoba.org\/wp-content\/uploads\/2024\/11\/WhatsApp-Image-2024-07-12-at-11.39.24-AM-1024x578-1-750x423.jpeg 750w\" sizes=\"auto, (max-width: 1024px) 100vw, 1024px\" \/><\/a><\/p>\n<p>Desde la Asociaci\u00f3n Trabajadores del Estado (ATE) de C\u00f3rdoba denunciamos que el gobierno de<strong> Mart\u00edn Llaryora contin\u00faa negociando de manera arbitraria con un solo gremio<\/strong>, excluyendo al resto de las organizaciones sindicales y, por ende, a miles de trabajadores estatales. El reciente aumento salarial acordado es insuficiente y diferenciado, generando divisiones en el equipo de salud y debilitando la unidad que las y los trabajadores han demostrado en las calles.<\/p>\n<p><strong>El gobierno sostiene esquemas de precarizaci\u00f3n laboral con becarios y monotributistas en todos los ministerios, impidiendo su plena participaci\u00f3n en asambleas y paros, y afectando adem\u00e1s los aportes a la Caja de Jubilaciones.<\/strong> Estas condiciones generan incertidumbre entre quienes temen el despido.<\/p>\n<p>Ante esta grave situaci\u00f3n, llamamos a construir la m\u00e1s amplia unidad en asambleas de todas las dependencias estatales para organizar un gran paro provincial. Entre nuestras demandas se destacan:<\/p>\n<ul>\n<li><strong>Un aumento salarial que supere de bolsillo la Canasta B\u00e1sica Total.<\/strong><\/li>\n<li><strong>Blanqueo al b\u00e1sico de todas las sumas remunerativas.<\/strong><\/li>\n<li><strong>Recursos humanos cr\u00edticos en igualdad de condiciones para ambas leyes de salud.<\/strong><\/li>\n<li><strong>Reglamentaci\u00f3n de la Ley de Salud 10.889, con rechazo al art\u00edculo 107.<\/strong><\/li>\n<li><strong>Pase a contrato de todas las personas precarizadas.<\/strong><\/li>\n<li><strong>Eliminaci\u00f3n de descuentos indebidos de APROSS.<\/strong><\/li>\n<li><strong>Cobertura de planteles b\u00e1sicos en todas las \u00e1reas del Estado.<\/strong><\/li>\n<\/ul>\n<p><strong>ATE C\u00f3rdoba convoca a un paro nacional el pr\u00f3ximo 5 de diciembre<\/strong>, en el marco de una jornada de lucha que unifique fuerzas contra las pol\u00edticas de ajuste del gobierno provincial y nacional, en defensa de los derechos de las y los trabajadores estatales.<\/p>\n<p><em><strong>\u00a1La unidad y la organizaci\u00f3n son nuestras herramientas para resistir y conquistar mejoras reales!<\/strong><\/em><\/p>\n","protected":false},"excerpt":{"rendered":"<p>Desde la Asociaci\u00f3n Trabajadores del Estado (ATE) de C\u00f3rdoba denunciamos que el gobierno de Mart\u00edn Llaryora contin\u00faa negociando de manera arbitraria con un solo gremio, excluyendo al resto de las organizaciones sindicales y, por ende, a miles de trabajadores estatales. El reciente aumento salarial acordado es insuficiente y diferenciado, generando divisiones en el equipo de [&hellip;]<\/p>\n","protected":false},"author":3,"featured_media":46709,"comment_status":"open","ping_status":"open","sticky":false,"template":"","format":"standard","meta":{"_exactmetrics_skip_tracking":false,"_exactmetrics_sitenote_active":false,"_exactmetrics_sitenote_note":"","_exactmetrics_sitenote_category":0,"jnews-multi-image_gallery":[],"jnews_single_post":{"format":"standard","override":[{"template":"1","parallax":"1","fullscreen":"1","layout":"no-sidebar-narrow","sidebar":"default-sidebar","second_sidebar":"default-sidebar","sticky_sidebar":"1","share_position":"bottom","share_float_style":"share-monocrhome","show_share_counter":"1","show_view_counter":"1","show_post_meta":"1","show_post_author_image":"1","show_post_date":"1","post_date_format":"default","post_date_format_custom":"Y\/m\/d","show_post_category":"1","show_post_reading_time":"0","post_reading_time_wpm":"300","post_calculate_word_method":"str_word_count","show_zoom_button":"0","zoom_button_out_step":"2","zoom_button_in_step":"3","show_post_tag":"1","number_popup_post":"1","show_post_related":"1","show_inline_post_related":"0"}],"image_override":[{"single_post_thumbnail_size":"crop-500","single_post_gallery_size":"crop-500"}],"trending_post_position":"meta","trending_post_label":"Trending","sponsored_post_label":"Sponsored by","disable_ad":"0"},"jnews_primary_category":[],"jnews_social_meta":[],"jnews_review":[],"enable_review":"","type":"percentage","name":"","summary":"","brand":"","sku":"","good":[],"bad":[],"score_override":"","override_value":"","rating":[],"price":[],"jnews_override_counter":{"view_counter_number":"0","share_counter_number":"0","like_counter_number":"0","dislike_counter_number":"0"},"jnews_post_split":{"post_split":[{"template":"1","tag":"h2","numbering":"asc","mode":"normal","first":"0","enable_toc":"0","toc_type":"normal"}]},"footnotes":""},"categories":[8],"tags":[],"class_list":["post-46708","post","type-post","status-publish","format-standard","has-post-thumbnail","hentry","category-provinciales"],"jetpack_featured_media_url":"https:\/\/atecordoba.org\/wp-content\/uploads\/2024\/11\/WhatsApp-Image-2024-07-12-at-11.39.24-AM-1024x578-1.jpeg","_links":{"self":[{"href":"https:\/\/atecordoba.org\/index.php?rest_route=\/wp\/v2\/posts\/46708","targetHints":{"allow":["GET"]}}],"collection":[{"href":"https:\/\/atecordoba.org\/index.php?rest_route=\/wp\/v2\/posts"}],"about":[{"href":"https:\/\/atecordoba.org\/index.php?rest_route=\/wp\/v2\/types\/post"}],"author":[{"embeddable":true,"href":"https:\/\/atecordoba.org\/index.php?rest_route=\/wp\/v2\/users\/3"}],"replies":[{"embeddable":true,"href":"https:\/\/atecordoba.org\/index.php?rest_route=%2Fwp%2Fv2%2Fcomments&post=46708"}],"version-history":[{"count":1,"href":"https:\/\/atecordoba.org\/index.php?rest_route=\/wp\/v2\/posts\/46708\/revisions"}],"predecessor-version":[{"id":46710,"href":"https:\/\/atecordoba.org\/index.php?rest_route=\/wp\/v2\/posts\/46708\/revisions\/46710"}],"wp:featuredmedia":[{"embeddable":true,"href":"https:\/\/atecordoba.org\/index.php?rest_route=\/wp\/v2\/media\/46709"}],"wp:attachment":[{"href":"https:\/\/atecordoba.org\/index.php?rest_route=%2Fwp%2Fv2%2Fmedia&parent=46708"}],"wp:term":[{"taxonomy":"category","embeddable":true,"href":"https:\/\/atecordoba.org\/index.php?rest_route=%2Fwp%2Fv2%2Fcategories&post=46708"},{"taxonomy":"post_tag","embeddable":true,"href":"https:\/\/atecordoba.org\/index.php?rest_route=%2Fwp%2Fv2%2Ftags&post=46708"}],"curies":[{"name":"wp","href":"https:\/\/api.w.org\/{rel}","templated":true}]}}