{"id":46681,"date":"2024-11-25T12:55:05","date_gmt":"2024-11-25T15:55:05","guid":{"rendered":"https:\/\/atecordoba.org\/?p=46681"},"modified":"2024-11-25T13:01:15","modified_gmt":"2024-11-25T16:01:15","slug":"ate-cordoba-impulsa-licencias-por-violencia-de-genero-en-14-municipios","status":"publish","type":"post","link":"https:\/\/atecordoba.org\/?p=46681","title":{"rendered":"ATE C\u00f3rdoba impulsa licencias por violencia de g\u00e9nero en 15 municipios"},"content":{"rendered":"<p><a href=\"https:\/\/atecordoba.org\/wp-content\/uploads\/2024\/11\/WhatsApp-Image-2024-11-25-at-12.08.11.jpeg\"><img loading=\"lazy\" decoding=\"async\" class=\"alignnone wp-image-46686 size-large\" src=\"https:\/\/atecordoba.org\/wp-content\/uploads\/2024\/11\/WhatsApp-Image-2024-11-25-at-12.08.11-576x1024.jpeg\" alt=\"\" width=\"576\" height=\"1024\" srcset=\"https:\/\/atecordoba.org\/wp-content\/uploads\/2024\/11\/WhatsApp-Image-2024-11-25-at-12.08.11-576x1024.jpeg 576w, https:\/\/atecordoba.org\/wp-content\/uploads\/2024\/11\/WhatsApp-Image-2024-11-25-at-12.08.11-169x300.jpeg 169w, https:\/\/atecordoba.org\/wp-content\/uploads\/2024\/11\/WhatsApp-Image-2024-11-25-at-12.08.11-768x1365.jpeg 768w, https:\/\/atecordoba.org\/wp-content\/uploads\/2024\/11\/WhatsApp-Image-2024-11-25-at-12.08.11-864x1536.jpeg 864w, https:\/\/atecordoba.org\/wp-content\/uploads\/2024\/11\/WhatsApp-Image-2024-11-25-at-12.08.11-750x1333.jpeg 750w, https:\/\/atecordoba.org\/wp-content\/uploads\/2024\/11\/WhatsApp-Image-2024-11-25-at-12.08.11.jpeg 900w\" sizes=\"auto, (max-width: 576px) 100vw, 576px\" \/><\/a><\/p>\n<p>Con motivo del <strong>D\u00eda Internacional de la Eliminaci\u00f3n de la Violencia contra las Mujeres y Diversidades<\/strong>, el Consejo Directivo Provincial (CDP) de ATE C\u00f3rdoba present\u00f3 un proyecto de licencia por violencia de g\u00e9nero para trabajadoras municipales en 15 municipios de la provincia. Esta iniciativa busca garantizar derechos esenciales a un sector hist\u00f3ricamente precarizado.<\/p>\n<h3>Una propuesta necesaria<\/h3>\n<p><a href=\"https:\/\/atecordoba.org\/wp-content\/uploads\/2024\/11\/WhatsApp-Image-2024-11-25-at-12.09.15.jpeg\"><img loading=\"lazy\" decoding=\"async\" class=\"alignnone size-medium wp-image-46684\" src=\"https:\/\/atecordoba.org\/wp-content\/uploads\/2024\/11\/WhatsApp-Image-2024-11-25-at-12.09.15-225x300.jpeg\" alt=\"\" width=\"225\" height=\"300\" srcset=\"https:\/\/atecordoba.org\/wp-content\/uploads\/2024\/11\/WhatsApp-Image-2024-11-25-at-12.09.15-225x300.jpeg 225w, https:\/\/atecordoba.org\/wp-content\/uploads\/2024\/11\/WhatsApp-Image-2024-11-25-at-12.09.15-768x1024.jpeg 768w, https:\/\/atecordoba.org\/wp-content\/uploads\/2024\/11\/WhatsApp-Image-2024-11-25-at-12.09.15-750x1000.jpeg 750w, https:\/\/atecordoba.org\/wp-content\/uploads\/2024\/11\/WhatsApp-Image-2024-11-25-at-12.09.15.jpeg 960w\" sizes=\"auto, (max-width: 225px) 100vw, 225px\" \/><\/a> <a href=\"https:\/\/atecordoba.org\/wp-content\/uploads\/2024\/11\/WhatsApp-Image-2024-11-25-at-12.09.15-1.jpeg\"><img loading=\"lazy\" decoding=\"async\" class=\"alignnone size-medium wp-image-46683\" src=\"https:\/\/atecordoba.org\/wp-content\/uploads\/2024\/11\/WhatsApp-Image-2024-11-25-at-12.09.15-1-225x300.jpeg\" alt=\"\" width=\"225\" height=\"300\" srcset=\"https:\/\/atecordoba.org\/wp-content\/uploads\/2024\/11\/WhatsApp-Image-2024-11-25-at-12.09.15-1-225x300.jpeg 225w, https:\/\/atecordoba.org\/wp-content\/uploads\/2024\/11\/WhatsApp-Image-2024-11-25-at-12.09.15-1-768x1024.jpeg 768w, https:\/\/atecordoba.org\/wp-content\/uploads\/2024\/11\/WhatsApp-Image-2024-11-25-at-12.09.15-1-750x1000.jpeg 750w, https:\/\/atecordoba.org\/wp-content\/uploads\/2024\/11\/WhatsApp-Image-2024-11-25-at-12.09.15-1.jpeg 960w\" sizes=\"auto, (max-width: 225px) 100vw, 225px\" \/><\/a><\/p>\n<p><em><strong>Julia Giuliani, secretaria de Prensa de ATE C\u00f3rdoba<\/strong><\/em>, explic\u00f3 que esta licencia responde a la necesidad de proteger a trabajadoras en situaciones de violencia, brind\u00e1ndoles estabilidad laboral y acceso a derechos fundamentales. \u201cLas trabajadoras municipales muchas veces naturalizan situaciones de violencia en el hogar y el trabajo, mientras enfrentan salarios por debajo del m\u00ednimo vital y m\u00f3vil. Es imprescindible que los municipios est\u00e9n a la altura de las circunstancias y se implementen pol\u00edticas para garantizar condiciones laborales dignas\u201d, afirm\u00f3.<\/p>\n<p>Giuliani tambi\u00e9n denunci\u00f3 que muchas trabajadoras, v\u00edctimas de violencia, deben recurrir a carpetas psiqui\u00e1tricas o tomar licencias sin goce de sueldo, lo que agrava su situaci\u00f3n econ\u00f3mica y emocional.<\/p>\n<h3>Municipios comprometidos<\/h3>\n<p>La propuesta fue presentada en 15 municipios, entre ellos Mendiolaza, Mina Clavero, Cura Brochero, Salsipuedes y Cruz del Eje. En cada caso, se busca que los Concejos Deliberantes y comunas adhieran a normativas vigentes y desarrollen pol\u00edticas que incluyan asistencia psicol\u00f3gica y legal.<\/p>\n<p><em><strong>Mar\u00eda Spaventa, secretaria de G\u00e9nero de ATE C\u00f3rdoba<\/strong><\/em>, destac\u00f3 el impacto de esta medida: \u201cEs fundamental que las compa\u00f1eras puedan acceder a esta licencia y ser asistidas adecuadamente. Este a\u00f1o, en C\u00f3rdoba, 19 mujeres perdieron la vida por femicidios; a nivel nacional, superan los 200. Estas cifras reflejan la urgencia de implementar pol\u00edticas efectivas\u201d.<\/p>\n<h3>Pr\u00f3ximos pasos<\/h3>\n<p>El mi\u00e9rcoles pr\u00f3ximo, ATE C\u00f3rdoba ser\u00e1 recibido por Silvina Jurich, presidenta de la Comisi\u00f3n Laboral de la Legislatura Provincial, para presentar el proyecto y buscar una discusi\u00f3n que alcance a toda la provincia.<\/p>\n<p><strong>\u201cNo es un hecho menor que podamos estar trabajando en pol\u00edticas de g\u00e9nero en pleno siglo XXI. Estamos impulsando un cambio que garantice derechos y dignidad para quienes forman parte del eslab\u00f3n m\u00e1s d\u00e9bil del empleo estatal\u201d<\/strong>, concluy\u00f3 Giuliani.<\/p>\n<h3>Municipios donde se present\u00f3 el proyecto:<\/h3>\n<ul>\n<li><strong>Mendiolaza<\/strong><\/li>\n<li><strong>Mina Clavero<\/strong><\/li>\n<li><strong>Cura Brochero<\/strong><\/li>\n<li><strong>Salsipuedes<\/strong><\/li>\n<li><strong>Cruz del Eje<\/strong><\/li>\n<li><strong>Anisacate<\/strong><\/li>\n<li><strong>Villa Ciudad Parque<\/strong><\/li>\n<li><strong>La Paz<\/strong><\/li>\n<li><strong>Tr\u00e1nsito<\/strong><\/li>\n<li><strong>Salsacate<\/strong><\/li>\n<li><strong>Arroyo de los Patos<\/strong><\/li>\n<li><strong>Los Aromos<\/strong><\/li>\n<li><strong>Valle de Anisacate<\/strong><\/li>\n<li><strong>R\u00edo Primero<\/strong><\/li>\n<li><strong>Cosqu\u00edn<\/strong><\/li>\n<\/ul>\n<p><a href=\"https:\/\/atecordoba.org\/wp-content\/uploads\/2024\/11\/WhatsApp-Image-2024-11-25-at-12.09.16-1.jpeg\"><img loading=\"lazy\" decoding=\"async\" class=\"alignnone size-medium wp-image-46687\" src=\"https:\/\/atecordoba.org\/wp-content\/uploads\/2024\/11\/WhatsApp-Image-2024-11-25-at-12.09.16-1-169x300.jpeg\" alt=\"\" width=\"169\" height=\"300\" srcset=\"https:\/\/atecordoba.org\/wp-content\/uploads\/2024\/11\/WhatsApp-Image-2024-11-25-at-12.09.16-1-169x300.jpeg 169w, https:\/\/atecordoba.org\/wp-content\/uploads\/2024\/11\/WhatsApp-Image-2024-11-25-at-12.09.16-1-576x1024.jpeg 576w, https:\/\/atecordoba.org\/wp-content\/uploads\/2024\/11\/WhatsApp-Image-2024-11-25-at-12.09.16-1.jpeg 720w\" sizes=\"auto, (max-width: 169px) 100vw, 169px\" \/><\/a> <a href=\"https:\/\/atecordoba.org\/wp-content\/uploads\/2024\/11\/WhatsApp-Image-2024-11-25-at-12.09.16.jpeg\"><img loading=\"lazy\" decoding=\"async\" class=\"alignnone size-medium wp-image-46682\" src=\"https:\/\/atecordoba.org\/wp-content\/uploads\/2024\/11\/WhatsApp-Image-2024-11-25-at-12.09.16-225x300.jpeg\" alt=\"\" width=\"225\" height=\"300\" srcset=\"https:\/\/atecordoba.org\/wp-content\/uploads\/2024\/11\/WhatsApp-Image-2024-11-25-at-12.09.16-225x300.jpeg 225w, https:\/\/atecordoba.org\/wp-content\/uploads\/2024\/11\/WhatsApp-Image-2024-11-25-at-12.09.16-768x1024.jpeg 768w, https:\/\/atecordoba.org\/wp-content\/uploads\/2024\/11\/WhatsApp-Image-2024-11-25-at-12.09.16-750x1000.jpeg 750w, https:\/\/atecordoba.org\/wp-content\/uploads\/2024\/11\/WhatsApp-Image-2024-11-25-at-12.09.16.jpeg 960w\" sizes=\"auto, (max-width: 225px) 100vw, 225px\" \/><\/a><\/p>\n<p>Desde ATE C\u00f3rdoba, el compromiso con los derechos de las trabajadoras sigue siendo firme, con acciones que apuntan a erradicar la violencia y precarizaci\u00f3n laboral en todos los niveles del Estado.<\/p>\n","protected":false},"excerpt":{"rendered":"<p>Con motivo del D\u00eda Internacional de la Eliminaci\u00f3n de la Violencia contra las Mujeres y Diversidades, el Consejo Directivo Provincial (CDP) de ATE C\u00f3rdoba present\u00f3 un proyecto de licencia por violencia de g\u00e9nero para trabajadoras municipales en 15 municipios de la provincia. Esta iniciativa busca garantizar derechos esenciales a un sector hist\u00f3ricamente precarizado. Una propuesta [&hellip;]<\/p>\n","protected":false},"author":3,"featured_media":46686,"comment_status":"open","ping_status":"open","sticky":false,"template":"","format":"standard","meta":{"_exactmetrics_skip_tracking":false,"_exactmetrics_sitenote_active":false,"_exactmetrics_sitenote_note":"","_exactmetrics_sitenote_category":0,"jnews-multi-image_gallery":[],"jnews_single_post":{"format":"standard","override":[{"template":"1","parallax":"1","fullscreen":"1","layout":"no-sidebar-narrow","sidebar":"default-sidebar","second_sidebar":"default-sidebar","sticky_sidebar":"1","share_position":"bottom","share_float_style":"share-monocrhome","show_share_counter":"1","show_view_counter":"1","show_post_meta":"1","show_post_author_image":"1","show_post_date":"1","post_date_format":"default","post_date_format_custom":"Y\/m\/d","show_post_category":"1","show_post_reading_time":"0","post_reading_time_wpm":"300","post_calculate_word_method":"str_word_count","show_zoom_button":"0","zoom_button_out_step":"2","zoom_button_in_step":"3","show_post_tag":"1","number_popup_post":"1","show_post_related":"1","show_inline_post_related":"0"}],"image_override":[{"single_post_thumbnail_size":"crop-500","single_post_gallery_size":"crop-500"}],"trending_post_position":"meta","trending_post_label":"Trending","sponsored_post_label":"Sponsored by","disable_ad":"0"},"jnews_primary_category":[],"jnews_social_meta":[],"jnews_review":[],"enable_review":"","type":"percentage","name":"","summary":"","brand":"","sku":"","good":[],"bad":[],"score_override":"","override_value":"","rating":[],"price":[],"jnews_override_counter":{"view_counter_number":"0","share_counter_number":"0","like_counter_number":"0","dislike_counter_number":"0"},"jnews_post_split":{"post_split":[{"template":"1","tag":"h2","numbering":"asc","mode":"normal","first":"0","enable_toc":"0","toc_type":"normal"}]},"footnotes":""},"categories":[10,325],"tags":[],"class_list":["post-46681","post","type-post","status-publish","format-standard","has-post-thumbnail","hentry","category-accion-politica","category-generos-y-diversidades"],"jetpack_featured_media_url":"https:\/\/atecordoba.org\/wp-content\/uploads\/2024\/11\/WhatsApp-Image-2024-11-25-at-12.08.11.jpeg","_links":{"self":[{"href":"https:\/\/atecordoba.org\/index.php?rest_route=\/wp\/v2\/posts\/46681","targetHints":{"allow":["GET"]}}],"collection":[{"href":"https:\/\/atecordoba.org\/index.php?rest_route=\/wp\/v2\/posts"}],"about":[{"href":"https:\/\/atecordoba.org\/index.php?rest_route=\/wp\/v2\/types\/post"}],"author":[{"embeddable":true,"href":"https:\/\/atecordoba.org\/index.php?rest_route=\/wp\/v2\/users\/3"}],"replies":[{"embeddable":true,"href":"https:\/\/atecordoba.org\/index.php?rest_route=%2Fwp%2Fv2%2Fcomments&post=46681"}],"version-history":[{"count":4,"href":"https:\/\/atecordoba.org\/index.php?rest_route=\/wp\/v2\/posts\/46681\/revisions"}],"predecessor-version":[{"id":46691,"href":"https:\/\/atecordoba.org\/index.php?rest_route=\/wp\/v2\/posts\/46681\/revisions\/46691"}],"wp:featuredmedia":[{"embeddable":true,"href":"https:\/\/atecordoba.org\/index.php?rest_route=\/wp\/v2\/media\/46686"}],"wp:attachment":[{"href":"https:\/\/atecordoba.org\/index.php?rest_route=%2Fwp%2Fv2%2Fmedia&parent=46681"}],"wp:term":[{"taxonomy":"category","embeddable":true,"href":"https:\/\/atecordoba.org\/index.php?rest_route=%2Fwp%2Fv2%2Fcategories&post=46681"},{"taxonomy":"post_tag","embeddable":true,"href":"https:\/\/atecordoba.org\/index.php?rest_route=%2Fwp%2Fv2%2Ftags&post=46681"}],"curies":[{"name":"wp","href":"https:\/\/api.w.org\/{rel}","templated":true}]}}