{"id":4668,"date":"2014-10-29T16:38:41","date_gmt":"2014-10-29T19:38:41","guid":{"rendered":"http:\/\/www.atecordoba.org\/?p=4668"},"modified":"2014-10-29T16:38:41","modified_gmt":"2014-10-29T19:38:41","slug":"ate-rechaza-los-hechos-de-violencia-ocurridos-hoy-y-lamenta-las-agresiones-entre-trabajadores","status":"publish","type":"post","link":"https:\/\/atecordoba.org\/?p=4668","title":{"rendered":"ATE rechaza los hechos de violencia ocurridos hoy y lamenta las agresiones entre trabajadores"},"content":{"rendered":"<p><em>Ante los hechos acaecidos en inmediaciones de la sede del Sindicato de Empleados P\u00fablicos (SEP), desde el Consejo Directivo Provincial (CDP) de ATE C\u00f3rdoba informamos a los trabajadores provinciales, a la comunidad y a los medios de comunicaci\u00f3n que nuestro gremio rechaza los hechos de violencia, tal como lo expresa nuestra larga historia de actividad sindical en C\u00f3rdoba.<\/em><\/p>\n<p><a href=\"http:\/\/www.atecordoba.org\/wp-content\/uploads\/2013\/05\/BOMBO-ATE.jpg\"><img loading=\"lazy\" decoding=\"async\" class=\"aligncenter size-full wp-image-2701\" src=\"http:\/\/www.atecordoba.org\/wp-content\/uploads\/2013\/05\/BOMBO-ATE.jpg\" alt=\"BOMBO ATE\" width=\"275\" height=\"183\" \/><\/a><\/p>\n<p>Por eso vale aclarar que este CDP, al igual que el cuerpo de delegados provinciales, ni avala ni promueve ning\u00fan hecho violento, as\u00ed como no sugiere ni recomienda que se lleven a cabo manifestaciones ni escraches ante otras organizaciones sindicales.<\/p>\n<p>Durante la jornada de ayer, el cuerpo de delegados mantuvo un plenario donde resolvi\u00f3 profundizar las asambleas y jornadas de protesta en los distintos sectores en conflicto de la administraci\u00f3n p\u00fablica.<\/p>\n<p>Sostenemos que la dignidad de los trabajadores no se resuelve violentamente, ni siquiera ante la violencia econ\u00f3mica a la que nos somete el gobierno provincial, pagando salarios que a\u00f1o a a\u00f1o pierden capacidad adquisitiva frente a la escalada inflacionaria, que el propio gobernador De la Sota esgrime en sus declaraciones de campa\u00f1a electoral.<\/p>\n<p>En ese marco, no podemos aceptar que se diga que ATE es culpable de los hechos de violencia porque no aceptamos un bono por \u00fanica vez que pretende suplir el atraso salarial que vivimos los trabajadores provinciales. Todas las movilizaciones que se llevaron a cabo durante los a\u00f1os que ATE lleva ejerciendo las representaciones de los trabajadores fueron pac\u00edficas y as\u00ed seguir\u00e1n siendo en el futuro.<\/p>\n<p>No obstante, debemos aclarar que algunos trabajadores se ven desbordados ante la realidad: el sueldo no llega a fin de mes. El gobierno cordob\u00e9s se comprometi\u00f3 en febrero pasado a reabrir las paritarias si la inflaci\u00f3n superaba la pauta otorgada pero incumpli\u00f3 su promesa e ignor\u00f3 los pedidos de ATE para llevar a cabo una nueva negociaci\u00f3n salarial que reclama el conjunto de los trabajadores provinciales. Esto no justifica ning\u00fan acto violento pero enmarca una situaci\u00f3n donde el gobernador echa permanentemente nafta al fuego, menospreciando las medidas de fuerza que se llevan a cabo en los hospitales o sindicando a ATE como punta de lanza de alg\u00fan partido pol\u00edtico.<\/p>\n<p>En esa l\u00ednea, troskistas fuimos el a\u00f1o pasado, kirchneristas en 2014, s\u00f3lo porque De la Sota no acepta que un gremio lleve adelante las reivindicaciones de los trabajadores de forma aut\u00f3noma de gobiernos y partidos, al margen del color pol\u00edtico que tenga cada uno. \u00bfSer\u00e1 esa la raz\u00f3n que lleva al gobierno provincial a incumplir los fallos de la Corte Suprema de Justicia de la Naci\u00f3n, donde se expresa claramente que debe reconocerse a ATE en igualdad de condiciones de los otros gremios actuantes en la administraci\u00f3n p\u00fablica?<\/p>\n<p>A pesar de todo ello, los trabajadores pueden tener la tranquilidad que seguiremos sosteniendo las mismas convicciones y el mismo compromiso de siempre en defensa del salario y las condiciones de trabajo, as\u00ed como una visi\u00f3n del Estado que defienda a los intereses colectivos por encima de los negocios particulares.<\/p>\n<p>Por eso la conducci\u00f3n de ATE C\u00f3rdoba lamenta las heridas sufridas por quienes resultaron agredidos hoy y refrenda su compromiso con la democracia y la libertad sindical.<\/p>\n","protected":false},"excerpt":{"rendered":"<p>Ante los hechos acaecidos en inmediaciones de la sede del Sindicato de Empleados P\u00fablicos (SEP), desde el Consejo Directivo Provincial (CDP) de ATE C\u00f3rdoba informamos a los trabajadores provinciales, a la comunidad y a los medios de comunicaci\u00f3n que nuestro gremio rechaza los hechos de violencia, tal como lo expresa nuestra larga historia de actividad [&hellip;]<\/p>\n","protected":false},"author":1,"featured_media":19220,"comment_status":"open","ping_status":"open","sticky":false,"template":"","format":"standard","meta":{"_exactmetrics_skip_tracking":false,"_exactmetrics_sitenote_active":false,"_exactmetrics_sitenote_note":"","_exactmetrics_sitenote_category":0,"jnews-multi-image_gallery":[],"jnews_single_post":[],"jnews_primary_category":[],"jnews_social_meta":[],"jnews_review":[],"enable_review":"","type":"","name":"","summary":"","brand":"","sku":"","good":[],"bad":[],"score_override":"","override_value":"","rating":[],"price":[],"jnews_override_counter":[],"jnews_post_split":[],"footnotes":""},"categories":[53,7,8],"tags":[],"class_list":["post-4668","post","type-post","status-publish","format-standard","has-post-thumbnail","hentry","category-comunicados-de-prensa","category-hospitales","category-provinciales"],"jetpack_featured_media_url":"https:\/\/atecordoba.org\/wp-content\/uploads\/2020\/05\/logo-nuevochico-e1561581322808.png","_links":{"self":[{"href":"https:\/\/atecordoba.org\/index.php?rest_route=\/wp\/v2\/posts\/4668","targetHints":{"allow":["GET"]}}],"collection":[{"href":"https:\/\/atecordoba.org\/index.php?rest_route=\/wp\/v2\/posts"}],"about":[{"href":"https:\/\/atecordoba.org\/index.php?rest_route=\/wp\/v2\/types\/post"}],"author":[{"embeddable":true,"href":"https:\/\/atecordoba.org\/index.php?rest_route=\/wp\/v2\/users\/1"}],"replies":[{"embeddable":true,"href":"https:\/\/atecordoba.org\/index.php?rest_route=%2Fwp%2Fv2%2Fcomments&post=4668"}],"version-history":[{"count":0,"href":"https:\/\/atecordoba.org\/index.php?rest_route=\/wp\/v2\/posts\/4668\/revisions"}],"wp:featuredmedia":[{"embeddable":true,"href":"https:\/\/atecordoba.org\/index.php?rest_route=\/wp\/v2\/media\/19220"}],"wp:attachment":[{"href":"https:\/\/atecordoba.org\/index.php?rest_route=%2Fwp%2Fv2%2Fmedia&parent=4668"}],"wp:term":[{"taxonomy":"category","embeddable":true,"href":"https:\/\/atecordoba.org\/index.php?rest_route=%2Fwp%2Fv2%2Fcategories&post=4668"},{"taxonomy":"post_tag","embeddable":true,"href":"https:\/\/atecordoba.org\/index.php?rest_route=%2Fwp%2Fv2%2Ftags&post=4668"}],"curies":[{"name":"wp","href":"https:\/\/api.w.org\/{rel}","templated":true}]}}