{"id":46677,"date":"2024-11-25T09:37:10","date_gmt":"2024-11-25T12:37:10","guid":{"rendered":"https:\/\/atecordoba.org\/?p=46677"},"modified":"2024-11-25T09:44:16","modified_gmt":"2024-11-25T12:44:16","slug":"defender-la-fabrica-militar-de-polvoras-de-villa-maria","status":"publish","type":"post","link":"https:\/\/atecordoba.org\/?p=46677","title":{"rendered":"Defender la F\u00e1brica Militar de P\u00f3lvoras de Villa Mar\u00eda"},"content":{"rendered":"\r\n<figure class=\"wp-block-image size-large\"><img loading=\"lazy\" decoding=\"async\" width=\"694\" height=\"461\" class=\"wp-image-46675\" src=\"https:\/\/atecordoba.org\/wp-content\/uploads\/2024\/11\/1353632466702564575227577.jpg\" alt=\"\" srcset=\"https:\/\/atecordoba.org\/wp-content\/uploads\/2024\/11\/1353632466702564575227577.jpg 694w, https:\/\/atecordoba.org\/wp-content\/uploads\/2024\/11\/1353632466702564575227577-300x199.jpg 300w\" sizes=\"auto, (max-width: 694px) 100vw, 694px\" \/><\/figure>\r\n\r\n\r\n\r\n<p><strong>Por Jes\u00fas Chirino*<\/strong><br \/><br \/>Hace pocos d\u00edas, los trabajadores de la F\u00e1brica Militar de P\u00f3lvoras y Explosivos de Villa Mar\u00eda, acompa\u00f1ados por los de la F\u00e1brica de R\u00edo Tercero y otras dependencias del Estado Nacional, hicieron o\u00edr sus reclamos por la dif\u00edcil situaci\u00f3n que atraviesa el sector, que est\u00e1 siendo desmantelado.<br \/><br \/>Los c\u00e1nticos escuchados en esa manifestaci\u00f3n tienen muchas coincidencias con los principios que generaron estos establecimientos: Soberan\u00eda, defensa, independencia de otros pa\u00edses, defensa de la fuente laboral, plan estrat\u00e9gico, etc\u00e9tera. Aqu\u00ed repaso algo de todo lo relacionado con la creaci\u00f3n de la FMPEVM.<\/p>\r\n<h2><strong>Pensar un Estado que se hace cargo de sus funciones<\/strong><\/h2>\r\n<p><br \/>El origen de Fabricaciones Militares puede remontarse a 1923, hace ya m\u00e1s de cien a\u00f1os. Si bien ya se fabricaban elementos b\u00e9licos en el pa\u00eds, se tom\u00f3 conciencia de la necesidad de crear un grupo de establecimientos fabriles propios destinados a la fabricaci\u00f3n de lo necesario para la defensa nacional, sin depender de otras naciones en caso de conflicto.\u00a0 En la d\u00e9cada del 30 se pusieron en funcionamiento y se realizaron ampliaciones de establecimientos fabriles existentes que, por entonces, depend\u00edan de la Direcci\u00f3n General de Arsenales de Guerra. Fue en esa \u00e9poca que se tom\u00f3 la decisi\u00f3n de transformar esa dependencia en Direcci\u00f3n General de Material del Ej\u00e9rcito.<br \/><br \/>El conjunto de unidades fabriles no consegu\u00eda una importante productividad, esto, junto a otras razones, hizo que se buscara el desdoblamiento de la organizaci\u00f3n que conten\u00eda esas f\u00e1bricas. As\u00ed naci\u00f3 un plan estrat\u00e9gico que se plasm\u00f3 en una de las conocidas como \u201cLey Savio\u201d dado que fue generada por el intelecto del general Manuel Savio, siendo presidente de la Naci\u00f3n, Roberto Ortiz. Esta Ley, la 12.709,\u00a0 cre\u00f3 la Direcci\u00f3n General de Fabricaciones Militares, siendo sancionada por el congreso el 26 de septiembre de 1941 y promulgada, el 9 de octubre del mismo a\u00f1o, por el Poder Ejecutivo Nacional.<br \/><br \/><\/p>\r\n\r\n\r\n\r\n\r\n\r\n<h2><strong>Industrializar<\/strong><\/h2>\r\n\r\n\r\n\r\n<p><br \/>Savio fue un hombre pionero de la industrializaci\u00f3n del pa\u00eds, dentro de la l\u00ednea iniciada por Enrique Carlos Mosconi, militar y pol\u00edtico radical que hab\u00eda ideado la creaci\u00f3n de Yacimientos Petrol\u00edferos Fiscales (YPF). Empresa estatal de la cual fue su primer presidente.<br \/><br \/>El primer art\u00edculo de la Ley 12.709 dice \u201cCr\u00e9ase la Direcci\u00f3n General de Fabricaciones Militares que funcionar\u00e1 como entidad aut\u00e1rquica, bajo la dependencia del Ministerio de Guerra, con capacidad para actuar p\u00fablica y privadamente, de acuerdo a lo que establecen las leyes generales de la Naci\u00f3n y las especiales que afecten su funcionamiento, dentro de las limitaciones de la presente\u201d.<br \/><br \/>En su art\u00edculo 18, estableci\u00f3 que \u201cEl funcionamiento y r\u00e9gimen econ\u00f3mico-financiero de la Direcci\u00f3n General de Fabricaciones Militares, se desarrollar\u00e1 sobre la base de la producci\u00f3n del material de guerra necesario para la fabricaci\u00f3n total de cada uno de los materiales o grupos respectivos; o parcialmente, con la participaci\u00f3n de la industria privada. Los programas de trabajo ser\u00e1n organizados por per\u00edodos no inferiores a cinco a\u00f1os\u201d. Tambi\u00e9n se previ\u00f3 la creaci\u00f3n de nuevos establecimientos fabriles. Fue en el marco de lo establecido por esta Ley que se cre\u00f3 la F\u00e1brica Militar de P\u00f3lvoras y Explosivos de Villa Mar\u00eda.<br \/><br \/>En pocos a\u00f1os se crearon y se continu\u00f3 con las obras iniciadas para la creaci\u00f3n de 9 f\u00e1bricas nuevas: Fabricaciones Militares de Armas Port\u00e1tiles Domingo Matheu; Tolueno Sint\u00e9tico, Munici\u00f3n de Artiller\u00eda R\u00edo Tercero; Munici\u00f3n de Artiller\u00eda Borghi; Vainas y Conductores El\u00e9ctricos ECA; Munici\u00f3n de Armas Port\u00e1tiles San Francisco; Materiales Pirot\u00e9cnicos y Altos Hornos Zapla. Estas se sumaban a las tres ya existentes (F\u00e1brica Militar de Equipos, F\u00e1brica de Material de Comunicaciones y F\u00e1brica de Aviones) y tambi\u00e9n la F\u00e1brica Militar de P\u00f3lvoras y Explosivos de Villa Mar\u00eda. Las pol\u00edticas liberales ejercidas por diferentes gobiernos hicieron que algunos de estos establecimientos ya no existan.<\/p>\r\n\r\n\r\n\r\n<p>&nbsp;<\/p>\r\n\r\n\r\n\r\n<h2><strong>Homenaje a quien luch\u00f3 por la Independencia<\/strong><\/h2>\r\n\r\n\r\n\r\n<p><br \/>Esta unidad fabril tan importante para Villa Mar\u00eda y la zona, fue inaugurada mediante un acto de la colocaci\u00f3n de la piedra fundamental, realizado el 30 de enero de 1938 y presidido por el gobernador provincial Amadeo Sabattini y el Ministro de Guerra de la Naci\u00f3n, General Bacilo Pertin\u00e9. Tambi\u00e9n estuvieron presentes el jefe de la Direcci\u00f3n de Materiales del Ej\u00e9rcito, Coronel Rocco, y el coronel Edelmiro Farrel quien, mediante el golpe de Estado de 1943, ser\u00eda presidente de la Naci\u00f3n.<br \/><br \/>Se homenaje\u00f3 a Fray Luis Beltr\u00e1n mediante el descubrimiento de una estatua del sacerdote que fuera maestranza del Ej\u00e9rcito de los Andes que luch\u00f3 por la independencia de nuestro pa\u00eds y el subcontinente.<\/p>\r\n<h2><br \/><strong>Las autoridades en el acto<\/strong><\/h2>\r\n<p><br \/>Sabattini hab\u00eda arribado a Villa Mar\u00eda el d\u00eda anterior, acompa\u00f1ado por el Vicegobernador Alejandro Gallardo; el ministro de Obras P\u00fablicas, ingeniero Medina Allende; la autoridad m\u00e1xima de la Direcci\u00f3n Provincial de Vialidad\u00a0 y otros miembros del Gabinete provincial.<br \/><br \/>Desde Buenos Aires, Pertin\u00e9 hab\u00eda llegado en tren. En la ma\u00f1ana del 30 de enero, alrededor de las 9.30 horas, Sabattini lleg\u00f3 a la estaci\u00f3n ferroviaria del Central Argentino y mantuvo una entrevista, por el lapso de media hora, con el ministro nacional. El encuentro se produjo dentro del coche especial en que se hab\u00eda trasladado Pertin\u00e9. A las 11 de la ma\u00f1ana la comitiva oficial lleg\u00f3\u00a0 al entonces conocido como \u201ccampo de los Polvorines\u201d.<br \/><br \/>Durante el acto habl\u00f3 Rocco, se\u00f1alando la colaboraci\u00f3n del gobernador. Luego, el intendente Emilio Seydell, quien dijo que \u201cno debe interpretarse como expresi\u00f3n de un ego\u00edsmo regionalista frente a la halag\u00fce\u00f1a perspectiva de una era de considerable progreso para esta zona, sino tambi\u00e9n como un indicio del l\u00f3gico entusiasmo que en los argentinos deben despertar estas iniciativas conducentes a nuestra emancipaci\u00f3n econ\u00f3mica\u201d. Cuando termin\u00f3 la ceremonia y se guard\u00f3 un acta firmada por los presentes en el pedestal de la estatua de Fray Luis Beltr\u00e1n, las autoridades partieron hacia R\u00edo Tercero para una ceremonia similar en el complejo fabril de Fabricaciones Militares.<br \/><br \/>El 20 de febrero de 1939, luego de varios problemas, se iniciaron los trabajos para levantar los edificios de la F\u00e1brica. A\u00fan continuaban las obras cuando el mayor ingeniero militar Jos\u00e9 Manuel de Olano fue nombrado al frente del establecimiento.<br \/><br \/>Durante la construcci\u00f3n de la F\u00e1brica, los trabajadores que cumpl\u00edan tareas en el lugar debieron realizar un reclamo por sus derechos. Luego de puesta en funcionamiento el establecimiento son incontables las luchas llevadas adelante por los trabajadores para conseguir mejores condiciones laborales, pero tambi\u00e9n para\u00a0 defender la existencia de Fabricaciones Militares como una entidad estatal. Ahora mismo se plantea la necesidad de tomar conciencia de la importancia de un trabajo bien organizado que le d\u00e9 protagonismo a estos establecimientos y se los enmarque en un proyecto de pa\u00eds que sostenga su soberan\u00eda. Repudian tanto el vaciamiento de Fabricaciones como la falta de previsi\u00f3n y la posibilidad de entregar todo a manos privadas para fabricar elementos b\u00e9licos para una guerra que se desarrolla en otro continente.<\/p>\r\n\r\n\r\n\r\n<p><strong>*Docente. Periodista. Secretario Gremial de la CTA Aut\u00f3noma Regional Villa Mar\u00eda<\/strong><\/p>\r\n\r\n\r\n\r\n<p><strong>Fuente: www.eldiariocba.com.ar<\/strong><\/p>\r\n","protected":false},"excerpt":{"rendered":"<p>Por Jes\u00fas Chirino* Hace pocos d\u00edas, los trabajadores de la F\u00e1brica Militar de P\u00f3lvoras y Explosivos de Villa Mar\u00eda, acompa\u00f1ados por los de la F\u00e1brica de R\u00edo Tercero y otras dependencias del Estado Nacional, hicieron o\u00edr sus reclamos por la dif\u00edcil situaci\u00f3n que atraviesa el sector, que est\u00e1 siendo desmantelado. Los c\u00e1nticos escuchados en esa [&hellip;]<\/p>\n","protected":false},"author":3,"featured_media":46675,"comment_status":"open","ping_status":"open","sticky":false,"template":"","format":"standard","meta":{"_exactmetrics_skip_tracking":false,"_exactmetrics_sitenote_active":false,"_exactmetrics_sitenote_note":"","_exactmetrics_sitenote_category":0,"jnews-multi-image_gallery":[],"jnews_single_post":{"format":"standard","override":[{"template":"1","parallax":"1","fullscreen":"1","layout":"no-sidebar-narrow","sidebar":"default-sidebar","second_sidebar":"default-sidebar","sticky_sidebar":"1","share_position":"bottom","share_float_style":"share-monocrhome","show_share_counter":"1","show_view_counter":"1","show_post_meta":"1","show_post_author_image":"1","show_post_date":"1","post_date_format":"default","post_date_format_custom":"Y\/m\/d","show_post_category":"1","show_post_reading_time":"0","post_reading_time_wpm":"300","post_calculate_word_method":"str_word_count","show_zoom_button":"0","zoom_button_out_step":"2","zoom_button_in_step":"3","show_post_tag":"1","number_popup_post":"1","show_post_related":"1","show_inline_post_related":"0"}],"image_override":[{"single_post_thumbnail_size":"crop-500","single_post_gallery_size":"crop-500"}],"trending_post_position":"meta","trending_post_label":"Trending","sponsored_post_label":"Sponsored by","disable_ad":"0"},"jnews_primary_category":[],"jnews_social_meta":[],"jnews_review":[],"enable_review":"","type":"percentage","name":"","summary":"","brand":"","sku":"","good":[],"bad":[],"score_override":"","override_value":"","rating":[],"price":[],"jnews_override_counter":{"view_counter_number":"0","share_counter_number":"0","like_counter_number":"0","dislike_counter_number":"0"},"jnews_post_split":{"post_split":[{"template":"1","tag":"h2","numbering":"asc","mode":"normal","first":"0","enable_toc":"0","toc_type":"normal"}]},"footnotes":""},"categories":[10,18],"tags":[],"class_list":["post-46677","post","type-post","status-publish","format-standard","has-post-thumbnail","hentry","category-accion-politica","category-nacionales"],"jetpack_featured_media_url":"https:\/\/atecordoba.org\/wp-content\/uploads\/2024\/11\/1353632466702564575227577.jpg","_links":{"self":[{"href":"https:\/\/atecordoba.org\/index.php?rest_route=\/wp\/v2\/posts\/46677","targetHints":{"allow":["GET"]}}],"collection":[{"href":"https:\/\/atecordoba.org\/index.php?rest_route=\/wp\/v2\/posts"}],"about":[{"href":"https:\/\/atecordoba.org\/index.php?rest_route=\/wp\/v2\/types\/post"}],"author":[{"embeddable":true,"href":"https:\/\/atecordoba.org\/index.php?rest_route=\/wp\/v2\/users\/3"}],"replies":[{"embeddable":true,"href":"https:\/\/atecordoba.org\/index.php?rest_route=%2Fwp%2Fv2%2Fcomments&post=46677"}],"version-history":[{"count":2,"href":"https:\/\/atecordoba.org\/index.php?rest_route=\/wp\/v2\/posts\/46677\/revisions"}],"predecessor-version":[{"id":46680,"href":"https:\/\/atecordoba.org\/index.php?rest_route=\/wp\/v2\/posts\/46677\/revisions\/46680"}],"wp:featuredmedia":[{"embeddable":true,"href":"https:\/\/atecordoba.org\/index.php?rest_route=\/wp\/v2\/media\/46675"}],"wp:attachment":[{"href":"https:\/\/atecordoba.org\/index.php?rest_route=%2Fwp%2Fv2%2Fmedia&parent=46677"}],"wp:term":[{"taxonomy":"category","embeddable":true,"href":"https:\/\/atecordoba.org\/index.php?rest_route=%2Fwp%2Fv2%2Fcategories&post=46677"},{"taxonomy":"post_tag","embeddable":true,"href":"https:\/\/atecordoba.org\/index.php?rest_route=%2Fwp%2Fv2%2Ftags&post=46677"}],"curies":[{"name":"wp","href":"https:\/\/api.w.org\/{rel}","templated":true}]}}