{"id":46642,"date":"2024-11-22T13:15:59","date_gmt":"2024-11-22T16:15:59","guid":{"rendered":"https:\/\/atecordoba.org\/?p=46642"},"modified":"2024-11-22T13:35:50","modified_gmt":"2024-11-22T16:35:50","slug":"radio-abierta-en-el-polo-de-la-mujer","status":"publish","type":"post","link":"https:\/\/atecordoba.org\/?p=46642","title":{"rendered":"Radio abierta en el Polo de la Mujer"},"content":{"rendered":"<p><img loading=\"lazy\" decoding=\"async\" class=\"aligncenter wp-image-46644 \" src=\"https:\/\/atecordoba.org\/wp-content\/uploads\/2024\/11\/Imagen-de-WhatsApp-2024-11-22-a-las-13.00.52_a1494b18-1024x768.jpg\" alt=\"\" width=\"621\" height=\"466\" srcset=\"https:\/\/atecordoba.org\/wp-content\/uploads\/2024\/11\/Imagen-de-WhatsApp-2024-11-22-a-las-13.00.52_a1494b18-1024x768.jpg 1024w, https:\/\/atecordoba.org\/wp-content\/uploads\/2024\/11\/Imagen-de-WhatsApp-2024-11-22-a-las-13.00.52_a1494b18-300x225.jpg 300w, https:\/\/atecordoba.org\/wp-content\/uploads\/2024\/11\/Imagen-de-WhatsApp-2024-11-22-a-las-13.00.52_a1494b18-768x576.jpg 768w, https:\/\/atecordoba.org\/wp-content\/uploads\/2024\/11\/Imagen-de-WhatsApp-2024-11-22-a-las-13.00.52_a1494b18-1536x1152.jpg 1536w, https:\/\/atecordoba.org\/wp-content\/uploads\/2024\/11\/Imagen-de-WhatsApp-2024-11-22-a-las-13.00.52_a1494b18-2048x1536.jpg 2048w, https:\/\/atecordoba.org\/wp-content\/uploads\/2024\/11\/Imagen-de-WhatsApp-2024-11-22-a-las-13.00.52_a1494b18-750x563.jpg 750w, https:\/\/atecordoba.org\/wp-content\/uploads\/2024\/11\/Imagen-de-WhatsApp-2024-11-22-a-las-13.00.52_a1494b18-1140x855.jpg 1140w\" sizes=\"auto, (max-width: 621px) 100vw, 621px\" \/>Hoy por la ma\u00f1ana se llev\u00f3 adelante una radio abierta frente al Polo de la Mujer, donde trabajadoras del sector manifestaron las p\u00e9simas condiciones laborales y los bajos salarios que sufren, mientras los servicios se encuentran desbordados por falta de personal.<\/p>\n<p>ATE estuvo presentes a trav\u00e9s de dirigentes y representantes gremiales, sosteniendo un conflicto que crece d\u00eda a d\u00eda.<\/p>\n<p>\u201cAcompa\u00f1amos a las trabajadoras del sector que manifiestan su preocupaci\u00f3n e incertidumbre frente a las condiciones laborales que deben sufrir. Residentes con contratos basura y monotributos que hacen p\u00fablica su situaci\u00f3n a trav\u00e9s de esta actividad gremial para reclamar mejoras en su estado contractual, que implique aumentos de ingresos ya que cobran salarios de hambre, mientras la escases de personal tiene desbordada la capacidad de atenci\u00f3n de la demanda del servicio\u201d, explic\u00f3 la integrante del CDP Valeria Beltr\u00e1n, trabajadora de la RENAPER.<\/p>\n<p><img loading=\"lazy\" decoding=\"async\" class=\"aligncenter wp-image-46645 \" src=\"https:\/\/atecordoba.org\/wp-content\/uploads\/2024\/11\/Imagen-de-WhatsApp-2024-11-22-a-las-13.00.50_e5cf6b04-1024x769.jpg\" alt=\"\" width=\"639\" height=\"480\" srcset=\"https:\/\/atecordoba.org\/wp-content\/uploads\/2024\/11\/Imagen-de-WhatsApp-2024-11-22-a-las-13.00.50_e5cf6b04-1024x769.jpg 1024w, https:\/\/atecordoba.org\/wp-content\/uploads\/2024\/11\/Imagen-de-WhatsApp-2024-11-22-a-las-13.00.50_e5cf6b04-300x225.jpg 300w, https:\/\/atecordoba.org\/wp-content\/uploads\/2024\/11\/Imagen-de-WhatsApp-2024-11-22-a-las-13.00.50_e5cf6b04-768x577.jpg 768w, https:\/\/atecordoba.org\/wp-content\/uploads\/2024\/11\/Imagen-de-WhatsApp-2024-11-22-a-las-13.00.50_e5cf6b04-1536x1153.jpg 1536w, https:\/\/atecordoba.org\/wp-content\/uploads\/2024\/11\/Imagen-de-WhatsApp-2024-11-22-a-las-13.00.50_e5cf6b04-2048x1537.jpg 2048w, https:\/\/atecordoba.org\/wp-content\/uploads\/2024\/11\/Imagen-de-WhatsApp-2024-11-22-a-las-13.00.50_e5cf6b04-750x563.jpg 750w, https:\/\/atecordoba.org\/wp-content\/uploads\/2024\/11\/Imagen-de-WhatsApp-2024-11-22-a-las-13.00.50_e5cf6b04-1140x856.jpg 1140w\" sizes=\"auto, (max-width: 639px) 100vw, 639px\" \/><\/p>\n<p>Los casos medi\u00e1ticos de Arel\u00ed Vivas, en Brinkmann, o del joven que el gobierno a trav\u00e9s de la SENAF intent\u00f3 meter preso con solo 15 a\u00f1os, dan cuenta de la err\u00e1tica pol\u00edtica oficial en la materia, donde las y los trabajadores tambi\u00e9n son v\u00edctimas de un sistema perverso: personal precarizado y sin herramientas para abordar como corresponde profesionalmente situaciones complejas en infancias y adolescencias, que en distintos casos ven afectados sus derechos.<img loading=\"lazy\" decoding=\"async\" class=\"aligncenter wp-image-46646 \" src=\"https:\/\/atecordoba.org\/wp-content\/uploads\/2024\/11\/Imagen-de-WhatsApp-2024-11-22-a-las-13.04.16_9f25b134-1024x769.jpg\" alt=\"\" width=\"615\" height=\"462\" srcset=\"https:\/\/atecordoba.org\/wp-content\/uploads\/2024\/11\/Imagen-de-WhatsApp-2024-11-22-a-las-13.04.16_9f25b134-1024x769.jpg 1024w, https:\/\/atecordoba.org\/wp-content\/uploads\/2024\/11\/Imagen-de-WhatsApp-2024-11-22-a-las-13.04.16_9f25b134-300x225.jpg 300w, https:\/\/atecordoba.org\/wp-content\/uploads\/2024\/11\/Imagen-de-WhatsApp-2024-11-22-a-las-13.04.16_9f25b134-768x577.jpg 768w, https:\/\/atecordoba.org\/wp-content\/uploads\/2024\/11\/Imagen-de-WhatsApp-2024-11-22-a-las-13.04.16_9f25b134-1536x1153.jpg 1536w, https:\/\/atecordoba.org\/wp-content\/uploads\/2024\/11\/Imagen-de-WhatsApp-2024-11-22-a-las-13.04.16_9f25b134-2048x1537.jpg 2048w, https:\/\/atecordoba.org\/wp-content\/uploads\/2024\/11\/Imagen-de-WhatsApp-2024-11-22-a-las-13.04.16_9f25b134-750x563.jpg 750w, https:\/\/atecordoba.org\/wp-content\/uploads\/2024\/11\/Imagen-de-WhatsApp-2024-11-22-a-las-13.04.16_9f25b134-1140x856.jpg 1140w\" sizes=\"auto, (max-width: 615px) 100vw, 615px\" \/><\/p>\n<p>\u201cMientras el Gobierno de C\u00f3rdoba marca la narrativa con programas modelo para abordar la violencia de g\u00e9nero, precariza y vac\u00eda de personal a la repartici\u00f3n que debe hacer efectivas las pol\u00edticas p\u00fablicas tan importantes prevenir y responder ante la violencia contra las mujeres y las infancias. Como sindicato acompa\u00f1amos la protesta porque el crecimiento de la precarizaci\u00f3n en el Estado tambi\u00e9n les coarta y les cercena el derecho a las trabajadores de sindicalizarse, imponiendo en estas reparticiones pol\u00edticas de persecuci\u00f3n antisindical\u201d, afirm\u00f3 la dirigente.<\/p>\n<p>&nbsp;<\/p>\n<p>En la ocasi\u00f3n, estuvieron presentes el secretario Gremial Jorge Chalup, y su par de G\u00e9nero, Mar\u00eda Spaventa, junto a delegados y delegadas de ATE de distintos sectores.<\/p>\n<div id='gallery_1' class='gallery galleryid-46642 gallery-columns-3 gallery-size-thumbnail'><figure class='gallery-item'>\n                <div class='gallery-icon landscape'>\n                    <a href='https:\/\/atecordoba.org\/wp-content\/uploads\/2024\/11\/Imagen-de-WhatsApp-2024-11-22-a-las-13.04.20_500b47ed-scaled.jpg'><img loading=\"lazy\" decoding=\"async\" width=\"150\" height=\"150\" src=\"\" class=\"attachment-thumbnail size-thumbnail lazyload\" alt=\"\" data-src=\"https:\/\/atecordoba.org\/wp-content\/uploads\/2024\/11\/Imagen-de-WhatsApp-2024-11-22-a-las-13.04.20_500b47ed-150x150.jpg\" data-sizes=\"auto\" data-srcset=\"https:\/\/atecordoba.org\/wp-content\/uploads\/2024\/11\/Imagen-de-WhatsApp-2024-11-22-a-las-13.04.20_500b47ed-150x150.jpg 150w, https:\/\/atecordoba.org\/wp-content\/uploads\/2024\/11\/Imagen-de-WhatsApp-2024-11-22-a-las-13.04.20_500b47ed-560x560.jpg 560w, https:\/\/atecordoba.org\/wp-content\/uploads\/2024\/11\/Imagen-de-WhatsApp-2024-11-22-a-las-13.04.20_500b47ed-75x75.jpg 75w, https:\/\/atecordoba.org\/wp-content\/uploads\/2024\/11\/Imagen-de-WhatsApp-2024-11-22-a-las-13.04.20_500b47ed-350x350.jpg 350w\" data-expand=\"700\" \/><\/a>\n                <\/div><\/figure><figure class='gallery-item'>\n                <div class='gallery-icon portrait'>\n                    <a href='https:\/\/atecordoba.org\/wp-content\/uploads\/2024\/11\/Imagen-de-WhatsApp-2024-11-22-a-las-13.00.51_32467fbc-scaled.jpg'><img loading=\"lazy\" decoding=\"async\" width=\"150\" height=\"150\" src=\"\" class=\"attachment-thumbnail size-thumbnail lazyload\" alt=\"\" data-src=\"https:\/\/atecordoba.org\/wp-content\/uploads\/2024\/11\/Imagen-de-WhatsApp-2024-11-22-a-las-13.00.51_32467fbc-150x150.jpg\" data-sizes=\"auto\" data-srcset=\"https:\/\/atecordoba.org\/wp-content\/uploads\/2024\/11\/Imagen-de-WhatsApp-2024-11-22-a-las-13.00.51_32467fbc-150x150.jpg 150w, https:\/\/atecordoba.org\/wp-content\/uploads\/2024\/11\/Imagen-de-WhatsApp-2024-11-22-a-las-13.00.51_32467fbc-560x560.jpg 560w, https:\/\/atecordoba.org\/wp-content\/uploads\/2024\/11\/Imagen-de-WhatsApp-2024-11-22-a-las-13.00.51_32467fbc-75x75.jpg 75w, https:\/\/atecordoba.org\/wp-content\/uploads\/2024\/11\/Imagen-de-WhatsApp-2024-11-22-a-las-13.00.51_32467fbc-350x350.jpg 350w\" data-expand=\"700\" \/><\/a>\n                <\/div><\/figure><figure class='gallery-item'>\n                <div class='gallery-icon landscape'>\n                    <a href='https:\/\/atecordoba.org\/wp-content\/uploads\/2024\/11\/Imagen-de-WhatsApp-2024-11-22-a-las-13.04.27_8c15f9f8-scaled.jpg'><img loading=\"lazy\" decoding=\"async\" width=\"150\" height=\"150\" src=\"\" class=\"attachment-thumbnail size-thumbnail lazyload\" alt=\"\" data-src=\"https:\/\/atecordoba.org\/wp-content\/uploads\/2024\/11\/Imagen-de-WhatsApp-2024-11-22-a-las-13.04.27_8c15f9f8-150x150.jpg\" data-sizes=\"auto\" data-srcset=\"https:\/\/atecordoba.org\/wp-content\/uploads\/2024\/11\/Imagen-de-WhatsApp-2024-11-22-a-las-13.04.27_8c15f9f8-150x150.jpg 150w, https:\/\/atecordoba.org\/wp-content\/uploads\/2024\/11\/Imagen-de-WhatsApp-2024-11-22-a-las-13.04.27_8c15f9f8-560x560.jpg 560w, https:\/\/atecordoba.org\/wp-content\/uploads\/2024\/11\/Imagen-de-WhatsApp-2024-11-22-a-las-13.04.27_8c15f9f8-75x75.jpg 75w, https:\/\/atecordoba.org\/wp-content\/uploads\/2024\/11\/Imagen-de-WhatsApp-2024-11-22-a-las-13.04.27_8c15f9f8-350x350.jpg 350w\" data-expand=\"700\" \/><\/a>\n                <\/div><\/figure><br style=\"clear: both\" \/><figure class='gallery-item'>\n                <div class='gallery-icon landscape'>\n                    <a href='https:\/\/atecordoba.org\/wp-content\/uploads\/2024\/11\/Imagen-de-WhatsApp-2024-11-22-a-las-13.04.24_a6e281be-1-scaled.jpg'><img loading=\"lazy\" decoding=\"async\" width=\"150\" height=\"150\" src=\"\" class=\"attachment-thumbnail size-thumbnail lazyload\" alt=\"\" data-src=\"https:\/\/atecordoba.org\/wp-content\/uploads\/2024\/11\/Imagen-de-WhatsApp-2024-11-22-a-las-13.04.24_a6e281be-1-150x150.jpg\" data-sizes=\"auto\" data-srcset=\"https:\/\/atecordoba.org\/wp-content\/uploads\/2024\/11\/Imagen-de-WhatsApp-2024-11-22-a-las-13.04.24_a6e281be-1-150x150.jpg 150w, https:\/\/atecordoba.org\/wp-content\/uploads\/2024\/11\/Imagen-de-WhatsApp-2024-11-22-a-las-13.04.24_a6e281be-1-560x560.jpg 560w, https:\/\/atecordoba.org\/wp-content\/uploads\/2024\/11\/Imagen-de-WhatsApp-2024-11-22-a-las-13.04.24_a6e281be-1-75x75.jpg 75w, https:\/\/atecordoba.org\/wp-content\/uploads\/2024\/11\/Imagen-de-WhatsApp-2024-11-22-a-las-13.04.24_a6e281be-1-350x350.jpg 350w\" data-expand=\"700\" \/><\/a>\n                <\/div><\/figure><figure class='gallery-item'>\n                <div class='gallery-icon landscape'>\n                    <a href='https:\/\/atecordoba.org\/wp-content\/uploads\/2024\/11\/Imagen-de-WhatsApp-2024-11-22-a-las-13.18.44_cf86cb5a-1-scaled.jpg'><img loading=\"lazy\" decoding=\"async\" width=\"150\" height=\"150\" src=\"\" class=\"attachment-thumbnail size-thumbnail lazyload\" alt=\"\" data-src=\"https:\/\/atecordoba.org\/wp-content\/uploads\/2024\/11\/Imagen-de-WhatsApp-2024-11-22-a-las-13.18.44_cf86cb5a-1-150x150.jpg\" data-sizes=\"auto\" data-srcset=\"https:\/\/atecordoba.org\/wp-content\/uploads\/2024\/11\/Imagen-de-WhatsApp-2024-11-22-a-las-13.18.44_cf86cb5a-1-150x150.jpg 150w, https:\/\/atecordoba.org\/wp-content\/uploads\/2024\/11\/Imagen-de-WhatsApp-2024-11-22-a-las-13.18.44_cf86cb5a-1-560x560.jpg 560w, https:\/\/atecordoba.org\/wp-content\/uploads\/2024\/11\/Imagen-de-WhatsApp-2024-11-22-a-las-13.18.44_cf86cb5a-1-75x75.jpg 75w, https:\/\/atecordoba.org\/wp-content\/uploads\/2024\/11\/Imagen-de-WhatsApp-2024-11-22-a-las-13.18.44_cf86cb5a-1-350x350.jpg 350w\" data-expand=\"700\" \/><\/a>\n                <\/div><\/figure><figure class='gallery-item'>\n                <div class='gallery-icon landscape'>\n                    <a href='https:\/\/atecordoba.org\/wp-content\/uploads\/2024\/11\/Imagen-de-WhatsApp-2024-11-22-a-las-13.22.56_692b48a1-scaled.jpg'><img loading=\"lazy\" decoding=\"async\" width=\"150\" height=\"150\" src=\"\" class=\"attachment-thumbnail size-thumbnail lazyload\" alt=\"\" data-src=\"https:\/\/atecordoba.org\/wp-content\/uploads\/2024\/11\/Imagen-de-WhatsApp-2024-11-22-a-las-13.22.56_692b48a1-150x150.jpg\" data-sizes=\"auto\" data-srcset=\"https:\/\/atecordoba.org\/wp-content\/uploads\/2024\/11\/Imagen-de-WhatsApp-2024-11-22-a-las-13.22.56_692b48a1-150x150.jpg 150w, https:\/\/atecordoba.org\/wp-content\/uploads\/2024\/11\/Imagen-de-WhatsApp-2024-11-22-a-las-13.22.56_692b48a1-560x560.jpg 560w, https:\/\/atecordoba.org\/wp-content\/uploads\/2024\/11\/Imagen-de-WhatsApp-2024-11-22-a-las-13.22.56_692b48a1-75x75.jpg 75w, https:\/\/atecordoba.org\/wp-content\/uploads\/2024\/11\/Imagen-de-WhatsApp-2024-11-22-a-las-13.22.56_692b48a1-350x350.jpg 350w\" data-expand=\"700\" \/><\/a>\n                <\/div><\/figure><br style=\"clear: both\" \/>\n            <\/div>\n\n","protected":false},"excerpt":{"rendered":"<p>Hoy por la ma\u00f1ana se llev\u00f3 adelante una radio abierta frente al Polo de la Mujer, donde trabajadoras del sector manifestaron las p\u00e9simas condiciones laborales y los bajos salarios que sufren, mientras los servicios se encuentran desbordados por falta de personal. ATE estuvo presentes a trav\u00e9s de dirigentes y representantes gremiales, sosteniendo un conflicto que [&hellip;]<\/p>\n","protected":false},"author":7,"featured_media":46643,"comment_status":"open","ping_status":"open","sticky":false,"template":"","format":"standard","meta":{"_exactmetrics_skip_tracking":false,"_exactmetrics_sitenote_active":false,"_exactmetrics_sitenote_note":"","_exactmetrics_sitenote_category":0,"jnews-multi-image_gallery":[],"jnews_single_post":{"format":"standard","override":[{"template":"1","parallax":"1","fullscreen":"1","layout":"no-sidebar-narrow","sidebar":"default-sidebar","second_sidebar":"default-sidebar","sticky_sidebar":"1","share_position":"bottom","share_float_style":"share-monocrhome","show_share_counter":"1","show_view_counter":"1","show_post_meta":"1","show_post_author_image":"1","show_post_date":"1","post_date_format":"default","post_date_format_custom":"Y\/m\/d","show_post_category":"1","show_post_reading_time":"0","post_reading_time_wpm":"300","post_calculate_word_method":"str_word_count","show_zoom_button":"0","zoom_button_out_step":"2","zoom_button_in_step":"3","show_post_tag":"1","number_popup_post":"1","show_post_related":"1","show_inline_post_related":"0"}],"image_override":[{"single_post_thumbnail_size":"crop-500","single_post_gallery_size":"crop-500"}],"trending_post_position":"meta","trending_post_label":"Trending","sponsored_post_label":"Sponsored by","disable_ad":"0"},"jnews_primary_category":[],"jnews_social_meta":[],"jnews_review":[],"enable_review":"","type":"percentage","name":"","summary":"","brand":"","sku":"","good":[],"bad":[],"score_override":"","override_value":"","rating":[],"price":[],"jnews_override_counter":{"view_counter_number":"0","share_counter_number":"0","like_counter_number":"0","dislike_counter_number":"0"},"jnews_post_split":{"post_split":[{"template":"1","tag":"h2","numbering":"asc","mode":"normal","first":"0","enable_toc":"0","toc_type":"normal"}]},"footnotes":""},"categories":[8],"tags":[26,1160,1343,747,481,485],"class_list":["post-46642","post","type-post","status-publish","format-standard","has-post-thumbnail","hentry","category-provinciales","tag-ate","tag-cordoba-2","tag-llaryora","tag-polo-de-la-mujer","tag-precarizacion","tag-salarios-bajos"],"jetpack_featured_media_url":"https:\/\/atecordoba.org\/wp-content\/uploads\/2024\/11\/Imagen-de-WhatsApp-2024-11-22-a-las-13.00.54_26b468e5-scaled-e1732291519249.jpg","_links":{"self":[{"href":"https:\/\/atecordoba.org\/index.php?rest_route=\/wp\/v2\/posts\/46642","targetHints":{"allow":["GET"]}}],"collection":[{"href":"https:\/\/atecordoba.org\/index.php?rest_route=\/wp\/v2\/posts"}],"about":[{"href":"https:\/\/atecordoba.org\/index.php?rest_route=\/wp\/v2\/types\/post"}],"author":[{"embeddable":true,"href":"https:\/\/atecordoba.org\/index.php?rest_route=\/wp\/v2\/users\/7"}],"replies":[{"embeddable":true,"href":"https:\/\/atecordoba.org\/index.php?rest_route=%2Fwp%2Fv2%2Fcomments&post=46642"}],"version-history":[{"count":3,"href":"https:\/\/atecordoba.org\/index.php?rest_route=\/wp\/v2\/posts\/46642\/revisions"}],"predecessor-version":[{"id":46657,"href":"https:\/\/atecordoba.org\/index.php?rest_route=\/wp\/v2\/posts\/46642\/revisions\/46657"}],"wp:featuredmedia":[{"embeddable":true,"href":"https:\/\/atecordoba.org\/index.php?rest_route=\/wp\/v2\/media\/46643"}],"wp:attachment":[{"href":"https:\/\/atecordoba.org\/index.php?rest_route=%2Fwp%2Fv2%2Fmedia&parent=46642"}],"wp:term":[{"taxonomy":"category","embeddable":true,"href":"https:\/\/atecordoba.org\/index.php?rest_route=%2Fwp%2Fv2%2Fcategories&post=46642"},{"taxonomy":"post_tag","embeddable":true,"href":"https:\/\/atecordoba.org\/index.php?rest_route=%2Fwp%2Fv2%2Ftags&post=46642"}],"curies":[{"name":"wp","href":"https:\/\/api.w.org\/{rel}","templated":true}]}}