{"id":46625,"date":"2024-11-21T13:00:46","date_gmt":"2024-11-21T16:00:46","guid":{"rendered":"https:\/\/atecordoba.org\/?p=46625"},"modified":"2024-11-21T13:00:46","modified_gmt":"2024-11-21T16:00:46","slug":"acuerdo-para-constituir-la-junta-interna-de-conicet-en-cordoba","status":"publish","type":"post","link":"https:\/\/atecordoba.org\/?p=46625","title":{"rendered":"Acuerdo para constituir la Junta Interna de CONICET en C\u00f3rdoba"},"content":{"rendered":"<p><img loading=\"lazy\" decoding=\"async\" class=\"aligncenter wp-image-46626 \" src=\"https:\/\/atecordoba.org\/wp-content\/uploads\/2024\/11\/WhatsApp-Image-2024-11-21-at-12.05.39-1024x769.jpeg\" alt=\"\" width=\"634\" height=\"476\" \/>En una asamblea realidad hoy, las y los trabajadores de CONICET afiliados en ATE acordaron con la conducci\u00f3n del Consejo Directivo Provincial (CDP) la constituci\u00f3n de una Junta Interna de ATE en el organismo cient\u00edfico, que re\u00fane alrededor de 3000 trabajadoras y trabajadores en la Provincia.<\/p>\n<p>La elecci\u00f3n de los integrantes de la Junta Interna se realizar\u00e1 el pr\u00f3ximo 18 de diciembre.<\/p>\n<p>En la oportunidad estuvo presente en la asamblea el secretario General de ATE C\u00f3rdoba, Federico Giuliani, que salud\u00f3 el avance organizativo del personal cient\u00edfico en la provincia.<\/p>\n<p><img loading=\"lazy\" decoding=\"async\" class=\"aligncenter wp-image-46627 \" src=\"https:\/\/atecordoba.org\/wp-content\/uploads\/2024\/11\/WhatsApp-Image-2024-11-21-at-12.05.38-1-1024x769.jpeg\" alt=\"\" width=\"634\" height=\"476\" srcset=\"https:\/\/atecordoba.org\/wp-content\/uploads\/2024\/11\/WhatsApp-Image-2024-11-21-at-12.05.38-1-1024x769.jpeg 1024w, https:\/\/atecordoba.org\/wp-content\/uploads\/2024\/11\/WhatsApp-Image-2024-11-21-at-12.05.38-1-300x225.jpeg 300w, https:\/\/atecordoba.org\/wp-content\/uploads\/2024\/11\/WhatsApp-Image-2024-11-21-at-12.05.38-1-768x577.jpeg 768w, https:\/\/atecordoba.org\/wp-content\/uploads\/2024\/11\/WhatsApp-Image-2024-11-21-at-12.05.38-1-1536x1153.jpeg 1536w, https:\/\/atecordoba.org\/wp-content\/uploads\/2024\/11\/WhatsApp-Image-2024-11-21-at-12.05.38-1-2048x1537.jpeg 2048w, https:\/\/atecordoba.org\/wp-content\/uploads\/2024\/11\/WhatsApp-Image-2024-11-21-at-12.05.38-1-750x563.jpeg 750w, https:\/\/atecordoba.org\/wp-content\/uploads\/2024\/11\/WhatsApp-Image-2024-11-21-at-12.05.38-1-1140x856.jpeg 1140w\" sizes=\"auto, (max-width: 634px) 100vw, 634px\" \/><\/p>\n<p>&#8220;Se trata de un sector muy combativo y valoramos que rompan con la visi\u00f3n de la lucha autoconvocada y pasen a una instancia sindicalizada, entendi\u00e9ndola como una acci\u00f3n colectiva para transformar la realidad&#8221;, celebr\u00f3 el dirigente.<\/p>\n<p>&#8220;Este sector viene siendo castigado por las pol\u00edticas del r\u00e9gimen fascista de Javier Milei desde que asumi\u00f3 la Presidencia. Para ATE es importante entrar en la Universidad y dar la disputa por el sentido: las y los trabajadores de la ciencia tambi\u00e9n son personal del Estado,\u00a0 entendiendo al Estado como al comunidad organizada que garantiza derechos&#8221;, dijo.<\/p>\n<p><img loading=\"lazy\" decoding=\"async\" class=\"aligncenter wp-image-46628 \" src=\"https:\/\/atecordoba.org\/wp-content\/uploads\/2024\/11\/WhatsApp-Image-2024-11-21-at-12.05.37-1024x769.jpeg\" alt=\"\" width=\"618\" height=\"464\" srcset=\"https:\/\/atecordoba.org\/wp-content\/uploads\/2024\/11\/WhatsApp-Image-2024-11-21-at-12.05.37-1024x769.jpeg 1024w, https:\/\/atecordoba.org\/wp-content\/uploads\/2024\/11\/WhatsApp-Image-2024-11-21-at-12.05.37-300x225.jpeg 300w, https:\/\/atecordoba.org\/wp-content\/uploads\/2024\/11\/WhatsApp-Image-2024-11-21-at-12.05.37-768x577.jpeg 768w, https:\/\/atecordoba.org\/wp-content\/uploads\/2024\/11\/WhatsApp-Image-2024-11-21-at-12.05.37-1536x1153.jpeg 1536w, https:\/\/atecordoba.org\/wp-content\/uploads\/2024\/11\/WhatsApp-Image-2024-11-21-at-12.05.37-2048x1537.jpeg 2048w, https:\/\/atecordoba.org\/wp-content\/uploads\/2024\/11\/WhatsApp-Image-2024-11-21-at-12.05.37-750x563.jpeg 750w, https:\/\/atecordoba.org\/wp-content\/uploads\/2024\/11\/WhatsApp-Image-2024-11-21-at-12.05.37-1140x856.jpeg 1140w\" sizes=\"auto, (max-width: 618px) 100vw, 618px\" \/><\/p>\n<p>&#8220;En este caso no solo el derecho a la defensa de la Universidad como espacio de acceso a la educaci\u00f3n p\u00fablica gratuita y popular sino tambi\u00e9n a que se investiguen problem\u00e1ticas y se resuelvan situaciones de la vida diaria de nuestro pueblo. Para ATE es un importante desaf\u00edo porque vamos a conformar la segunda Junta Interna que constituimos desde el Consejo Directivo Provincial desde que asumimos. La primera fue creada en la F\u00e1brica Militar de Villa Mar\u00eda y nos parece que marca un nuevo tiempo en lo que se viene de manera org\u00e1nica y organizativa, no solo para resistir el embate del fascismo de Milei, sino para pasar a la ofensiva para echarlo del gobierno&#8221;. remarc\u00f3 Giuliani.<\/p>\n<p><img loading=\"lazy\" decoding=\"async\" class=\"aligncenter wp-image-46629 \" src=\"https:\/\/atecordoba.org\/wp-content\/uploads\/2024\/11\/WhatsApp-Image-2024-11-21-at-12.05.40-1024x769.jpeg\" alt=\"\" width=\"617\" height=\"463\" srcset=\"https:\/\/atecordoba.org\/wp-content\/uploads\/2024\/11\/WhatsApp-Image-2024-11-21-at-12.05.40-1024x769.jpeg 1024w, https:\/\/atecordoba.org\/wp-content\/uploads\/2024\/11\/WhatsApp-Image-2024-11-21-at-12.05.40-300x225.jpeg 300w, https:\/\/atecordoba.org\/wp-content\/uploads\/2024\/11\/WhatsApp-Image-2024-11-21-at-12.05.40-768x577.jpeg 768w, https:\/\/atecordoba.org\/wp-content\/uploads\/2024\/11\/WhatsApp-Image-2024-11-21-at-12.05.40-1536x1153.jpeg 1536w, https:\/\/atecordoba.org\/wp-content\/uploads\/2024\/11\/WhatsApp-Image-2024-11-21-at-12.05.40-2048x1537.jpeg 2048w, https:\/\/atecordoba.org\/wp-content\/uploads\/2024\/11\/WhatsApp-Image-2024-11-21-at-12.05.40-750x563.jpeg 750w, https:\/\/atecordoba.org\/wp-content\/uploads\/2024\/11\/WhatsApp-Image-2024-11-21-at-12.05.40-1140x856.jpeg 1140w\" sizes=\"auto, (max-width: 617px) 100vw, 617px\" \/><\/p>\n<p>Por eso valor\u00f3 como un hecho pol\u00edtico, no un mero acto administrativo, la constituci\u00f3n de esta Junta Interna &#8220;que nos permite potenciar un sector muy importante de la comunidad universitaria que tiene casi 3000 trabajadores y trabajadoras en la provincia. Hoy, con un piso de 100 afiliados de esta Junta interna y algunos delegados por fuera, nos permite pensar en tener un crecimiento significativo, en lo cualitativo y cuantitativo en CONICET&#8221;.<\/p>\n","protected":false},"excerpt":{"rendered":"<p>En una asamblea realidad hoy, las y los trabajadores de CONICET afiliados en ATE acordaron con la conducci\u00f3n del Consejo Directivo Provincial (CDP) la constituci\u00f3n de una Junta Interna de ATE en el organismo cient\u00edfico, que re\u00fane alrededor de 3000 trabajadoras y trabajadores en la Provincia. La elecci\u00f3n de los integrantes de la Junta Interna [&hellip;]<\/p>\n","protected":false},"author":7,"featured_media":46626,"comment_status":"open","ping_status":"open","sticky":false,"template":"","format":"standard","meta":{"_exactmetrics_skip_tracking":false,"_exactmetrics_sitenote_active":false,"_exactmetrics_sitenote_note":"","_exactmetrics_sitenote_category":0,"jnews-multi-image_gallery":[],"jnews_single_post":{"format":"standard","override":[{"template":"1","parallax":"1","fullscreen":"1","layout":"no-sidebar-narrow","sidebar":"default-sidebar","second_sidebar":"default-sidebar","sticky_sidebar":"1","share_position":"bottom","share_float_style":"share-monocrhome","show_share_counter":"1","show_view_counter":"1","show_post_meta":"1","show_post_author_image":"1","show_post_date":"1","post_date_format":"default","post_date_format_custom":"Y\/m\/d","show_post_category":"1","show_post_reading_time":"0","post_reading_time_wpm":"300","post_calculate_word_method":"str_word_count","show_zoom_button":"0","zoom_button_out_step":"2","zoom_button_in_step":"3","show_post_tag":"1","number_popup_post":"1","show_post_related":"1","show_inline_post_related":"0"}],"image_override":[{"single_post_thumbnail_size":"crop-500","single_post_gallery_size":"crop-500"}],"trending_post_position":"meta","trending_post_label":"Trending","sponsored_post_label":"Sponsored by","disable_ad":"0"},"jnews_primary_category":[],"jnews_social_meta":[],"jnews_review":[],"enable_review":"","type":"percentage","name":"","summary":"","brand":"","sku":"","good":[],"bad":[],"score_override":"","override_value":"","rating":[],"price":[],"jnews_override_counter":{"view_counter_number":"0","share_counter_number":"0","like_counter_number":"0","dislike_counter_number":"0"},"jnews_post_split":{"post_split":[{"template":"1","tag":"h2","numbering":"asc","mode":"normal","first":"0","enable_toc":"0","toc_type":"normal"}]},"footnotes":""},"categories":[18],"tags":[1418,61],"class_list":["post-46625","post","type-post","status-publish","format-standard","has-post-thumbnail","hentry","category-nacionales","tag-ate-conicet","tag-conicet"],"jetpack_featured_media_url":"https:\/\/atecordoba.org\/wp-content\/uploads\/2024\/11\/WhatsApp-Image-2024-11-21-at-12.05.39-scaled-e1732204835678.jpeg","_links":{"self":[{"href":"https:\/\/atecordoba.org\/index.php?rest_route=\/wp\/v2\/posts\/46625","targetHints":{"allow":["GET"]}}],"collection":[{"href":"https:\/\/atecordoba.org\/index.php?rest_route=\/wp\/v2\/posts"}],"about":[{"href":"https:\/\/atecordoba.org\/index.php?rest_route=\/wp\/v2\/types\/post"}],"author":[{"embeddable":true,"href":"https:\/\/atecordoba.org\/index.php?rest_route=\/wp\/v2\/users\/7"}],"replies":[{"embeddable":true,"href":"https:\/\/atecordoba.org\/index.php?rest_route=%2Fwp%2Fv2%2Fcomments&post=46625"}],"version-history":[{"count":1,"href":"https:\/\/atecordoba.org\/index.php?rest_route=\/wp\/v2\/posts\/46625\/revisions"}],"predecessor-version":[{"id":46630,"href":"https:\/\/atecordoba.org\/index.php?rest_route=\/wp\/v2\/posts\/46625\/revisions\/46630"}],"wp:featuredmedia":[{"embeddable":true,"href":"https:\/\/atecordoba.org\/index.php?rest_route=\/wp\/v2\/media\/46626"}],"wp:attachment":[{"href":"https:\/\/atecordoba.org\/index.php?rest_route=%2Fwp%2Fv2%2Fmedia&parent=46625"}],"wp:term":[{"taxonomy":"category","embeddable":true,"href":"https:\/\/atecordoba.org\/index.php?rest_route=%2Fwp%2Fv2%2Fcategories&post=46625"},{"taxonomy":"post_tag","embeddable":true,"href":"https:\/\/atecordoba.org\/index.php?rest_route=%2Fwp%2Fv2%2Ftags&post=46625"}],"curies":[{"name":"wp","href":"https:\/\/api.w.org\/{rel}","templated":true}]}}