{"id":46617,"date":"2024-11-21T12:28:44","date_gmt":"2024-11-21T15:28:44","guid":{"rendered":"https:\/\/atecordoba.org\/?p=46617"},"modified":"2024-11-21T12:30:26","modified_gmt":"2024-11-21T15:30:26","slug":"conae-redujeron-un-40-el-presupuesto-real","status":"publish","type":"post","link":"https:\/\/atecordoba.org\/?p=46617","title":{"rendered":"CONAE: &#8220;redujeron un 40% el presupuesto real&#8221;"},"content":{"rendered":"<p><img loading=\"lazy\" decoding=\"async\" class=\"aligncenter wp-image-46620 \" src=\"https:\/\/atecordoba.org\/wp-content\/uploads\/2024\/11\/ate-conae-2-1024x384.jpg\" alt=\"\" width=\"614\" height=\"230\" \/>En una entrevista con el Canal 10 de C\u00f3rdoba, el delegado de ATE CONAE, Emiliano Baum, detall\u00f3 el proceso de vaciamiento que est\u00e1n sufriendo tanto la Comisi\u00f3n Nacional de Actividades Espaciales como la empresa estatal VENG, subsidiaria del organismo y encargada de llevar adelante el plan espacial nacional.<\/p>\n<p>Baum explic\u00f3 que el Gobierno de Milei redujo en t\u00e9rminos reales el presupuesto del sector en un 40%, afectado fuertemente ambas \u00e1reas. En el caso de VENG &#8220;con este recorte de presupuesto, y siendo CONAE su principal cliente, obviamente se va a afectar su funcionamiento al punto tal que a esta altura del a\u00f1o no se sabe hasta cu\u00e1ndo se van a poder seguir pagando los sueldos.\u00a0La informaci\u00f3n que tenemos es que hay presupuesto para dos meses m\u00e1s&#8221;, denunci\u00f3.<\/p>\n<p>Y agreg\u00f3 que &#8220;las autoridades de CONAE est\u00e1n igual de preocupados que nosotros. La Secretar\u00eda de Ciencia y T\u00e9cnica tambi\u00e9n expresan su preocupaci\u00f3n pero con eso no alcanza. Son funcionarios de este gobierno, que tiene otros objetivo distintos del desarrollo cient\u00edfico t\u00e9cnico. Est\u00e1n m\u00e1s abocados, m\u00e1s que otros gobiernos, al extractivismo, fundamentalmente del sector energ\u00e9tico, y la CONAE para ellos no es una prioridad. Al igual que las universidades p\u00fablicas o CONICET&#8221;.<\/p>\n<p><img loading=\"lazy\" decoding=\"async\" class=\"alignleft wp-image-46621 \" src=\"https:\/\/atecordoba.org\/wp-content\/uploads\/2024\/11\/ate-conae.jpeg\" alt=\"\" width=\"384\" height=\"288\" \/><\/p>\n<p>Baum fustig\u00f3 las pol\u00edticas de ciencia y t\u00e9cnica que se vienen desarrollando porque &#8220;hay una situaci\u00f3n de desgaste, tanto en nuestro organismo como en VENG, que se arrastra desde antes de este gobierno, cuando se produjo un descalce de los salarios en toda el \u00e1rea cient\u00edfico-t\u00e9cnica que gener\u00f3 una fuerte salida de trabajadores&#8221;.<\/p>\n<p>Pero recalc\u00f3 que es a partir de la actual administraci\u00f3n nacional que el vaciamiento se hace m\u00e1s evidente. &#8220;En 2024 despidieron 10 contratados, de una planta de personal de 274 en CONAE. En VENG hay un plantel de 460 trabajadores, de los cuales en C\u00f3rdoba residen 390. El total del complejo entre CONAE y VENG alcanza las 650 personas&#8221;.<\/p>\n<p>El dirigente alert\u00f3 que &#8220;por el nivel de implicancia y sinergia entre VENG y CONAE es tal que si hoy dejan de trabajar VENG la propia CONAE deja de funcionar porque el mantenimiento de la infraestructura, de los equipos generadores el\u00e9ctricos, de la climatizaci\u00f3n de los servidores de la base aeroespacial, cuestiones b\u00e1sicas de funcionamiento, es total&#8221;.<\/p>\n<figure id=\"attachment_46622\" aria-describedby=\"caption-attachment-46622\" style=\"width: 631px\" class=\"wp-caption aligncenter\"><img loading=\"lazy\" decoding=\"async\" class=\"wp-image-46622 \" src=\"https:\/\/atecordoba.org\/wp-content\/uploads\/2024\/11\/Baum-EMILIANO-1024x557.png\" alt=\"\" width=\"631\" height=\"343\" srcset=\"https:\/\/atecordoba.org\/wp-content\/uploads\/2024\/11\/Baum-EMILIANO-1024x557.png 1024w, https:\/\/atecordoba.org\/wp-content\/uploads\/2024\/11\/Baum-EMILIANO-300x163.png 300w, https:\/\/atecordoba.org\/wp-content\/uploads\/2024\/11\/Baum-EMILIANO-768x418.png 768w, https:\/\/atecordoba.org\/wp-content\/uploads\/2024\/11\/Baum-EMILIANO-750x408.png 750w, https:\/\/atecordoba.org\/wp-content\/uploads\/2024\/11\/Baum-EMILIANO-1140x620.png 1140w, https:\/\/atecordoba.org\/wp-content\/uploads\/2024\/11\/Baum-EMILIANO.png 1217w\" sizes=\"auto, (max-width: 631px) 100vw, 631px\" \/><figcaption id=\"caption-attachment-46622\" class=\"wp-caption-text\">Emiliano Baum \u2013 Desarrollador de software \u2013 Trabaja en la Oficina de Ingenier\u00eda de Estaciones Terrenas y colabora en la Oficina de Soporte de Sistemas de Estaciones Terrenas.<\/figcaption><\/figure>\n<p>En ese sentido, consultado sobre la condici\u00f3n de la empresa estatal VENG, que fue puesta afuera del listado de empresas estatales a privatiza en la conocida como Ley de Bases, &#8220;sucede lo mismo que en Aerol\u00edneas Argentinas. El gobierno no tiene palabra, negocia cosas que despu\u00e9s no cumple. Como VENG no est\u00e1 en la lista de privatizables por eso parece que su estrategia es el cierre de la empresa para que despu\u00e9s otro ocupe ese espacio&#8221;.<\/p>\n<p>Por \u00faltimo, Baum reclam\u00f3 que revertir la situaci\u00f3n actual porque &#8220;no deben desperdiciarse 60 a\u00f1os de inversi\u00f3n del pueblo argentino, que comenz\u00f3 en la d\u00e9cada del \u201960, que por una mala gesti\u00f3n de un mal gobierno puede terminar todo en el tacho, como ya sucedi\u00f3 en C\u00f3rdoba con el Proyecto C\u00f3ndor&#8221;.<\/p>\n<div class=\"epyt-video-wrapper\"><iframe loading=\"lazy\"  style=\"display: block; margin: 0px auto;\"  id=\"_ytid_91942\"  width=\"480\" height=\"270\"  data-origwidth=\"480\" data-origheight=\"270\" src=\"https:\/\/www.youtube.com\/embed\/cTft36eOIFc?enablejsapi=1&autoplay=0&cc_load_policy=0&cc_lang_pref=&iv_load_policy=3&loop=0&rel=0&fs=1&playsinline=0&autohide=2&theme=dark&color=red&controls=1&disablekb=0&\" class=\"__youtube_prefs__  no-lazyload\" title=\"YouTube player\"  allow=\"fullscreen; accelerometer; autoplay; clipboard-write; encrypted-media; gyroscope; picture-in-picture; web-share\" referrerpolicy=\"strict-origin-when-cross-origin\" allowfullscreen data-no-lazy=\"1\" data-skipgform_ajax_framebjll=\"\"><\/iframe><\/div>\n","protected":false},"excerpt":{"rendered":"<p>En una entrevista con el Canal 10 de C\u00f3rdoba, el delegado de ATE CONAE, Emiliano Baum, detall\u00f3 el proceso de vaciamiento que est\u00e1n sufriendo tanto la Comisi\u00f3n Nacional de Actividades Espaciales como la empresa estatal VENG, subsidiaria del organismo y encargada de llevar adelante el plan espacial nacional. Baum explic\u00f3 que el Gobierno de Milei [&hellip;]<\/p>\n","protected":false},"author":7,"featured_media":46620,"comment_status":"open","ping_status":"open","sticky":false,"template":"","format":"standard","meta":{"_exactmetrics_skip_tracking":false,"_exactmetrics_sitenote_active":false,"_exactmetrics_sitenote_note":"","_exactmetrics_sitenote_category":0,"jnews-multi-image_gallery":[],"jnews_single_post":{"format":"standard","override":[{"template":"1","parallax":"1","fullscreen":"1","layout":"no-sidebar-narrow","sidebar":"default-sidebar","second_sidebar":"default-sidebar","sticky_sidebar":"1","share_position":"bottom","share_float_style":"share-monocrhome","show_share_counter":"1","show_view_counter":"1","show_post_meta":"1","show_post_author_image":"1","show_post_date":"1","post_date_format":"default","post_date_format_custom":"Y\/m\/d","show_post_category":"1","show_post_reading_time":"0","post_reading_time_wpm":"300","post_calculate_word_method":"str_word_count","show_zoom_button":"0","zoom_button_out_step":"2","zoom_button_in_step":"3","show_post_tag":"1","number_popup_post":"1","show_post_related":"1","show_inline_post_related":"0"}],"image_override":[{"single_post_thumbnail_size":"crop-500","single_post_gallery_size":"crop-500"}],"trending_post_position":"meta","trending_post_label":"Trending","sponsored_post_label":"Sponsored by","disable_ad":"0"},"jnews_primary_category":[],"jnews_social_meta":[],"jnews_review":[],"enable_review":"","type":"percentage","name":"","summary":"","brand":"","sku":"","good":[],"bad":[],"score_override":"","override_value":"","rating":[],"price":[],"jnews_override_counter":{"view_counter_number":"0","share_counter_number":"0","like_counter_number":"0","dislike_counter_number":"0"},"jnews_post_split":{"post_split":[{"template":"1","tag":"h2","numbering":"asc","mode":"normal","first":"0","enable_toc":"0","toc_type":"normal"}]},"footnotes":""},"categories":[18],"tags":[1349,395,463,1090],"class_list":["post-46617","post","type-post","status-publish","format-standard","has-post-thumbnail","hentry","category-nacionales","tag-ate-conae","tag-ate-cordoba","tag-conae","tag-veng"],"jetpack_featured_media_url":"https:\/\/atecordoba.org\/wp-content\/uploads\/2024\/11\/ate-conae-2-e1732203017753.jpg","_links":{"self":[{"href":"https:\/\/atecordoba.org\/index.php?rest_route=\/wp\/v2\/posts\/46617","targetHints":{"allow":["GET"]}}],"collection":[{"href":"https:\/\/atecordoba.org\/index.php?rest_route=\/wp\/v2\/posts"}],"about":[{"href":"https:\/\/atecordoba.org\/index.php?rest_route=\/wp\/v2\/types\/post"}],"author":[{"embeddable":true,"href":"https:\/\/atecordoba.org\/index.php?rest_route=\/wp\/v2\/users\/7"}],"replies":[{"embeddable":true,"href":"https:\/\/atecordoba.org\/index.php?rest_route=%2Fwp%2Fv2%2Fcomments&post=46617"}],"version-history":[{"count":1,"href":"https:\/\/atecordoba.org\/index.php?rest_route=\/wp\/v2\/posts\/46617\/revisions"}],"predecessor-version":[{"id":46623,"href":"https:\/\/atecordoba.org\/index.php?rest_route=\/wp\/v2\/posts\/46617\/revisions\/46623"}],"wp:featuredmedia":[{"embeddable":true,"href":"https:\/\/atecordoba.org\/index.php?rest_route=\/wp\/v2\/media\/46620"}],"wp:attachment":[{"href":"https:\/\/atecordoba.org\/index.php?rest_route=%2Fwp%2Fv2%2Fmedia&parent=46617"}],"wp:term":[{"taxonomy":"category","embeddable":true,"href":"https:\/\/atecordoba.org\/index.php?rest_route=%2Fwp%2Fv2%2Fcategories&post=46617"},{"taxonomy":"post_tag","embeddable":true,"href":"https:\/\/atecordoba.org\/index.php?rest_route=%2Fwp%2Fv2%2Ftags&post=46617"}],"curies":[{"name":"wp","href":"https:\/\/api.w.org\/{rel}","templated":true}]}}