{"id":46606,"date":"2024-11-21T10:36:08","date_gmt":"2024-11-21T13:36:08","guid":{"rendered":"https:\/\/atecordoba.org\/?p=46606"},"modified":"2024-11-21T17:10:20","modified_gmt":"2024-11-21T20:10:20","slug":"alta-gracia-taller-de-formacion-sobre-riesgos-de-trabajo-derechos-y-obligaciones-del-trabajador","status":"publish","type":"post","link":"https:\/\/atecordoba.org\/?p=46606","title":{"rendered":"Alta Gracia: taller de formaci\u00f3n sobre &#8220;Riesgos de trabajo, derechos y obligaciones del trabajador y la trabajadora&#8221;"},"content":{"rendered":"<blockquote><p><img loading=\"lazy\" decoding=\"async\" class=\"aligncenter wp-image-46607 \" src=\"https:\/\/atecordoba.org\/wp-content\/uploads\/2024\/11\/WhatsApp-Image-2024-11-21-at-09.09.58-1024x576.jpeg\" alt=\"\" width=\"627\" height=\"353\" \/>En el marco de los recorridos por el interior de la Provincia, poniendo en pr\u00e1ctica la formaci\u00f3n integral de las y los delegados de base de nuestra organizaci\u00f3n, ayer se llev\u00f3 a cabo en\u00a0 Alta Gracia una charla dictada por trabajadoras de la Superintendencia de Riesgos de Trabajo (SRT), organizada por la Secretaria de Salud y Seguridad Laboral del Consejo Directivo Provincial (CDP).<\/p><\/blockquote>\n<p>En\u00a0 la oportunidad participaron compa\u00f1eras y compa\u00f1eros estatales del Departamento San Mar\u00eda y el Valle de Paravachasca, de las localidades de Anisacate, Alta Gracia, Valle de Anisacate y Villa Los Aromos.<\/p>\n<p>La charla estuvo a cargo de Vanesa Hern\u00e1ndez, la colaboraci\u00f3n de Estefania Carranza, y el acompa\u00f1amiento de la\u00a0 Secretaria de Acci\u00f3n Pol\u00edtica Alejandra Agnone, y estuvo organizada por la titular del \u00e1rea, Elisa Ojeda.<\/p>\n<p>En un rico intercambio de experiencias, se abordaron temas de inter\u00e9s sobre riesgos de trabajo, derechos y obligaciones del trabajador, tal como: medidas de seguridad, elementos primarios de protecci\u00f3n, ambiente laboral, riesgos laborales, obligaciones del empleador, derechos de las y los trabajadores, procedimientos ante la ART, funci\u00f3n de la SRT, retiro por invalidez y reciprocidad entre cajas jubilatorias. <img loading=\"lazy\" decoding=\"async\" class=\"aligncenter wp-image-46608 \" src=\"https:\/\/atecordoba.org\/wp-content\/uploads\/2024\/11\/WhatsApp-Image-2024-11-21-at-09.09.56-1-1024x768.jpeg\" alt=\"\" width=\"607\" height=\"456\" srcset=\"https:\/\/atecordoba.org\/wp-content\/uploads\/2024\/11\/WhatsApp-Image-2024-11-21-at-09.09.56-1-1024x768.jpeg 1024w, https:\/\/atecordoba.org\/wp-content\/uploads\/2024\/11\/WhatsApp-Image-2024-11-21-at-09.09.56-1-300x225.jpeg 300w, https:\/\/atecordoba.org\/wp-content\/uploads\/2024\/11\/WhatsApp-Image-2024-11-21-at-09.09.56-1-768x576.jpeg 768w, https:\/\/atecordoba.org\/wp-content\/uploads\/2024\/11\/WhatsApp-Image-2024-11-21-at-09.09.56-1-1536x1152.jpeg 1536w, https:\/\/atecordoba.org\/wp-content\/uploads\/2024\/11\/WhatsApp-Image-2024-11-21-at-09.09.56-1-750x563.jpeg 750w, https:\/\/atecordoba.org\/wp-content\/uploads\/2024\/11\/WhatsApp-Image-2024-11-21-at-09.09.56-1-1140x855.jpeg 1140w, https:\/\/atecordoba.org\/wp-content\/uploads\/2024\/11\/WhatsApp-Image-2024-11-21-at-09.09.56-1.jpeg 1600w\" sizes=\"auto, (max-width: 607px) 100vw, 607px\" \/><\/p>\n<p>\u201cEstas instancias, impulsadas desde el CDP C\u00f3rdoba, y su Secretario General Federico Giuliani, consideramos muy necesario llevar al Interior de la provincia estos espacios donde nos encontremos con las y los compa\u00f1eros estatales, y en un espacio de camarader\u00eda, donde es posible evacuar consultas, formarnos y construir m\u00e1s lucha colectiva\u201d, resumi\u00f3 Agnone.<\/p>\n<div id='gallery_1' class='gallery galleryid-46606 gallery-columns-3 gallery-size-thumbnail'><figure class='gallery-item'>\n                <div class='gallery-icon portrait'>\n                    <a href='https:\/\/atecordoba.org\/wp-content\/uploads\/2024\/11\/WhatsApp-Image-2024-11-21-at-09.09.56-2.jpeg'><img loading=\"lazy\" decoding=\"async\" width=\"150\" height=\"150\" src=\"\" class=\"attachment-thumbnail size-thumbnail lazyload\" alt=\"\" data-src=\"https:\/\/atecordoba.org\/wp-content\/uploads\/2024\/11\/WhatsApp-Image-2024-11-21-at-09.09.56-2-150x150.jpeg\" data-sizes=\"auto\" data-srcset=\"https:\/\/atecordoba.org\/wp-content\/uploads\/2024\/11\/WhatsApp-Image-2024-11-21-at-09.09.56-2-150x150.jpeg 150w, https:\/\/atecordoba.org\/wp-content\/uploads\/2024\/11\/WhatsApp-Image-2024-11-21-at-09.09.56-2-560x560.jpeg 560w, https:\/\/atecordoba.org\/wp-content\/uploads\/2024\/11\/WhatsApp-Image-2024-11-21-at-09.09.56-2-75x75.jpeg 75w, https:\/\/atecordoba.org\/wp-content\/uploads\/2024\/11\/WhatsApp-Image-2024-11-21-at-09.09.56-2-350x350.jpeg 350w\" data-expand=\"700\" \/><\/a>\n                <\/div><\/figure><figure class='gallery-item'>\n                <div class='gallery-icon landscape'>\n                    <a href='https:\/\/atecordoba.org\/wp-content\/uploads\/2024\/11\/WhatsApp-Image-2024-11-21-at-09.09.55.jpeg'><img loading=\"lazy\" decoding=\"async\" width=\"150\" height=\"150\" src=\"\" class=\"attachment-thumbnail size-thumbnail lazyload\" alt=\"\" data-src=\"https:\/\/atecordoba.org\/wp-content\/uploads\/2024\/11\/WhatsApp-Image-2024-11-21-at-09.09.55-150x150.jpeg\" data-sizes=\"auto\" data-srcset=\"https:\/\/atecordoba.org\/wp-content\/uploads\/2024\/11\/WhatsApp-Image-2024-11-21-at-09.09.55-150x150.jpeg 150w, https:\/\/atecordoba.org\/wp-content\/uploads\/2024\/11\/WhatsApp-Image-2024-11-21-at-09.09.55-560x560.jpeg 560w, https:\/\/atecordoba.org\/wp-content\/uploads\/2024\/11\/WhatsApp-Image-2024-11-21-at-09.09.55-75x75.jpeg 75w, https:\/\/atecordoba.org\/wp-content\/uploads\/2024\/11\/WhatsApp-Image-2024-11-21-at-09.09.55-350x350.jpeg 350w\" data-expand=\"700\" \/><\/a>\n                <\/div><\/figure><figure class='gallery-item'>\n                <div class='gallery-icon landscape'>\n                    <a href='https:\/\/atecordoba.org\/wp-content\/uploads\/2024\/11\/WhatsApp-Image-2024-11-21-at-09.09.55-2.jpeg'><img loading=\"lazy\" decoding=\"async\" width=\"150\" height=\"150\" src=\"\" class=\"attachment-thumbnail size-thumbnail lazyload\" alt=\"\" data-src=\"https:\/\/atecordoba.org\/wp-content\/uploads\/2024\/11\/WhatsApp-Image-2024-11-21-at-09.09.55-2-150x150.jpeg\" data-sizes=\"auto\" data-srcset=\"https:\/\/atecordoba.org\/wp-content\/uploads\/2024\/11\/WhatsApp-Image-2024-11-21-at-09.09.55-2-150x150.jpeg 150w, https:\/\/atecordoba.org\/wp-content\/uploads\/2024\/11\/WhatsApp-Image-2024-11-21-at-09.09.55-2-560x560.jpeg 560w, https:\/\/atecordoba.org\/wp-content\/uploads\/2024\/11\/WhatsApp-Image-2024-11-21-at-09.09.55-2-75x75.jpeg 75w, https:\/\/atecordoba.org\/wp-content\/uploads\/2024\/11\/WhatsApp-Image-2024-11-21-at-09.09.55-2-350x350.jpeg 350w\" data-expand=\"700\" \/><\/a>\n                <\/div><\/figure><br style=\"clear: both\" \/><figure class='gallery-item'>\n                <div class='gallery-icon landscape'>\n                    <a href='https:\/\/atecordoba.org\/wp-content\/uploads\/2024\/11\/WhatsApp-Image-2024-11-21-at-09.09.56-1.jpeg'><img loading=\"lazy\" decoding=\"async\" width=\"150\" height=\"150\" src=\"\" class=\"attachment-thumbnail size-thumbnail lazyload\" alt=\"\" data-src=\"https:\/\/atecordoba.org\/wp-content\/uploads\/2024\/11\/WhatsApp-Image-2024-11-21-at-09.09.56-1-150x150.jpeg\" data-sizes=\"auto\" data-srcset=\"https:\/\/atecordoba.org\/wp-content\/uploads\/2024\/11\/WhatsApp-Image-2024-11-21-at-09.09.56-1-150x150.jpeg 150w, https:\/\/atecordoba.org\/wp-content\/uploads\/2024\/11\/WhatsApp-Image-2024-11-21-at-09.09.56-1-560x560.jpeg 560w, https:\/\/atecordoba.org\/wp-content\/uploads\/2024\/11\/WhatsApp-Image-2024-11-21-at-09.09.56-1-75x75.jpeg 75w, https:\/\/atecordoba.org\/wp-content\/uploads\/2024\/11\/WhatsApp-Image-2024-11-21-at-09.09.56-1-350x350.jpeg 350w\" data-expand=\"700\" \/><\/a>\n                <\/div><\/figure><figure class='gallery-item'>\n                <div class='gallery-icon portrait'>\n                    <a href='https:\/\/atecordoba.org\/wp-content\/uploads\/2024\/11\/WhatsApp-Image-2024-11-21-at-09.09.56-3.jpeg'><img loading=\"lazy\" decoding=\"async\" width=\"150\" height=\"150\" src=\"\" class=\"attachment-thumbnail size-thumbnail lazyload\" alt=\"\" data-src=\"https:\/\/atecordoba.org\/wp-content\/uploads\/2024\/11\/WhatsApp-Image-2024-11-21-at-09.09.56-3-150x150.jpeg\" data-sizes=\"auto\" data-srcset=\"https:\/\/atecordoba.org\/wp-content\/uploads\/2024\/11\/WhatsApp-Image-2024-11-21-at-09.09.56-3-150x150.jpeg 150w, https:\/\/atecordoba.org\/wp-content\/uploads\/2024\/11\/WhatsApp-Image-2024-11-21-at-09.09.56-3-560x560.jpeg 560w, https:\/\/atecordoba.org\/wp-content\/uploads\/2024\/11\/WhatsApp-Image-2024-11-21-at-09.09.56-3-75x75.jpeg 75w, https:\/\/atecordoba.org\/wp-content\/uploads\/2024\/11\/WhatsApp-Image-2024-11-21-at-09.09.56-3-350x350.jpeg 350w\" data-expand=\"700\" \/><\/a>\n                <\/div><\/figure><figure class='gallery-item'>\n                <div class='gallery-icon landscape'>\n                    <a href='https:\/\/atecordoba.org\/wp-content\/uploads\/2024\/11\/WhatsApp-Image-2024-11-21-at-09.09.57-1.jpeg'><img loading=\"lazy\" decoding=\"async\" width=\"150\" height=\"150\" src=\"\" class=\"attachment-thumbnail size-thumbnail lazyload\" alt=\"\" data-src=\"https:\/\/atecordoba.org\/wp-content\/uploads\/2024\/11\/WhatsApp-Image-2024-11-21-at-09.09.57-1-150x150.jpeg\" data-sizes=\"auto\" data-srcset=\"https:\/\/atecordoba.org\/wp-content\/uploads\/2024\/11\/WhatsApp-Image-2024-11-21-at-09.09.57-1-150x150.jpeg 150w, https:\/\/atecordoba.org\/wp-content\/uploads\/2024\/11\/WhatsApp-Image-2024-11-21-at-09.09.57-1-560x560.jpeg 560w, https:\/\/atecordoba.org\/wp-content\/uploads\/2024\/11\/WhatsApp-Image-2024-11-21-at-09.09.57-1-75x75.jpeg 75w, https:\/\/atecordoba.org\/wp-content\/uploads\/2024\/11\/WhatsApp-Image-2024-11-21-at-09.09.57-1-350x350.jpeg 350w\" data-expand=\"700\" \/><\/a>\n                <\/div><\/figure><br style=\"clear: both\" \/>\n            <\/div>\n\n","protected":false},"excerpt":{"rendered":"<p>En el marco de los recorridos por el interior de la Provincia, poniendo en pr\u00e1ctica la formaci\u00f3n integral de las y los delegados de base de nuestra organizaci\u00f3n, ayer se llev\u00f3 a cabo en\u00a0 Alta Gracia una charla dictada por trabajadoras de la Superintendencia de Riesgos de Trabajo (SRT), organizada por la Secretaria de Salud [&hellip;]<\/p>\n","protected":false},"author":7,"featured_media":46607,"comment_status":"open","ping_status":"open","sticky":false,"template":"","format":"standard","meta":{"_exactmetrics_skip_tracking":false,"_exactmetrics_sitenote_active":false,"_exactmetrics_sitenote_note":"","_exactmetrics_sitenote_category":0,"jnews-multi-image_gallery":[],"jnews_single_post":{"format":"standard","override":[{"template":"1","parallax":"1","fullscreen":"1","layout":"no-sidebar-narrow","sidebar":"default-sidebar","second_sidebar":"default-sidebar","sticky_sidebar":"1","share_position":"bottom","share_float_style":"share-monocrhome","show_share_counter":"1","show_view_counter":"1","show_post_meta":"1","show_post_author_image":"1","show_post_date":"1","post_date_format":"default","post_date_format_custom":"Y\/m\/d","show_post_category":"1","show_post_reading_time":"0","post_reading_time_wpm":"300","post_calculate_word_method":"str_word_count","show_zoom_button":"0","zoom_button_out_step":"2","zoom_button_in_step":"3","show_post_tag":"1","number_popup_post":"1","show_post_related":"1","show_inline_post_related":"0"}],"image_override":[{"single_post_thumbnail_size":"crop-500","single_post_gallery_size":"crop-500"}],"trending_post_position":"meta","trending_post_label":"Trending","sponsored_post_label":"Sponsored by","disable_ad":"0"},"jnews_primary_category":[],"jnews_social_meta":[],"jnews_review":[],"enable_review":"","type":"percentage","name":"","summary":"","brand":"","sku":"","good":[],"bad":[],"score_override":"","override_value":"","rating":[],"price":[],"jnews_override_counter":{"view_counter_number":"0","share_counter_number":"0","like_counter_number":"0","dislike_counter_number":"0"},"jnews_post_split":{"post_split":[{"template":"1","tag":"h2","numbering":"asc","mode":"normal","first":"0","enable_toc":"0","toc_type":"normal"}]},"footnotes":""},"categories":[88],"tags":[],"class_list":["post-46606","post","type-post","status-publish","format-standard","has-post-thumbnail","hentry","category-formacion"],"jetpack_featured_media_url":"https:\/\/atecordoba.org\/wp-content\/uploads\/2024\/11\/WhatsApp-Image-2024-11-21-at-09.09.58-e1732195920860.jpeg","_links":{"self":[{"href":"https:\/\/atecordoba.org\/index.php?rest_route=\/wp\/v2\/posts\/46606","targetHints":{"allow":["GET"]}}],"collection":[{"href":"https:\/\/atecordoba.org\/index.php?rest_route=\/wp\/v2\/posts"}],"about":[{"href":"https:\/\/atecordoba.org\/index.php?rest_route=\/wp\/v2\/types\/post"}],"author":[{"embeddable":true,"href":"https:\/\/atecordoba.org\/index.php?rest_route=\/wp\/v2\/users\/7"}],"replies":[{"embeddable":true,"href":"https:\/\/atecordoba.org\/index.php?rest_route=%2Fwp%2Fv2%2Fcomments&post=46606"}],"version-history":[{"count":6,"href":"https:\/\/atecordoba.org\/index.php?rest_route=\/wp\/v2\/posts\/46606\/revisions"}],"predecessor-version":[{"id":46635,"href":"https:\/\/atecordoba.org\/index.php?rest_route=\/wp\/v2\/posts\/46606\/revisions\/46635"}],"wp:featuredmedia":[{"embeddable":true,"href":"https:\/\/atecordoba.org\/index.php?rest_route=\/wp\/v2\/media\/46607"}],"wp:attachment":[{"href":"https:\/\/atecordoba.org\/index.php?rest_route=%2Fwp%2Fv2%2Fmedia&parent=46606"}],"wp:term":[{"taxonomy":"category","embeddable":true,"href":"https:\/\/atecordoba.org\/index.php?rest_route=%2Fwp%2Fv2%2Fcategories&post=46606"},{"taxonomy":"post_tag","embeddable":true,"href":"https:\/\/atecordoba.org\/index.php?rest_route=%2Fwp%2Fv2%2Ftags&post=46606"}],"curies":[{"name":"wp","href":"https:\/\/api.w.org\/{rel}","templated":true}]}}