{"id":46600,"date":"2024-11-21T10:06:42","date_gmt":"2024-11-21T13:06:42","guid":{"rendered":"https:\/\/atecordoba.org\/?p=46600"},"modified":"2024-11-21T10:06:42","modified_gmt":"2024-11-21T13:06:42","slug":"radio-abierta-en-el-polo-de-la-mujer-y-vos-alguna-vez-sufriste-violencia","status":"publish","type":"post","link":"https:\/\/atecordoba.org\/?p=46600","title":{"rendered":"Radio abierta en el Polo de la Mujer: &#8220;Y vos, alguna vez sufriste violencia?&#8221;"},"content":{"rendered":"<p><img loading=\"lazy\" decoding=\"async\" class=\"aligncenter wp-image-46601 \" src=\"https:\/\/atecordoba.org\/wp-content\/uploads\/2024\/11\/WhatsApp-Image-2024-11-21-at-09.10.45.jpeg\" alt=\"\" width=\"623\" height=\"614\" srcset=\"https:\/\/atecordoba.org\/wp-content\/uploads\/2024\/11\/WhatsApp-Image-2024-11-21-at-09.10.45.jpeg 717w, https:\/\/atecordoba.org\/wp-content\/uploads\/2024\/11\/WhatsApp-Image-2024-11-21-at-09.10.45-300x296.jpeg 300w, https:\/\/atecordoba.org\/wp-content\/uploads\/2024\/11\/WhatsApp-Image-2024-11-21-at-09.10.45-75x75.jpeg 75w\" sizes=\"auto, (max-width: 623px) 100vw, 623px\" \/>El Consejo Directivo Provincial convoca a las y los estatales a participar de la Radio Abierta en el Polo de la Mujer, a realizarse ma\u00f1ana 22 de noviembre, de 10 a 13 horas, en el ingreso de la sede del organismo, Entre R\u00edos 680, bajo la consigna &#8220;Y vos, alguna vez sufriste violencia?&#8221;.<\/p>\n<p>La actividad se desarrollar\u00e1 en el marco de los reclamos que surgen del sector a ra\u00edz de las p\u00e9simas condiciones laborales, los bajos salarios, la violencia institucional y las persecuciones antisindicales que son pan de todos los d\u00edas en el sector.<\/p>\n<p>Adem\u00e1s, se engloba en una mirada general sobre el ataque a los derechos de las mujeres que imponen el Gobierno de Milei y el Gobierno de C\u00f3rdoba, por medio de la desarticulaci\u00f3n de los organismos p\u00fablicos encargados de garantizar los derechos de las mujeres, ajustando y cerrando programas.<img loading=\"lazy\" decoding=\"async\" class=\"alignright wp-image-46602 \" src=\"https:\/\/atecordoba.org\/wp-content\/uploads\/2024\/11\/WhatsApp-Image-2024-11-21-at-09.11.41-1024x1024.jpeg\" alt=\"\" width=\"376\" height=\"376\" srcset=\"https:\/\/atecordoba.org\/wp-content\/uploads\/2024\/11\/WhatsApp-Image-2024-11-21-at-09.11.41-1024x1024.jpeg 1024w, https:\/\/atecordoba.org\/wp-content\/uploads\/2024\/11\/WhatsApp-Image-2024-11-21-at-09.11.41-300x300.jpeg 300w, https:\/\/atecordoba.org\/wp-content\/uploads\/2024\/11\/WhatsApp-Image-2024-11-21-at-09.11.41-150x150.jpeg 150w, https:\/\/atecordoba.org\/wp-content\/uploads\/2024\/11\/WhatsApp-Image-2024-11-21-at-09.11.41-768x768.jpeg 768w, https:\/\/atecordoba.org\/wp-content\/uploads\/2024\/11\/WhatsApp-Image-2024-11-21-at-09.11.41-560x560.jpeg 560w, https:\/\/atecordoba.org\/wp-content\/uploads\/2024\/11\/WhatsApp-Image-2024-11-21-at-09.11.41-75x75.jpeg 75w, https:\/\/atecordoba.org\/wp-content\/uploads\/2024\/11\/WhatsApp-Image-2024-11-21-at-09.11.41-350x350.jpeg 350w, https:\/\/atecordoba.org\/wp-content\/uploads\/2024\/11\/WhatsApp-Image-2024-11-21-at-09.11.41-750x750.jpeg 750w, https:\/\/atecordoba.org\/wp-content\/uploads\/2024\/11\/WhatsApp-Image-2024-11-21-at-09.11.41.jpeg 1080w\" sizes=\"auto, (max-width: 376px) 100vw, 376px\" \/><\/p>\n<p>&#8220;Desde hace a\u00f1os las trabajadoras venimos denunciando la precarizaci\u00f3n laboral, profundizada con residencias y monotributos de pobreza.\u00a0Nos declararon la guerra, pero somos parte de un movimiento feminista, y estamos convencidas que unidas y organizadas conquistaremos nuestros derechos!&#8221;, reza la convocatoria.<\/p>\n<p>Vale mencionar que mientras se aplica un feroz plan de ajuste sobre las pol\u00edticas de g\u00e9nero, tanto a nivel provincial como nacional,\u00a0hubo 195 femicidios en Argentina y 19 en C\u00f3rdoba en lo que va de 2024.<\/p>\n<p><strong>Reclamos\u00a0<\/strong><\/p>\n<p>Desde ATE venimos planteando una serie de reclamos urgentes a resolver en el Polo de la Mujer, generales a toda la Administraci\u00f3n P\u00fablica y propios del organismo.<\/p>\n<p>1) continuidad laboral en condiciones dignas de todxs lxs trabajadorxs del polo, residentes y monotributos<\/p>\n<p>2) salario m\u00ednimo igual a la canasta b\u00e1sica total con aumentos acordes a la inflaci\u00f3n y dentro del marco de los aumentos a todxs lxs empleadx p\u00fablicxs de la provincia de Cba.<\/p>\n<p>3) cese de la violencia institucional<\/p>\n<p>4) cese en la persecuci\u00f3n a les trabajadorxs.<\/p>\n<p>&nbsp;<\/p>\n","protected":false},"excerpt":{"rendered":"<p>El Consejo Directivo Provincial convoca a las y los estatales a participar de la Radio Abierta en el Polo de la Mujer, a realizarse ma\u00f1ana 22 de noviembre, de 10 a 13 horas, en el ingreso de la sede del organismo, Entre R\u00edos 680, bajo la consigna &#8220;Y vos, alguna vez sufriste violencia?&#8221;. La actividad [&hellip;]<\/p>\n","protected":false},"author":7,"featured_media":46603,"comment_status":"open","ping_status":"open","sticky":false,"template":"","format":"standard","meta":{"_exactmetrics_skip_tracking":false,"_exactmetrics_sitenote_active":false,"_exactmetrics_sitenote_note":"","_exactmetrics_sitenote_category":0,"jnews-multi-image_gallery":[],"jnews_single_post":{"format":"standard","override":[{"template":"1","parallax":"1","fullscreen":"1","layout":"no-sidebar-narrow","sidebar":"default-sidebar","second_sidebar":"default-sidebar","sticky_sidebar":"1","share_position":"bottom","share_float_style":"share-monocrhome","show_share_counter":"1","show_view_counter":"1","show_post_meta":"1","show_post_author_image":"1","show_post_date":"1","post_date_format":"default","post_date_format_custom":"Y\/m\/d","show_post_category":"1","show_post_reading_time":"0","post_reading_time_wpm":"300","post_calculate_word_method":"str_word_count","show_zoom_button":"0","zoom_button_out_step":"2","zoom_button_in_step":"3","show_post_tag":"1","number_popup_post":"1","show_post_related":"1","show_inline_post_related":"0"}],"image_override":[{"single_post_thumbnail_size":"crop-500","single_post_gallery_size":"crop-500"}],"trending_post_position":"meta","trending_post_label":"Trending","sponsored_post_label":"Sponsored by","disable_ad":"0"},"jnews_primary_category":[],"jnews_social_meta":[],"jnews_review":[],"enable_review":"","type":"percentage","name":"","summary":"","brand":"","sku":"","good":[],"bad":[],"score_override":"","override_value":"","rating":[],"price":[],"jnews_override_counter":{"view_counter_number":"0","share_counter_number":"0","like_counter_number":"0","dislike_counter_number":"0"},"jnews_post_split":{"post_split":[{"template":"1","tag":"h2","numbering":"asc","mode":"normal","first":"0","enable_toc":"0","toc_type":"normal"}]},"footnotes":""},"categories":[8],"tags":[395,1160,747],"class_list":["post-46600","post","type-post","status-publish","format-standard","has-post-thumbnail","hentry","category-provinciales","tag-ate-cordoba","tag-cordoba-2","tag-polo-de-la-mujer"],"jetpack_featured_media_url":"https:\/\/atecordoba.org\/wp-content\/uploads\/2024\/11\/WhatsApp-Image-2024-11-21-at-09.11.41-1.jpeg","_links":{"self":[{"href":"https:\/\/atecordoba.org\/index.php?rest_route=\/wp\/v2\/posts\/46600","targetHints":{"allow":["GET"]}}],"collection":[{"href":"https:\/\/atecordoba.org\/index.php?rest_route=\/wp\/v2\/posts"}],"about":[{"href":"https:\/\/atecordoba.org\/index.php?rest_route=\/wp\/v2\/types\/post"}],"author":[{"embeddable":true,"href":"https:\/\/atecordoba.org\/index.php?rest_route=\/wp\/v2\/users\/7"}],"replies":[{"embeddable":true,"href":"https:\/\/atecordoba.org\/index.php?rest_route=%2Fwp%2Fv2%2Fcomments&post=46600"}],"version-history":[{"count":1,"href":"https:\/\/atecordoba.org\/index.php?rest_route=\/wp\/v2\/posts\/46600\/revisions"}],"predecessor-version":[{"id":46604,"href":"https:\/\/atecordoba.org\/index.php?rest_route=\/wp\/v2\/posts\/46600\/revisions\/46604"}],"wp:featuredmedia":[{"embeddable":true,"href":"https:\/\/atecordoba.org\/index.php?rest_route=\/wp\/v2\/media\/46603"}],"wp:attachment":[{"href":"https:\/\/atecordoba.org\/index.php?rest_route=%2Fwp%2Fv2%2Fmedia&parent=46600"}],"wp:term":[{"taxonomy":"category","embeddable":true,"href":"https:\/\/atecordoba.org\/index.php?rest_route=%2Fwp%2Fv2%2Fcategories&post=46600"},{"taxonomy":"post_tag","embeddable":true,"href":"https:\/\/atecordoba.org\/index.php?rest_route=%2Fwp%2Fv2%2Ftags&post=46600"}],"curies":[{"name":"wp","href":"https:\/\/api.w.org\/{rel}","templated":true}]}}