{"id":46588,"date":"2024-11-20T14:54:48","date_gmt":"2024-11-20T17:54:48","guid":{"rendered":"https:\/\/atecordoba.org\/?p=46588"},"modified":"2024-11-20T14:57:06","modified_gmt":"2024-11-20T17:57:06","slug":"hospitales-marcharon-al-panal-en-una-nueva-jornada-de-lucha-por-salarios-y-el-fin-de-los-descuentos-abusivos-de-la-apross","status":"publish","type":"post","link":"https:\/\/atecordoba.org\/?p=46588","title":{"rendered":"Hospitales marcharon al Panal en una nueva Jornada de Lucha por salarios y el fin de los descuentos abusivos de la APROSS"},"content":{"rendered":"<figure id=\"attachment_46589\" aria-describedby=\"caption-attachment-46589\" style=\"width: 624px\" class=\"wp-caption aligncenter\"><img loading=\"lazy\" decoding=\"async\" class=\"wp-image-46589\" src=\"https:\/\/atecordoba.org\/wp-content\/uploads\/2024\/11\/WhatsApp-Image-2024-11-20-at-13.08.34-1024x576.jpeg\" alt=\"\" width=\"624\" height=\"351\" srcset=\"https:\/\/atecordoba.org\/wp-content\/uploads\/2024\/11\/WhatsApp-Image-2024-11-20-at-13.08.34-1024x576.jpeg 1024w, https:\/\/atecordoba.org\/wp-content\/uploads\/2024\/11\/WhatsApp-Image-2024-11-20-at-13.08.34-300x169.jpeg 300w, https:\/\/atecordoba.org\/wp-content\/uploads\/2024\/11\/WhatsApp-Image-2024-11-20-at-13.08.34-768x432.jpeg 768w, https:\/\/atecordoba.org\/wp-content\/uploads\/2024\/11\/WhatsApp-Image-2024-11-20-at-13.08.34-1536x864.jpeg 1536w, https:\/\/atecordoba.org\/wp-content\/uploads\/2024\/11\/WhatsApp-Image-2024-11-20-at-13.08.34-750x422.jpeg 750w, https:\/\/atecordoba.org\/wp-content\/uploads\/2024\/11\/WhatsApp-Image-2024-11-20-at-13.08.34-1140x641.jpeg 1140w, https:\/\/atecordoba.org\/wp-content\/uploads\/2024\/11\/WhatsApp-Image-2024-11-20-at-13.08.34.jpeg 1600w\" sizes=\"auto, (max-width: 624px) 100vw, 624px\" \/><figcaption id=\"caption-attachment-46589\" class=\"wp-caption-text\">Concentraci\u00f3n frente al Panal.<\/figcaption><\/figure>\n<p>En el marco de la jornada de lucha dispuesta por el frente interhospitalario de la provincia, hoy se realiz\u00f3 una movilizaci\u00f3n a Casa de Gobierno en reclamo de una verdadera recomposici\u00f3n salarial, que recupere los haberes disminuidos por la inflaci\u00f3n y los exorbitantes aumentos de servicios, alimentaci\u00f3n, transporte y alquileres, entre otros rubros, que tienen al l\u00edmite el poder adquisitivo de los ingresos de las y los estatales.<\/p>\n<p>Adem\u00e1s, los hospitales reclaman una rebaja de los aportes que el gobierno de Mart\u00edn Llaryora impuso para la APROSS. Las asambleas denuncian como una verdadera estafa de la obra social provincial.<\/p>\n<p><img loading=\"lazy\" decoding=\"async\" class=\"aligncenter wp-image-46590 \" src=\"https:\/\/atecordoba.org\/wp-content\/uploads\/2024\/11\/WhatsApp-Image-2024-11-20-at-13.08.33-1024x576.jpeg\" alt=\"\" width=\"615\" height=\"346\" \/><\/p>\n<p>La movilizaci\u00f3n cont\u00f3 con la presencia solidaria de la UEPC Capital, que lleva adelante un fuerte plan de lucha en reclamo de aumento salarial.<\/p>\n<p>Asi, a media ma\u00f1ana se congregaron en la Plaza de las Am\u00e9ricas compa\u00f1eras y compa\u00f1eros de los hospitales Misericordia, Maternidad Provincial y San Roque Viejo.<\/p>\n<p>Posteriormente, la columna se moviliz\u00f3 hasta las puertas de Casa de Gobierno, sobre bv. Guzm\u00e1n, donde se realiz\u00f3 una importante asamblea con la participaci\u00f3n de todos los sectores presentes en la ocasi\u00f3n.<\/p>\n<p>&#8220;La asamblea alcanz\u00f3 un consenso para impulsar un frente interestatal entre Salud y Educaci\u00f3n, con la participaci\u00f3n de la UEPC Capital y la interhospitalaria conducida por ATE, para evitar las divisiones que impulsa la burocracia del SEP y ATSA, a trav\u00e9s de la falta de lineamientos pol\u00edticos que favorece al gobierno de Llaryora&#8221;, resumi\u00f3 el delegado de ATE, Osvaldo Reynaldo.<\/p>\n<figure id=\"attachment_46591\" aria-describedby=\"caption-attachment-46591\" style=\"width: 615px\" class=\"wp-caption aligncenter\"><img loading=\"lazy\" decoding=\"async\" class=\"wp-image-46591\" src=\"https:\/\/atecordoba.org\/wp-content\/uploads\/2024\/11\/WhatsApp-Image-2024-11-20-at-13.08.34-3-1024x576.jpeg\" alt=\"\" width=\"615\" height=\"346\" srcset=\"https:\/\/atecordoba.org\/wp-content\/uploads\/2024\/11\/WhatsApp-Image-2024-11-20-at-13.08.34-3-1024x576.jpeg 1024w, https:\/\/atecordoba.org\/wp-content\/uploads\/2024\/11\/WhatsApp-Image-2024-11-20-at-13.08.34-3-300x169.jpeg 300w, https:\/\/atecordoba.org\/wp-content\/uploads\/2024\/11\/WhatsApp-Image-2024-11-20-at-13.08.34-3-768x432.jpeg 768w, https:\/\/atecordoba.org\/wp-content\/uploads\/2024\/11\/WhatsApp-Image-2024-11-20-at-13.08.34-3-1536x864.jpeg 1536w, https:\/\/atecordoba.org\/wp-content\/uploads\/2024\/11\/WhatsApp-Image-2024-11-20-at-13.08.34-3-750x422.jpeg 750w, https:\/\/atecordoba.org\/wp-content\/uploads\/2024\/11\/WhatsApp-Image-2024-11-20-at-13.08.34-3-1140x641.jpeg 1140w, https:\/\/atecordoba.org\/wp-content\/uploads\/2024\/11\/WhatsApp-Image-2024-11-20-at-13.08.34-3.jpeg 1599w\" sizes=\"auto, (max-width: 615px) 100vw, 615px\" \/><figcaption id=\"caption-attachment-46591\" class=\"wp-caption-text\">Movilizaci\u00f3n al Panal.<\/figcaption><\/figure>\n<p><strong>En el interior<\/strong><\/p>\n<p>Una concurrida asamblea se llev\u00f3 a cabo en el Hospital Regional de R\u00edo Cuarto. Las y los trabajadores reclamaron aumento salarial y rechazaron los aumentos de aportes de la APROSS, en l\u00ednea con la grilla de reclamos de la interhospitalaria de C\u00f3rdoba Capital.<\/p>\n<figure id=\"attachment_46594\" aria-describedby=\"caption-attachment-46594\" style=\"width: 628px\" class=\"wp-caption aligncenter\"><img loading=\"lazy\" decoding=\"async\" class=\"wp-image-46594\" src=\"https:\/\/atecordoba.org\/wp-content\/uploads\/2024\/11\/874713a4-bfeb-4052-bbd8-f20435dc3b47-1024x461.jpg\" alt=\"\" width=\"628\" height=\"283\" srcset=\"https:\/\/atecordoba.org\/wp-content\/uploads\/2024\/11\/874713a4-bfeb-4052-bbd8-f20435dc3b47-1024x461.jpg 1024w, https:\/\/atecordoba.org\/wp-content\/uploads\/2024\/11\/874713a4-bfeb-4052-bbd8-f20435dc3b47-300x135.jpg 300w, https:\/\/atecordoba.org\/wp-content\/uploads\/2024\/11\/874713a4-bfeb-4052-bbd8-f20435dc3b47-768x346.jpg 768w, https:\/\/atecordoba.org\/wp-content\/uploads\/2024\/11\/874713a4-bfeb-4052-bbd8-f20435dc3b47-750x338.jpg 750w, https:\/\/atecordoba.org\/wp-content\/uploads\/2024\/11\/874713a4-bfeb-4052-bbd8-f20435dc3b47-1140x513.jpg 1140w, https:\/\/atecordoba.org\/wp-content\/uploads\/2024\/11\/874713a4-bfeb-4052-bbd8-f20435dc3b47.jpg 1280w\" sizes=\"auto, (max-width: 628px) 100vw, 628px\" \/><figcaption id=\"caption-attachment-46594\" class=\"wp-caption-text\">Asamblea, Hospital Regional R\u00edo Cuarto.<\/figcaption><\/figure>\n<p>Por otro lado, otras asambleas se llevaron a cabo en los hospitales Mina Clavero y Villa Dolores.<\/p>\n<p>En Mina Clavero la Direcci\u00f3n del nosocomio inform\u00f3 que va a cerrar los servicios de ginecolog\u00eda y traumatolog\u00eda, trasladando a las y los profesionales a lugares tan distantes como Alta Gracia, al tiempo que privan a la poblaci\u00f3n del norte del Valle de Traslasierra de servicios esenciales para su salud.<\/p>\n<figure id=\"attachment_46593\" aria-describedby=\"caption-attachment-46593\" style=\"width: 626px\" class=\"wp-caption aligncenter\"><img loading=\"lazy\" decoding=\"async\" class=\"wp-image-46593 \" src=\"https:\/\/atecordoba.org\/wp-content\/uploads\/2024\/11\/WhatsApp-Image-2024-11-20-at-12.49.20-1024x576.jpg\" alt=\"\" width=\"626\" height=\"352\" srcset=\"https:\/\/atecordoba.org\/wp-content\/uploads\/2024\/11\/WhatsApp-Image-2024-11-20-at-12.49.20-1024x576.jpg 1024w, https:\/\/atecordoba.org\/wp-content\/uploads\/2024\/11\/WhatsApp-Image-2024-11-20-at-12.49.20-300x169.jpg 300w, https:\/\/atecordoba.org\/wp-content\/uploads\/2024\/11\/WhatsApp-Image-2024-11-20-at-12.49.20-768x432.jpg 768w, https:\/\/atecordoba.org\/wp-content\/uploads\/2024\/11\/WhatsApp-Image-2024-11-20-at-12.49.20-1536x864.jpg 1536w, https:\/\/atecordoba.org\/wp-content\/uploads\/2024\/11\/WhatsApp-Image-2024-11-20-at-12.49.20-750x422.jpg 750w, https:\/\/atecordoba.org\/wp-content\/uploads\/2024\/11\/WhatsApp-Image-2024-11-20-at-12.49.20-1140x641.jpg 1140w, https:\/\/atecordoba.org\/wp-content\/uploads\/2024\/11\/WhatsApp-Image-2024-11-20-at-12.49.20.jpg 1599w\" sizes=\"auto, (max-width: 626px) 100vw, 626px\" \/><figcaption id=\"caption-attachment-46593\" class=\"wp-caption-text\">Hospital Villa Dolores.<\/figcaption><\/figure>\n<p>En consecuencia, las y los trabajadores del centro de salud realizar\u00e1n una movilizaci\u00f3n frente al hospital a las 18 horas y luego movilizarse hasta la rotonda de ingreso a Mina Clavero, para expresar su repudio a las medidas anunciadas, que suma al pedido de recomposici\u00f3n salarial y\u00a0 al rechazo de los aumentos de los aportes a la APROSS, seg\u00fan explic\u00f3 la delegada de ATE, Milagros Sozzi.<\/p>\n<p><img loading=\"lazy\" decoding=\"async\" class=\"aligncenter wp-image-46596 size-large\" src=\"https:\/\/atecordoba.org\/wp-content\/uploads\/2024\/11\/WhatsApp-Image-2024-11-20-at-12.50.33-576x1024.jpeg\" alt=\"\" width=\"576\" height=\"1024\" srcset=\"https:\/\/atecordoba.org\/wp-content\/uploads\/2024\/11\/WhatsApp-Image-2024-11-20-at-12.50.33-576x1024.jpeg 576w, https:\/\/atecordoba.org\/wp-content\/uploads\/2024\/11\/WhatsApp-Image-2024-11-20-at-12.50.33-169x300.jpeg 169w, https:\/\/atecordoba.org\/wp-content\/uploads\/2024\/11\/WhatsApp-Image-2024-11-20-at-12.50.33.jpeg 720w\" sizes=\"auto, (max-width: 576px) 100vw, 576px\" \/><\/p>\n","protected":false},"excerpt":{"rendered":"<p>En el marco de la jornada de lucha dispuesta por el frente interhospitalario de la provincia, hoy se realiz\u00f3 una movilizaci\u00f3n a Casa de Gobierno en reclamo de una verdadera recomposici\u00f3n salarial, que recupere los haberes disminuidos por la inflaci\u00f3n y los exorbitantes aumentos de servicios, alimentaci\u00f3n, transporte y alquileres, entre otros rubros, que tienen [&hellip;]<\/p>\n","protected":false},"author":7,"featured_media":46590,"comment_status":"open","ping_status":"open","sticky":false,"template":"","format":"standard","meta":{"_exactmetrics_skip_tracking":false,"_exactmetrics_sitenote_active":false,"_exactmetrics_sitenote_note":"","_exactmetrics_sitenote_category":0,"jnews-multi-image_gallery":[],"jnews_single_post":{"format":"standard","override":[{"template":"1","parallax":"1","fullscreen":"1","layout":"no-sidebar-narrow","sidebar":"default-sidebar","second_sidebar":"default-sidebar","sticky_sidebar":"1","share_position":"bottom","share_float_style":"share-monocrhome","show_share_counter":"1","show_view_counter":"1","show_post_meta":"1","show_post_author_image":"1","show_post_date":"1","post_date_format":"default","post_date_format_custom":"Y\/m\/d","show_post_category":"1","show_post_reading_time":"0","post_reading_time_wpm":"300","post_calculate_word_method":"str_word_count","show_zoom_button":"0","zoom_button_out_step":"2","zoom_button_in_step":"3","show_post_tag":"1","number_popup_post":"1","show_post_related":"1","show_inline_post_related":"0"}],"image_override":[{"single_post_thumbnail_size":"crop-500","single_post_gallery_size":"crop-500"}],"trending_post_position":"meta","trending_post_label":"Trending","sponsored_post_label":"Sponsored by","disable_ad":"0"},"jnews_primary_category":[],"jnews_social_meta":[],"jnews_review":[],"enable_review":"","type":"percentage","name":"","summary":"","brand":"","sku":"","good":[],"bad":[],"score_override":"","override_value":"","rating":[],"price":[],"jnews_override_counter":{"view_counter_number":"0","share_counter_number":"0","like_counter_number":"0","dislike_counter_number":"0"},"jnews_post_split":{"post_split":[{"template":"1","tag":"h2","numbering":"asc","mode":"normal","first":"0","enable_toc":"0","toc_type":"normal"}]},"footnotes":""},"categories":[8],"tags":[725,26,395,385,1160,1414],"class_list":["post-46588","post","type-post","status-publish","format-standard","has-post-thumbnail","hentry","category-provinciales","tag-asambleas-hospitales","tag-ate","tag-ate-cordoba","tag-aumento-salarial","tag-cordoba-2","tag-hospitales-cordoba"],"jetpack_featured_media_url":"https:\/\/atecordoba.org\/wp-content\/uploads\/2024\/11\/WhatsApp-Image-2024-11-20-at-13.08.33-e1732125215580.jpeg","_links":{"self":[{"href":"https:\/\/atecordoba.org\/index.php?rest_route=\/wp\/v2\/posts\/46588","targetHints":{"allow":["GET"]}}],"collection":[{"href":"https:\/\/atecordoba.org\/index.php?rest_route=\/wp\/v2\/posts"}],"about":[{"href":"https:\/\/atecordoba.org\/index.php?rest_route=\/wp\/v2\/types\/post"}],"author":[{"embeddable":true,"href":"https:\/\/atecordoba.org\/index.php?rest_route=\/wp\/v2\/users\/7"}],"replies":[{"embeddable":true,"href":"https:\/\/atecordoba.org\/index.php?rest_route=%2Fwp%2Fv2%2Fcomments&post=46588"}],"version-history":[{"count":4,"href":"https:\/\/atecordoba.org\/index.php?rest_route=\/wp\/v2\/posts\/46588\/revisions"}],"predecessor-version":[{"id":46599,"href":"https:\/\/atecordoba.org\/index.php?rest_route=\/wp\/v2\/posts\/46588\/revisions\/46599"}],"wp:featuredmedia":[{"embeddable":true,"href":"https:\/\/atecordoba.org\/index.php?rest_route=\/wp\/v2\/media\/46590"}],"wp:attachment":[{"href":"https:\/\/atecordoba.org\/index.php?rest_route=%2Fwp%2Fv2%2Fmedia&parent=46588"}],"wp:term":[{"taxonomy":"category","embeddable":true,"href":"https:\/\/atecordoba.org\/index.php?rest_route=%2Fwp%2Fv2%2Fcategories&post=46588"},{"taxonomy":"post_tag","embeddable":true,"href":"https:\/\/atecordoba.org\/index.php?rest_route=%2Fwp%2Fv2%2Ftags&post=46588"}],"curies":[{"name":"wp","href":"https:\/\/api.w.org\/{rel}","templated":true}]}}