{"id":4658,"date":"2014-10-28T18:02:35","date_gmt":"2014-10-28T21:02:35","guid":{"rendered":"http:\/\/www.atecordoba.org\/?p=4658"},"modified":"2014-10-28T18:02:35","modified_gmt":"2014-10-28T21:02:35","slug":"hospitales-del-polo-sanitario-realizaron-un-corte-de-calle-en-rechazo-al-bono-provincial","status":"publish","type":"post","link":"https:\/\/atecordoba.org\/?p=4658","title":{"rendered":"Hospitales del Polo Sanitario realizaron un corte de calle en rechazo al bono provincial"},"content":{"rendered":"<p><em>Delegados y activistas de ATE de los hospitales del Polo Sanitario realizaron hoy un corte de calle en la Bajada Pucar\u00e1. Rechazaron el bono provincial por \u00fanica vez y reclamaron una recomposici\u00f3n que se incorpore al salario b\u00e1sico. El Tr\u00e1nsito C\u00e1ceres paraliz\u00f3 la atenci\u00f3n durante la ma\u00f1ana y tambi\u00e9n realiz\u00f3 un corte frente al nosocomio.<\/em><\/p>\n<p><em>\u00a0<\/em><\/p>\n<p><a href=\"http:\/\/www.atecordoba.org\/wp-content\/uploads\/2014\/10\/polo-sanitario-28-10.jpg\"><img loading=\"lazy\" decoding=\"async\" class=\"aligncenter  wp-image-4660\" src=\"http:\/\/www.atecordoba.org\/wp-content\/uploads\/2014\/10\/polo-sanitario-28-10.jpg\" alt=\"polo sanitario 28-10\" width=\"450\" height=\"337\" \/><\/a><\/p>\n<p>Los compa\u00f1eros comenzaron a concentrarse a partir de las 10 horas, provenientes de los distintos centros de salud que se encuentran en el Polos Sanitario y realizaron un corte de calle sobre la Bajada Pucar\u00e1, movilizaci\u00f3n inserta en el plan de lucha, con estado de alerta y movilizaci\u00f3n, que ATE lanz\u00f3 hace ya dos meses.<\/p>\n<p>De esta forma, los representantes de las distintas asambleas expresaron su rechazo al \u2018bono por \u00fanica vez\u2019 que el gobierno otorgar\u00e1 como paliativo para afrontar las fiestas de fin de a\u00f1o. Los trabajadores reclaman una recomposici\u00f3n que se incorpore al salario b\u00e1sico, al igual que los \u00edtems que impactar\u00edan en la antig\u00fcedad y el t\u00edtulo.<\/p>\n<p>A su vez, se mantiene la solicitud de pase a planta del personal precarizado bajo las distintas modalidades de fraude laboral, como contratos a plazo fijo y monotributos.<\/p>\n<p>\u201cDesde las reuniones que mantuvimos con los ministros del gobierno en febrero y marzo que venimos expresando la necesidad de que la administraci\u00f3n realice el pase a planta de la gran cantidad de personal que ve menoscabado su derecho a la estabilidad laboral\u201d, remarco a los medios presentes el secretario de Prensa de ATE C\u00f3rdoba, Daniel Pawluchuzk.<\/p>\n<p>Desde las primeras horas del d\u00eda, la asamblea del hospital Misericordia hab\u00eda paralizado la atenci\u00f3n, garantizando s\u00f3lo las urgencias y emergencias que ingresaron por guardia.<\/p>\n<p>Con posterioridad a la concentraci\u00f3n, los delegados se trasladaron a la sede de nuestro gremio para realizar un plenario donde se resolver\u00e1n los pasos a seguir.<\/p>\n<p>&nbsp;<\/p>\n<h3>El Tr\u00e1nsito calent\u00f3 la ma\u00f1ana<\/h3>\n<p><a href=\"http:\/\/www.atecordoba.org\/wp-content\/uploads\/2014\/10\/para-web-e1414530066257.png\"><img loading=\"lazy\" decoding=\"async\" class=\"aligncenter  wp-image-4659\" src=\"http:\/\/www.atecordoba.org\/wp-content\/uploads\/2014\/10\/para-web-e1414530066257.png\" alt=\"para web\" width=\"452\" height=\"293\" \/><\/a><\/p>\n<p>A su vez, los trabajadores del hospital Tr\u00e1nsito C\u00e1ceres de Allende iniciaron una asamblea a las 7 de la ma\u00f1ana para sostener el mismo reclamo que en la Bajada Pucar\u00e1: cualquier bono debe ser incorporado al salario b\u00e1sico. Los compa\u00f1eros realizaron la asamblea en el frente del centro de salud y paralizaron la actividad en el turnero, los quir\u00f3fanos, el archivo, el laboratorio y parte de los consultorios externos. Despu\u00e9s, realizaron un corte de calle en el ingreso del nosocomio que se extendi\u00f3 por una hora.<\/p>\n<p>Para ma\u00f1ana est\u00e1 previsto que contin\u00fae el estado de asamblea desde las 7 y hasta las 12 horas. En el transcurso de la ma\u00f1ana los compa\u00f1eros evaluar\u00e1n si llevan a cabo tambi\u00e9n otro corte de calle.<\/p>\n<p>&nbsp;<\/p>\n","protected":false},"excerpt":{"rendered":"<p>Delegados y activistas de ATE de los hospitales del Polo Sanitario realizaron hoy un corte de calle en la Bajada Pucar\u00e1. Rechazaron el bono provincial por \u00fanica vez y reclamaron una recomposici\u00f3n que se incorpore al salario b\u00e1sico. El Tr\u00e1nsito C\u00e1ceres paraliz\u00f3 la atenci\u00f3n durante la ma\u00f1ana y tambi\u00e9n realiz\u00f3 un corte frente al nosocomio. [&hellip;]<\/p>\n","protected":false},"author":1,"featured_media":19220,"comment_status":"open","ping_status":"open","sticky":false,"template":"","format":"standard","meta":{"_exactmetrics_skip_tracking":false,"_exactmetrics_sitenote_active":false,"_exactmetrics_sitenote_note":"","_exactmetrics_sitenote_category":0,"jnews-multi-image_gallery":[],"jnews_single_post":[],"jnews_primary_category":[],"jnews_social_meta":[],"jnews_review":[],"enable_review":"","type":"","name":"","summary":"","brand":"","sku":"","good":[],"bad":[],"score_override":"","override_value":"","rating":[],"price":[],"jnews_override_counter":[],"jnews_post_split":[],"footnotes":""},"categories":[7,8],"tags":[],"class_list":["post-4658","post","type-post","status-publish","format-standard","has-post-thumbnail","hentry","category-hospitales","category-provinciales"],"jetpack_featured_media_url":"https:\/\/atecordoba.org\/wp-content\/uploads\/2020\/05\/logo-nuevochico-e1561581322808.png","_links":{"self":[{"href":"https:\/\/atecordoba.org\/index.php?rest_route=\/wp\/v2\/posts\/4658","targetHints":{"allow":["GET"]}}],"collection":[{"href":"https:\/\/atecordoba.org\/index.php?rest_route=\/wp\/v2\/posts"}],"about":[{"href":"https:\/\/atecordoba.org\/index.php?rest_route=\/wp\/v2\/types\/post"}],"author":[{"embeddable":true,"href":"https:\/\/atecordoba.org\/index.php?rest_route=\/wp\/v2\/users\/1"}],"replies":[{"embeddable":true,"href":"https:\/\/atecordoba.org\/index.php?rest_route=%2Fwp%2Fv2%2Fcomments&post=4658"}],"version-history":[{"count":0,"href":"https:\/\/atecordoba.org\/index.php?rest_route=\/wp\/v2\/posts\/4658\/revisions"}],"wp:featuredmedia":[{"embeddable":true,"href":"https:\/\/atecordoba.org\/index.php?rest_route=\/wp\/v2\/media\/19220"}],"wp:attachment":[{"href":"https:\/\/atecordoba.org\/index.php?rest_route=%2Fwp%2Fv2%2Fmedia&parent=4658"}],"wp:term":[{"taxonomy":"category","embeddable":true,"href":"https:\/\/atecordoba.org\/index.php?rest_route=%2Fwp%2Fv2%2Fcategories&post=4658"},{"taxonomy":"post_tag","embeddable":true,"href":"https:\/\/atecordoba.org\/index.php?rest_route=%2Fwp%2Fv2%2Ftags&post=4658"}],"curies":[{"name":"wp","href":"https:\/\/api.w.org\/{rel}","templated":true}]}}