{"id":46578,"date":"2024-11-20T13:43:21","date_gmt":"2024-11-20T16:43:21","guid":{"rendered":"https:\/\/atecordoba.org\/?p=46578"},"modified":"2024-11-20T13:59:47","modified_gmt":"2024-11-20T16:59:47","slug":"dia-de-la-soberania-movilizacion-y-corte-frente-a-ffmm-villa-maria","status":"publish","type":"post","link":"https:\/\/atecordoba.org\/?p=46578","title":{"rendered":"D\u00eda de la Soberan\u00eda: movilizaci\u00f3n y corte frente a FFMM Villa Mar\u00eda"},"content":{"rendered":"<p><img loading=\"lazy\" decoding=\"async\" class=\"aligncenter wp-image-46579 size-full\" src=\"https:\/\/atecordoba.org\/wp-content\/uploads\/2024\/11\/Captura-de-pantalla-2024-11-20-133841.png\" alt=\"\" width=\"631\" height=\"533\" \/>En el D\u00eda de la Soberan\u00eda, el Consejo Directivo Provincial llev\u00f3 adelante una jornada provincial de lucha, llevando a la ruta el conflicto desatado en FFMM, con una movilizaci\u00f3n y corte frente al ingreso de la F\u00e1brica Militar de P\u00f3lvora y Explosivos ubicada en Villa Mar\u00eda, sobre la ruta provincial N\u00ba 2.<\/p>\n<p>La marcha se realiz\u00f3 conjuntamente con el Sindicato de Petroqu\u00edmicos de R\u00edo Tercero, que se hicieron presentes de forma solidaria para acompa\u00f1ar el plan de lucha de ATE C\u00f3rdoba y la CTA Aut\u00f3noma, mientras resiste 125 despidos de la Petroqu\u00edmica R\u00edo Tercero.<img loading=\"lazy\" decoding=\"async\" class=\"aligncenter wp-image-46580 \" src=\"https:\/\/atecordoba.org\/wp-content\/uploads\/2024\/11\/Captura-de-pantalla-2024-11-20-133232.png\" alt=\"\" width=\"617\" height=\"432\" srcset=\"https:\/\/atecordoba.org\/wp-content\/uploads\/2024\/11\/Captura-de-pantalla-2024-11-20-133232.png 691w, https:\/\/atecordoba.org\/wp-content\/uploads\/2024\/11\/Captura-de-pantalla-2024-11-20-133232-300x210.png 300w\" sizes=\"auto, (max-width: 617px) 100vw, 617px\" \/><\/p>\n<p>La ma\u00f1ana se vio entorpecida por<a href=\"https:\/\/atecordoba.org\/?p=46574\"> la descomunal presencia de la Gendarmer\u00eda sobre la autopista 9<\/a> a la altura de Villa Mar\u00eda, que intent\u00f3 amedrentar a las y los compa\u00f1eros presentes con un lote de 200 efectivos y tres carros hidrantes, dando cuenta que para Milei y Bullrich si hay plata, pero para la represi\u00f3n, no para salarios.<\/p>\n<p>\u201cNo solo defendemos la presencia de las f\u00e1bricas que contribuyen al sistema de producci\u00f3n para la defensa, no solo repudiamos los despidos en Petroqu\u00edmica, sino que nos ponemos a la vanguardia en la lucha por la consigna \u201cla patria no se vende, la patria se defiende\u201d. Movilizaci\u00f3n en la ruta provincial N\u00ba2, para interrumpir el tr\u00e1nsito en Villa Mar\u00eda y decirle a Milei \u2018basta de ajuste!\u2019\u201d, dijo el secretario General de ATE, Federico Giuliani, durante el acto. <img loading=\"lazy\" decoding=\"async\" class=\"aligncenter wp-image-46581 size-full\" src=\"https:\/\/atecordoba.org\/wp-content\/uploads\/2024\/11\/Captura-de-pantalla-2024-11-20-133419.png\" alt=\"\" width=\"592\" height=\"471\" srcset=\"https:\/\/atecordoba.org\/wp-content\/uploads\/2024\/11\/Captura-de-pantalla-2024-11-20-133419.png 592w, https:\/\/atecordoba.org\/wp-content\/uploads\/2024\/11\/Captura-de-pantalla-2024-11-20-133419-300x239.png 300w\" sizes=\"auto, (max-width: 592px) 100vw, 592px\" \/><\/p>\n<p>El dirigente fustig\u00f3 \u201ca esa dirigencia dormida que ha entregado los intereses de la clase hace rato, le decimos que la realidad no se va a cambiar ni con el di\u00e1logo ni presentando notas por mesa de entrada en los distintos ministerios. Vamos a cambiar la realidad cuando construyamos la correlaci\u00f3n de fuerzas desde abajo hacia arriba, desde la periferia al centro, desde la provincias hacia la Capital Federal para dar vuelta la tortilla hasta que se vaya Javier Milei de la Rosada\u201d.<\/p>\n<p>Y adelant\u00f3 que a la CGT \u201cque los sindicatos combativos calentamos los motores el pr\u00f3ximo 5 de diciembre para construir un paro general que termine de voltear al gobierno de Javier Milei\u201d.<img loading=\"lazy\" decoding=\"async\" class=\"aligncenter wp-image-46582 size-full\" src=\"https:\/\/atecordoba.org\/wp-content\/uploads\/2024\/11\/Captura-de-pantalla-2024-11-20-133507.png\" alt=\"\" width=\"604\" height=\"471\" srcset=\"https:\/\/atecordoba.org\/wp-content\/uploads\/2024\/11\/Captura-de-pantalla-2024-11-20-133507.png 604w, https:\/\/atecordoba.org\/wp-content\/uploads\/2024\/11\/Captura-de-pantalla-2024-11-20-133507-300x234.png 300w\" sizes=\"auto, (max-width: 604px) 100vw, 604px\" \/><\/p>\n<p><strong>Construir la fuerza<\/strong><\/p>\n<p>Giuliani destac\u00f3 que \u201cen momentos tan dif\u00edciles es la solidaridad del movimiento obrero y la clase trabajadora que nos permite entender que el norte es la lucha colectiva. Nadie se va a salvar solo, o nos salvamos todos o la crisis va a pegar de lleno en el pueblo trabajador. Por eso es importante resaltar, sin mezquindades, ni personalismos ni sectarismo, que la lucha es una sola\u201d.<img loading=\"lazy\" decoding=\"async\" class=\"aligncenter wp-image-46583 size-full\" src=\"https:\/\/atecordoba.org\/wp-content\/uploads\/2024\/11\/Captura-de-pantalla-2024-11-20-133744.png\" alt=\"\" width=\"592\" height=\"559\" srcset=\"https:\/\/atecordoba.org\/wp-content\/uploads\/2024\/11\/Captura-de-pantalla-2024-11-20-133744.png 592w, https:\/\/atecordoba.org\/wp-content\/uploads\/2024\/11\/Captura-de-pantalla-2024-11-20-133744-300x283.png 300w\" sizes=\"auto, (max-width: 592px) 100vw, 592px\" \/><\/p>\n<p>\u201cLos trabajadores privados y los estatales nacionales, provinciales y municipales; la de los universitarios que est\u00e1n en lucha hace rato por una universidad libre, gratuita y popular; tambi\u00e9n la unidad m\u00e1xima con esas compa\u00f1eras de las barriadas populares que sostienen la lucha contra el hambre, a partir del amor a nuestros pibes y nuestras pibas\u201d, concluy\u00f3.<\/p>\n","protected":false},"excerpt":{"rendered":"<p>En el D\u00eda de la Soberan\u00eda, el Consejo Directivo Provincial llev\u00f3 adelante una jornada provincial de lucha, llevando a la ruta el conflicto desatado en FFMM, con una movilizaci\u00f3n y corte frente al ingreso de la F\u00e1brica Militar de P\u00f3lvora y Explosivos ubicada en Villa Mar\u00eda, sobre la ruta provincial N\u00ba 2. La marcha se [&hellip;]<\/p>\n","protected":false},"author":7,"featured_media":46581,"comment_status":"open","ping_status":"open","sticky":false,"template":"","format":"standard","meta":{"_exactmetrics_skip_tracking":false,"_exactmetrics_sitenote_active":false,"_exactmetrics_sitenote_note":"","_exactmetrics_sitenote_category":0,"jnews-multi-image_gallery":[],"jnews_single_post":{"format":"standard","override":[{"template":"1","parallax":"1","fullscreen":"1","layout":"no-sidebar-narrow","sidebar":"default-sidebar","second_sidebar":"default-sidebar","sticky_sidebar":"1","share_position":"bottom","share_float_style":"share-monocrhome","show_share_counter":"1","show_view_counter":"1","show_post_meta":"1","show_post_author_image":"1","show_post_date":"1","post_date_format":"default","post_date_format_custom":"Y\/m\/d","show_post_category":"1","show_post_reading_time":"0","post_reading_time_wpm":"300","post_calculate_word_method":"str_word_count","show_zoom_button":"0","zoom_button_out_step":"2","zoom_button_in_step":"3","show_post_tag":"1","number_popup_post":"1","show_post_related":"1","show_inline_post_related":"0"}],"image_override":[{"single_post_thumbnail_size":"crop-500","single_post_gallery_size":"crop-500"}],"trending_post_position":"meta","trending_post_label":"Trending","sponsored_post_label":"Sponsored by","disable_ad":"0"},"jnews_primary_category":[],"jnews_social_meta":[],"jnews_review":[],"enable_review":"","type":"percentage","name":"","summary":"","brand":"","sku":"","good":[],"bad":[],"score_override":"","override_value":"","rating":[],"price":[],"jnews_override_counter":{"view_counter_number":"0","share_counter_number":"0","like_counter_number":"0","dislike_counter_number":"0"},"jnews_post_split":{"post_split":[{"template":"1","tag":"h2","numbering":"asc","mode":"normal","first":"0","enable_toc":"0","toc_type":"normal"}]},"footnotes":""},"categories":[341],"tags":[703],"class_list":["post-46578","post","type-post","status-publish","format-standard","has-post-thumbnail","hentry","category-cdp","tag-ffmm"],"jetpack_featured_media_url":"https:\/\/atecordoba.org\/wp-content\/uploads\/2024\/11\/Captura-de-pantalla-2024-11-20-133419.png","_links":{"self":[{"href":"https:\/\/atecordoba.org\/index.php?rest_route=\/wp\/v2\/posts\/46578","targetHints":{"allow":["GET"]}}],"collection":[{"href":"https:\/\/atecordoba.org\/index.php?rest_route=\/wp\/v2\/posts"}],"about":[{"href":"https:\/\/atecordoba.org\/index.php?rest_route=\/wp\/v2\/types\/post"}],"author":[{"embeddable":true,"href":"https:\/\/atecordoba.org\/index.php?rest_route=\/wp\/v2\/users\/7"}],"replies":[{"embeddable":true,"href":"https:\/\/atecordoba.org\/index.php?rest_route=%2Fwp%2Fv2%2Fcomments&post=46578"}],"version-history":[{"count":2,"href":"https:\/\/atecordoba.org\/index.php?rest_route=\/wp\/v2\/posts\/46578\/revisions"}],"predecessor-version":[{"id":46585,"href":"https:\/\/atecordoba.org\/index.php?rest_route=\/wp\/v2\/posts\/46578\/revisions\/46585"}],"wp:featuredmedia":[{"embeddable":true,"href":"https:\/\/atecordoba.org\/index.php?rest_route=\/wp\/v2\/media\/46581"}],"wp:attachment":[{"href":"https:\/\/atecordoba.org\/index.php?rest_route=%2Fwp%2Fv2%2Fmedia&parent=46578"}],"wp:term":[{"taxonomy":"category","embeddable":true,"href":"https:\/\/atecordoba.org\/index.php?rest_route=%2Fwp%2Fv2%2Fcategories&post=46578"},{"taxonomy":"post_tag","embeddable":true,"href":"https:\/\/atecordoba.org\/index.php?rest_route=%2Fwp%2Fv2%2Ftags&post=46578"}],"curies":[{"name":"wp","href":"https:\/\/api.w.org\/{rel}","templated":true}]}}