{"id":46574,"date":"2024-11-20T10:46:40","date_gmt":"2024-11-20T13:46:40","guid":{"rendered":"https:\/\/atecordoba.org\/?p=46574"},"modified":"2024-11-20T10:46:40","modified_gmt":"2024-11-20T13:46:40","slug":"vaciamiento-de-ffmm-el-gobierno-de-milei-tiene-plata-para-reprimir","status":"publish","type":"post","link":"https:\/\/atecordoba.org\/?p=46574","title":{"rendered":"Vaciamiento de FFMM: el gobierno de Milei tiene plata, para reprimir"},"content":{"rendered":"<p><img loading=\"lazy\" decoding=\"async\" class=\"aligncenter wp-image-46575 \" src=\"https:\/\/atecordoba.org\/wp-content\/uploads\/2024\/11\/gendarmeria.jpg\" alt=\"\" width=\"613\" height=\"345\" \/>El Consejo Directivo Provincial repudia el descomunal operativo represivo del Gobierno de Milei, puesto en marcha por el Ministerio de Seguridad de la Naci\u00f3n, para impedir la leg\u00edtima protesta de las y los trabajadores de las F\u00e1bricas Militares de Villa Mar\u00eda y R\u00edo Tercero, en el marco del conflicto por el vaciamiento de la Direcci\u00f3n General de Fabricaciones Militares y su clara intenci\u00f3n de rematar las plantas fabriles.<\/p>\n<p>La Gendarmer\u00eda moviliz\u00f3 200 efectivo y tres carros hidrantes, dando cuenta que plata hay pero que el gobierno la utiliza para reprimir, en vez de destinar los fondos p\u00fablicos para salarios, obra p\u00fablica y asistencia a la poblaci\u00f3n sumida en la pobreza.<\/p>\n<p>El operativo represivo se despleg\u00f3 esta ma\u00f1ana ante el anunci\u00f3 de ATE C\u00f3rdoba de homenajear el D\u00eda de la Soberan\u00eda, con un acto en defensa del sistema de producci\u00f3n para la defensa y las f\u00e1bricas militares.<\/p>\n<p>Ahora, expuesta la maniobra represiva oficial, ATE realizar\u00e1 un acto frente a la F\u00e1brica Militar de P\u00f3lvora y Explosivos de Villa Mar\u00eda.<\/p>\n<p>&nbsp;<\/p>\n","protected":false},"excerpt":{"rendered":"<p>El Consejo Directivo Provincial repudia el descomunal operativo represivo del Gobierno de Milei, puesto en marcha por el Ministerio de Seguridad de la Naci\u00f3n, para impedir la leg\u00edtima protesta de las y los trabajadores de las F\u00e1bricas Militares de Villa Mar\u00eda y R\u00edo Tercero, en el marco del conflicto por el vaciamiento de la Direcci\u00f3n [&hellip;]<\/p>\n","protected":false},"author":7,"featured_media":46575,"comment_status":"open","ping_status":"open","sticky":false,"template":"","format":"standard","meta":{"_exactmetrics_skip_tracking":false,"_exactmetrics_sitenote_active":false,"_exactmetrics_sitenote_note":"","_exactmetrics_sitenote_category":0,"jnews-multi-image_gallery":[],"jnews_single_post":{"format":"standard","override":[{"template":"1","parallax":"1","fullscreen":"1","layout":"no-sidebar-narrow","sidebar":"default-sidebar","second_sidebar":"default-sidebar","sticky_sidebar":"1","share_position":"bottom","share_float_style":"share-monocrhome","show_share_counter":"1","show_view_counter":"1","show_post_meta":"1","show_post_author_image":"1","show_post_date":"1","post_date_format":"default","post_date_format_custom":"Y\/m\/d","show_post_category":"1","show_post_reading_time":"0","post_reading_time_wpm":"300","post_calculate_word_method":"str_word_count","show_zoom_button":"0","zoom_button_out_step":"2","zoom_button_in_step":"3","show_post_tag":"1","number_popup_post":"1","show_post_related":"1","show_inline_post_related":"0"}],"image_override":[{"single_post_thumbnail_size":"crop-500","single_post_gallery_size":"crop-500"}],"trending_post_position":"meta","trending_post_label":"Trending","sponsored_post_label":"Sponsored by","disable_ad":"0"},"jnews_primary_category":[],"jnews_social_meta":[],"jnews_review":[],"enable_review":"","type":"percentage","name":"","summary":"","brand":"","sku":"","good":[],"bad":[],"score_override":"","override_value":"","rating":[],"price":[],"jnews_override_counter":{"view_counter_number":"0","share_counter_number":"0","like_counter_number":"0","dislike_counter_number":"0"},"jnews_post_split":{"post_split":[{"template":"1","tag":"h2","numbering":"asc","mode":"normal","first":"0","enable_toc":"0","toc_type":"normal"}]},"footnotes":""},"categories":[341],"tags":[395,1160,703,1417],"class_list":["post-46574","post","type-post","status-publish","format-standard","has-post-thumbnail","hentry","category-cdp","tag-ate-cordoba","tag-cordoba-2","tag-ffmm","tag-gendarmeria"],"jetpack_featured_media_url":"https:\/\/atecordoba.org\/wp-content\/uploads\/2024\/11\/gendarmeria-e1732110370135.jpg","_links":{"self":[{"href":"https:\/\/atecordoba.org\/index.php?rest_route=\/wp\/v2\/posts\/46574","targetHints":{"allow":["GET"]}}],"collection":[{"href":"https:\/\/atecordoba.org\/index.php?rest_route=\/wp\/v2\/posts"}],"about":[{"href":"https:\/\/atecordoba.org\/index.php?rest_route=\/wp\/v2\/types\/post"}],"author":[{"embeddable":true,"href":"https:\/\/atecordoba.org\/index.php?rest_route=\/wp\/v2\/users\/7"}],"replies":[{"embeddable":true,"href":"https:\/\/atecordoba.org\/index.php?rest_route=%2Fwp%2Fv2%2Fcomments&post=46574"}],"version-history":[{"count":1,"href":"https:\/\/atecordoba.org\/index.php?rest_route=\/wp\/v2\/posts\/46574\/revisions"}],"predecessor-version":[{"id":46576,"href":"https:\/\/atecordoba.org\/index.php?rest_route=\/wp\/v2\/posts\/46574\/revisions\/46576"}],"wp:featuredmedia":[{"embeddable":true,"href":"https:\/\/atecordoba.org\/index.php?rest_route=\/wp\/v2\/media\/46575"}],"wp:attachment":[{"href":"https:\/\/atecordoba.org\/index.php?rest_route=%2Fwp%2Fv2%2Fmedia&parent=46574"}],"wp:term":[{"taxonomy":"category","embeddable":true,"href":"https:\/\/atecordoba.org\/index.php?rest_route=%2Fwp%2Fv2%2Fcategories&post=46574"},{"taxonomy":"post_tag","embeddable":true,"href":"https:\/\/atecordoba.org\/index.php?rest_route=%2Fwp%2Fv2%2Ftags&post=46574"}],"curies":[{"name":"wp","href":"https:\/\/api.w.org\/{rel}","templated":true}]}}