{"id":46563,"date":"2024-11-19T15:08:27","date_gmt":"2024-11-19T18:08:27","guid":{"rendered":"https:\/\/atecordoba.org\/?p=46563"},"modified":"2024-11-20T09:33:48","modified_gmt":"2024-11-20T12:33:48","slug":"reunion-nacional-en-cordoba-de-la-junta-interna-de-ate-trabajo-nos-vamos-a-salvar-todos-juntos","status":"publish","type":"post","link":"https:\/\/atecordoba.org\/?p=46563","title":{"rendered":"Reuni\u00f3n nacional en C\u00f3rdoba de la Junta Interna de ATE Trabajo: &#8220;nos vamos a salvar todos juntos&#8221;"},"content":{"rendered":"<p><img loading=\"lazy\" decoding=\"async\" class=\"aligncenter wp-image-46566 \" src=\"https:\/\/atecordoba.org\/wp-content\/uploads\/2024\/11\/WhatsApp-Image-2024-11-19-at-14.58.09-1024x769.jpeg\" alt=\"\" width=\"577\" height=\"433\" \/><\/p>\n<p>Hoy arranc\u00f3 el encuentro nacional de delegadas y delegados de ATE Trabajo, convocado por la Junta Interna de Capital Federal, con participaci\u00f3n de compa\u00f1eras y compa\u00f1eros de todo el pa\u00eds. La actividad cont\u00f3 con la participaci\u00f3n de Daniela Frencia y Hern\u00e1n Izurieta, integrantes de la Junta Interna, que dieron su perspectiva en esta entrevista sobre\u00a0cu\u00e1l es la situaci\u00f3n de las y los trabajadores de la actual Secretaria de Trabajo y cu\u00e1les son las perspectivas para los pr\u00f3ximos meses.<\/p>\n<p>&#8220;Estamos recibiendo un ataque sistem\u00e1tico del Gobierno Nacional sobre los puestos de trabajo, las condiciones laborales y la situaci\u00f3n salarial. Que va de la mano con el deterioro de las condiciones de vida de todo nuestro pueblo. Ante la necesidad de juntarnos con compa\u00f1eros de todo el pa\u00eds para poder pensar d\u00f3nde estamos parados y c\u00f3mo nos podemos organizar para enfrentar estas condiciones tan adversas, que el gobierno nacional viene llevando adelante&#8221;, explic\u00f3 Frencia.<\/p>\n<p><img loading=\"lazy\" decoding=\"async\" class=\"aligncenter wp-image-46567 \" src=\"https:\/\/atecordoba.org\/wp-content\/uploads\/2024\/11\/WhatsApp-Image-2024-11-19-at-14.58.12-1-1024x768.jpeg\" alt=\"\" width=\"629\" height=\"472\" srcset=\"https:\/\/atecordoba.org\/wp-content\/uploads\/2024\/11\/WhatsApp-Image-2024-11-19-at-14.58.12-1-1024x768.jpeg 1024w, https:\/\/atecordoba.org\/wp-content\/uploads\/2024\/11\/WhatsApp-Image-2024-11-19-at-14.58.12-1-300x225.jpeg 300w, https:\/\/atecordoba.org\/wp-content\/uploads\/2024\/11\/WhatsApp-Image-2024-11-19-at-14.58.12-1-768x576.jpeg 768w, https:\/\/atecordoba.org\/wp-content\/uploads\/2024\/11\/WhatsApp-Image-2024-11-19-at-14.58.12-1-1536x1152.jpeg 1536w, https:\/\/atecordoba.org\/wp-content\/uploads\/2024\/11\/WhatsApp-Image-2024-11-19-at-14.58.12-1-2048x1536.jpeg 2048w, https:\/\/atecordoba.org\/wp-content\/uploads\/2024\/11\/WhatsApp-Image-2024-11-19-at-14.58.12-1-750x563.jpeg 750w, https:\/\/atecordoba.org\/wp-content\/uploads\/2024\/11\/WhatsApp-Image-2024-11-19-at-14.58.12-1-1140x855.jpeg 1140w\" sizes=\"auto, (max-width: 629px) 100vw, 629px\" \/><\/p>\n<p><strong>\u00bfCu\u00e1les fueron los ejes del debate?<\/strong><\/p>\n<p>H.I.: el gobierno sigue profundizando su pol\u00edtica de desguace del Estado, no hay ninguna duda. Est\u00e1 implementando de manera cada vez m\u00e1s visible sus pol\u00edticas de persecuci\u00f3n antisindical, de hostigamiento a los trabajadores al tiempo que pretende golpear a los sindicatos que resistimos esas pol\u00edticas.<\/p>\n<p>El desguace se expresa en el repliegue del Estado nacional del territorio, por eso es muy importante promover encuentros en las provincias. Esta reuni\u00f3n en C\u00f3rdoba jerarquiza el rol del Estado nacional en las provincias y las agencias territoriales de nuestro organismo. Aporta tambi\u00e9n a encontrar mejores herramientas para resistir esta pol\u00edtica.<\/p>\n<p>Es un gobierno que viene con la intenci\u00f3n clara de destruir al Estado, de aplicar reformas estructurales a las relaciones laborales en favor de los empresarios, y en detrimento de los derechos conquistados por la clase trabajadora durante d\u00e9cadas, imponiendo una transferencia brutal de ingresos de la clase trabajadora a los sectores m\u00e1s concentrados. Est\u00e1n apostando a un control precario de la inflaci\u00f3n para apostar a la estabilidad pol\u00edtica, pero que tiene como consecuencia el empobrecimiento planificado de millones de trabajadoras y trabajadores de nuestro pa\u00eds. A esa pol\u00edtica enfrentamos y trataremos que desde nuestra organizaci\u00f3n aportemos en la medida de nuestra posibilidades a la resistencia general de nuestro pueblo.<img loading=\"lazy\" decoding=\"async\" class=\"aligncenter wp-image-46564 \" src=\"https:\/\/atecordoba.org\/wp-content\/uploads\/2024\/11\/20241119_123002-1024x768.jpg\" alt=\"\" width=\"626\" height=\"470\" srcset=\"https:\/\/atecordoba.org\/wp-content\/uploads\/2024\/11\/20241119_123002-1024x768.jpg 1024w, https:\/\/atecordoba.org\/wp-content\/uploads\/2024\/11\/20241119_123002-300x225.jpg 300w, https:\/\/atecordoba.org\/wp-content\/uploads\/2024\/11\/20241119_123002-768x576.jpg 768w, https:\/\/atecordoba.org\/wp-content\/uploads\/2024\/11\/20241119_123002-1536x1152.jpg 1536w, https:\/\/atecordoba.org\/wp-content\/uploads\/2024\/11\/20241119_123002-2048x1536.jpg 2048w, https:\/\/atecordoba.org\/wp-content\/uploads\/2024\/11\/20241119_123002-750x563.jpg 750w, https:\/\/atecordoba.org\/wp-content\/uploads\/2024\/11\/20241119_123002-1140x855.jpg 1140w\" sizes=\"auto, (max-width: 626px) 100vw, 626px\" \/><\/p>\n<p><strong>Trabajo es uno de los organismos con mayor capacidad de detectar la pol\u00edtica de Milei sobre ingresos y condiciones de trabajo. \u00bfQu\u00e9 lectura est\u00e1n haciendo?<\/strong><\/p>\n<p>D.F.: Todo el ataque que venimos sufriendo los estatales tiene que ver con la idea y la perspectiva pol\u00edtica del gobierno en relaci\u00f3n a las pol\u00edticas p\u00fablicas que representan nuestros puestos de trabajo. No se trata solo de despedir estatales para ahorrarse los sueldos sino para desarticular las pol\u00edticas p\u00fablicas que nuestro trabajo implica. El desarrollo territorial del Ministerio de Trabajo que el gobierno pretende reducir est\u00e1 relacionado con que quieren que el mercado laboral se regule solo y que el Estado se retire. Que no exista regulaci\u00f3n en materia salarial, en cuanto al trabajo no registrado, ni intervenci\u00f3n estatal para promover el empleo o generar mejores condiciones de empleabilidad para las poblaciones m\u00e1s desfavorecidas.<\/p>\n<p><img loading=\"lazy\" decoding=\"async\" class=\"aligncenter wp-image-46568 \" src=\"https:\/\/atecordoba.org\/wp-content\/uploads\/2024\/11\/WhatsApp-Image-2024-11-19-at-14.58.12-1024x769.jpeg\" alt=\"\" width=\"606\" height=\"455\" srcset=\"https:\/\/atecordoba.org\/wp-content\/uploads\/2024\/11\/WhatsApp-Image-2024-11-19-at-14.58.12-1024x769.jpeg 1024w, https:\/\/atecordoba.org\/wp-content\/uploads\/2024\/11\/WhatsApp-Image-2024-11-19-at-14.58.12-300x225.jpeg 300w, https:\/\/atecordoba.org\/wp-content\/uploads\/2024\/11\/WhatsApp-Image-2024-11-19-at-14.58.12-768x577.jpeg 768w, https:\/\/atecordoba.org\/wp-content\/uploads\/2024\/11\/WhatsApp-Image-2024-11-19-at-14.58.12-1536x1153.jpeg 1536w, https:\/\/atecordoba.org\/wp-content\/uploads\/2024\/11\/WhatsApp-Image-2024-11-19-at-14.58.12-2048x1537.jpeg 2048w, https:\/\/atecordoba.org\/wp-content\/uploads\/2024\/11\/WhatsApp-Image-2024-11-19-at-14.58.12-750x563.jpeg 750w, https:\/\/atecordoba.org\/wp-content\/uploads\/2024\/11\/WhatsApp-Image-2024-11-19-at-14.58.12-1140x856.jpeg 1140w\" sizes=\"auto, (max-width: 606px) 100vw, 606px\" \/><\/p>\n<p>Por eso la pol\u00edtica de despidos masivos, de deterioro salarial, es m\u00e1s que despedir a estatales sino que apuntar a desactivar la capacidad del Estado para cumplir esas funciones, que son las hist\u00f3ricas del Ministerio de Trabajo. El desarrollo del empleo, la formaci\u00f3n profesional de los trabajadores desocupados, el mejoramiento de las condiciones de trabajo de los que est\u00e1n empleados, la posibilidad de disputar mejores condiciones de trabajo y salariales son derechos conquistados que el gobierno ataca. Por eso pretende desguazar Trabajo, entre otros organismos.<\/p>\n<p><strong>\u00bfC\u00f3mo est\u00e1 la cobertura territorial del Ministerio de Trabajo actualmente?<\/strong><\/p>\n<p>H.I.: logramos en este contexto que la estructura del Ministerio de Trabajo sea sostenida en todo el territorio nacional, salvo situaciones muy particulares de agencias territoriales m\u00e1s recientes, como resultado de los conflictos que ATE fue desarrollando. Est\u00e1 claro que en un contexto tan dif\u00edcil toda victoria es relativa. Pero la estructura del organismo se sostiene con presencia de las agencias, que sufrieron despidos pero se mantiene lo fundamental de esa estructura.<img loading=\"lazy\" decoding=\"async\" class=\"aligncenter wp-image-46569 \" src=\"https:\/\/atecordoba.org\/wp-content\/uploads\/2024\/11\/WhatsApp-Image-2024-11-19-at-14.58.11-1024x769.jpeg\" alt=\"\" width=\"613\" height=\"460\" srcset=\"https:\/\/atecordoba.org\/wp-content\/uploads\/2024\/11\/WhatsApp-Image-2024-11-19-at-14.58.11-1024x769.jpeg 1024w, https:\/\/atecordoba.org\/wp-content\/uploads\/2024\/11\/WhatsApp-Image-2024-11-19-at-14.58.11-300x225.jpeg 300w, https:\/\/atecordoba.org\/wp-content\/uploads\/2024\/11\/WhatsApp-Image-2024-11-19-at-14.58.11-768x577.jpeg 768w, https:\/\/atecordoba.org\/wp-content\/uploads\/2024\/11\/WhatsApp-Image-2024-11-19-at-14.58.11-1536x1153.jpeg 1536w, https:\/\/atecordoba.org\/wp-content\/uploads\/2024\/11\/WhatsApp-Image-2024-11-19-at-14.58.11-2048x1537.jpeg 2048w, https:\/\/atecordoba.org\/wp-content\/uploads\/2024\/11\/WhatsApp-Image-2024-11-19-at-14.58.11-750x563.jpeg 750w, https:\/\/atecordoba.org\/wp-content\/uploads\/2024\/11\/WhatsApp-Image-2024-11-19-at-14.58.11-1140x856.jpeg 1140w\" sizes=\"auto, (max-width: 613px) 100vw, 613px\" \/><\/p>\n<p>Pero como el gobierno est\u00e1 barriendo todas las pol\u00edticas p\u00fablicas del Estado nacional en las provincias, nosotros no escapamos a esas tendencias. Debemos apuntalar la presencia de las agencias territoriales porque si no hay ejecuci\u00f3n de pol\u00edticas p\u00fablicas, que dependen de trabajo, empleo y seguridad social, la agencias territoriales pierden su raz\u00f3n de ser.<\/p>\n<p>De forma que nosotros defendemos puestos de trabajo vinculado a la defensa de las pol\u00edticas p\u00fablicas porque es la manera de conectar esas dos necesidades: la que apunta a concretar derechos sociales de nuestro pueblo, junto a los puestos de trabajo que hacen posibles esas pol\u00edticas.<\/p>\n<p>El gobierno nacional est\u00e1 despidiendo masivamente, destruyendo el salario al punto que este a\u00f1o perdimos el 30% de nuestro poder adquisitivo. En muchos organismos por eso es tanto m\u00e1s importante la cantidad de compa\u00f1eros que renunciaron en comparaci\u00f3n a los despidos.<img loading=\"lazy\" decoding=\"async\" class=\"aligncenter wp-image-46570 \" src=\"https:\/\/atecordoba.org\/wp-content\/uploads\/2024\/11\/WhatsApp-Image-2024-11-19-at-14.58.10-1024x769.jpeg\" alt=\"\" width=\"614\" height=\"461\" srcset=\"https:\/\/atecordoba.org\/wp-content\/uploads\/2024\/11\/WhatsApp-Image-2024-11-19-at-14.58.10-1024x769.jpeg 1024w, https:\/\/atecordoba.org\/wp-content\/uploads\/2024\/11\/WhatsApp-Image-2024-11-19-at-14.58.10-300x225.jpeg 300w, https:\/\/atecordoba.org\/wp-content\/uploads\/2024\/11\/WhatsApp-Image-2024-11-19-at-14.58.10-768x577.jpeg 768w, https:\/\/atecordoba.org\/wp-content\/uploads\/2024\/11\/WhatsApp-Image-2024-11-19-at-14.58.10-1536x1153.jpeg 1536w, https:\/\/atecordoba.org\/wp-content\/uploads\/2024\/11\/WhatsApp-Image-2024-11-19-at-14.58.10-2048x1537.jpeg 2048w, https:\/\/atecordoba.org\/wp-content\/uploads\/2024\/11\/WhatsApp-Image-2024-11-19-at-14.58.10-750x563.jpeg 750w, https:\/\/atecordoba.org\/wp-content\/uploads\/2024\/11\/WhatsApp-Image-2024-11-19-at-14.58.10-1140x856.jpeg 1140w\" sizes=\"auto, (max-width: 614px) 100vw, 614px\" \/><\/p>\n<p>Vale aclarar que en Trabajo no es as\u00ed porque tenemos la particularidad de ser el organismo que tiene m\u00e1s planta permanente en todo el Estado nacional, resultado de muchos a\u00f1os de pelea que nos permiti\u00f3 acceder en su momento a una cantidad de concursos y eso nos da estabilidad, que tiende a la institucionalizaci\u00f3n laboral. Tenemos el problema com\u00fan a todos los estatales de la p\u00e9rdida salarial pero tenemos una apoyatura mayor para sostener derechos y mantener los puestos de trabajo. As\u00ed y todo, el deterioro salarial es tal, sumado a formas de contrataci\u00f3n, como monotributos, que la situaci\u00f3n llevar al compa\u00f1ero a renunciar ante la situaci\u00f3n de estar mal pago, sin estabilidad y con un nivel de hostigamiento, estigmatizaci\u00f3n y ataque permanente.<\/p>\n<p><strong>Cu\u00e1les son la estrategias ante la persecuci\u00f3n antisindical en Trabajo.<\/strong><\/p>\n<p>D.F.: Hay una cristalizaci\u00f3n individualista que nos quieren imponer. Es lo que combatimos todos los d\u00edas en los sectores de trabajo, contraponiendo la organizaci\u00f3n colectiva, lo que representan los sindicatos. Tenemos el desaf\u00edo de crecer en compa\u00f1erismo, en instancias colectivas, en discusiones que excedan incluso la pertenencia sindical de cada compa\u00f1ero, con el laburo consecuente de nuestros delegados. Nosotros sostenemos que el sindicato est\u00e1 para defender a todos los trabajadores y esa es la l\u00f3gica con que tenemos que poder desarrollarnos para organizar los distintos sectores. Ese es el desaf\u00edo que tienen nuestros compa\u00f1eros en cada rinc\u00f3n del pa\u00eds, para volver a estructurar y fortalecer las redes de organizaci\u00f3n, colectivas, y convencer que la salida es para todos o no se salva ninguno.<\/p>\n","protected":false},"excerpt":{"rendered":"<p>Hoy arranc\u00f3 el encuentro nacional de delegadas y delegados de ATE Trabajo, convocado por la Junta Interna de Capital Federal, con participaci\u00f3n de compa\u00f1eras y compa\u00f1eros de todo el pa\u00eds. La actividad cont\u00f3 con la participaci\u00f3n de Daniela Frencia y Hern\u00e1n Izurieta, integrantes de la Junta Interna, que dieron su perspectiva en esta entrevista sobre\u00a0cu\u00e1l [&hellip;]<\/p>\n","protected":false},"author":7,"featured_media":46566,"comment_status":"open","ping_status":"open","sticky":false,"template":"","format":"standard","meta":{"_exactmetrics_skip_tracking":false,"_exactmetrics_sitenote_active":false,"_exactmetrics_sitenote_note":"","_exactmetrics_sitenote_category":0,"jnews-multi-image_gallery":[],"jnews_single_post":{"format":"standard","override":[{"template":"1","parallax":"1","fullscreen":"1","layout":"no-sidebar-narrow","sidebar":"default-sidebar","second_sidebar":"default-sidebar","sticky_sidebar":"1","share_position":"bottom","share_float_style":"share-monocrhome","show_share_counter":"1","show_view_counter":"1","show_post_meta":"1","show_post_author_image":"1","show_post_date":"1","post_date_format":"default","post_date_format_custom":"Y\/m\/d","show_post_category":"1","show_post_reading_time":"0","post_reading_time_wpm":"300","post_calculate_word_method":"str_word_count","show_zoom_button":"0","zoom_button_out_step":"2","zoom_button_in_step":"3","show_post_tag":"1","number_popup_post":"1","show_post_related":"1","show_inline_post_related":"0"}],"image_override":[{"single_post_thumbnail_size":"crop-500","single_post_gallery_size":"crop-500"}],"trending_post_position":"meta","trending_post_label":"Trending","sponsored_post_label":"Sponsored by","disable_ad":"0"},"jnews_primary_category":[],"jnews_social_meta":[],"jnews_review":[],"enable_review":"","type":"percentage","name":"","summary":"","brand":"","sku":"","good":[],"bad":[],"score_override":"","override_value":"","rating":[],"price":[],"jnews_override_counter":{"view_counter_number":"0","share_counter_number":"0","like_counter_number":"0","dislike_counter_number":"0"},"jnews_post_split":{"post_split":[{"template":"1","tag":"h2","numbering":"asc","mode":"normal","first":"0","enable_toc":"0","toc_type":"normal"}]},"footnotes":""},"categories":[18],"tags":[338],"class_list":["post-46563","post","type-post","status-publish","format-standard","has-post-thumbnail","hentry","category-nacionales","tag-ministerio-de-trabajo-de-la-nacion"],"jetpack_featured_media_url":"https:\/\/atecordoba.org\/wp-content\/uploads\/2024\/11\/WhatsApp-Image-2024-11-19-at-14.58.09-scaled-e1732039660956.jpeg","_links":{"self":[{"href":"https:\/\/atecordoba.org\/index.php?rest_route=\/wp\/v2\/posts\/46563","targetHints":{"allow":["GET"]}}],"collection":[{"href":"https:\/\/atecordoba.org\/index.php?rest_route=\/wp\/v2\/posts"}],"about":[{"href":"https:\/\/atecordoba.org\/index.php?rest_route=\/wp\/v2\/types\/post"}],"author":[{"embeddable":true,"href":"https:\/\/atecordoba.org\/index.php?rest_route=\/wp\/v2\/users\/7"}],"replies":[{"embeddable":true,"href":"https:\/\/atecordoba.org\/index.php?rest_route=%2Fwp%2Fv2%2Fcomments&post=46563"}],"version-history":[{"count":1,"href":"https:\/\/atecordoba.org\/index.php?rest_route=\/wp\/v2\/posts\/46563\/revisions"}],"predecessor-version":[{"id":46571,"href":"https:\/\/atecordoba.org\/index.php?rest_route=\/wp\/v2\/posts\/46563\/revisions\/46571"}],"wp:featuredmedia":[{"embeddable":true,"href":"https:\/\/atecordoba.org\/index.php?rest_route=\/wp\/v2\/media\/46566"}],"wp:attachment":[{"href":"https:\/\/atecordoba.org\/index.php?rest_route=%2Fwp%2Fv2%2Fmedia&parent=46563"}],"wp:term":[{"taxonomy":"category","embeddable":true,"href":"https:\/\/atecordoba.org\/index.php?rest_route=%2Fwp%2Fv2%2Fcategories&post=46563"},{"taxonomy":"post_tag","embeddable":true,"href":"https:\/\/atecordoba.org\/index.php?rest_route=%2Fwp%2Fv2%2Ftags&post=46563"}],"curies":[{"name":"wp","href":"https:\/\/api.w.org\/{rel}","templated":true}]}}