{"id":4656,"date":"2014-10-28T17:20:39","date_gmt":"2014-10-28T20:20:39","guid":{"rendered":"http:\/\/www.atecordoba.org\/?p=4656"},"modified":"2014-10-28T17:20:39","modified_gmt":"2014-10-28T20:20:39","slug":"el-iose-va-a-un-paro-por-48-horas","status":"publish","type":"post","link":"https:\/\/atecordoba.org\/?p=4656","title":{"rendered":"El IOSE va a un paro por 48 horas"},"content":{"rendered":"<p><em>Los trabajadores de la obra social del Ej\u00e9rcito reclaman el cumplimiento de un acta que las autoridades firmaron el a\u00f1o pasado, donde se compromet\u00edan a iniciar el proceso de pase a planta permanente de los compa\u00f1eros precarizados. Adem\u00e1s, denuncian la violencia laboral que impera en el organismo.<\/em><\/p>\n<p><em>\u00a0<\/em><\/p>\n<p><a href=\"http:\/\/www.atecordoba.org\/wp-content\/uploads\/2014\/04\/IOSE-.png\"><img loading=\"lazy\" decoding=\"async\" class=\"aligncenter  wp-image-4093\" src=\"http:\/\/www.atecordoba.org\/wp-content\/uploads\/2014\/04\/IOSE-.png\" alt=\"IOSE\" width=\"475\" height=\"356\" \/><\/a><\/p>\n<p>La medida de fuerza dar\u00e1 inicio el jueves pr\u00f3ximo, a las o horas, y se extender\u00e1 hasta las 24 del viernes 31, en el marco de reclamos que ATE viene llevando adelante hace tiempo por la indispensable mejora en las condiciones de trabajo.<\/p>\n<p>En esa l\u00ednea, el sector exige el cumplimiento del acta firmada ante el Ministerio de Trabajo en 2013 que habilitaba el progresivo pase a planta permanente de pase a planta permanente de los compa\u00f1eros precarizados, aplicando criterios de transparencia y respetando la antig\u00fcedad de cada trabajador. Aquel compromiso fue incumplido hasta el momento.<\/p>\n<p>Adem\u00e1s, los trabajadores plantean que el premio por asistencia sea permanente y bonificable, no un arma de extorsi\u00f3n para los trabajadores como sucede en la actualidad.<\/p>\n<p>Una problem\u00e1tica que preocupa a los compa\u00f1eros es el grado de violencia laboral que impera en el organismo, llegando al punto que un funcionario blandi\u00f3 un arma de fuego contra un trabajador, pero esta situaci\u00f3n se expresa tambi\u00e9n en amenazas, investigaciones sumarias o devoluci\u00f3n de horas que no corresponden.<\/p>\n<p>Por \u00faltimo, tambi\u00e9n reclaman el reencasillamiento del personal que cumple distintas funciones, incluyendo tareas con mayor responsabilidad que su agrupamiento o categor\u00eda asigna, ante la inminente firma del convenio colectivo sectorial es de urgente necesidad un ascenso extraordinario, como realizaron Fuerza A\u00e9rea y Ej\u00e9rcito, ya que estamos en desventaja ante un futuro reencasillamiento.<\/p>\n<p>&nbsp;<\/p>\n","protected":false},"excerpt":{"rendered":"<p>Los trabajadores de la obra social del Ej\u00e9rcito reclaman el cumplimiento de un acta que las autoridades firmaron el a\u00f1o pasado, donde se compromet\u00edan a iniciar el proceso de pase a planta permanente de los compa\u00f1eros precarizados. Adem\u00e1s, denuncian la violencia laboral que impera en el organismo. \u00a0 La medida de fuerza dar\u00e1 inicio el [&hellip;]<\/p>\n","protected":false},"author":1,"featured_media":19220,"comment_status":"open","ping_status":"open","sticky":false,"template":"","format":"standard","meta":{"_exactmetrics_skip_tracking":false,"_exactmetrics_sitenote_active":false,"_exactmetrics_sitenote_note":"","_exactmetrics_sitenote_category":0,"jnews-multi-image_gallery":[],"jnews_single_post":[],"jnews_primary_category":[],"jnews_social_meta":[],"jnews_review":[],"enable_review":"","type":"","name":"","summary":"","brand":"","sku":"","good":[],"bad":[],"score_override":"","override_value":"","rating":[],"price":[],"jnews_override_counter":[],"jnews_post_split":[],"footnotes":""},"categories":[99,18],"tags":[],"class_list":["post-4656","post","type-post","status-publish","format-standard","has-post-thumbnail","hentry","category-iose","category-nacionales"],"jetpack_featured_media_url":"https:\/\/atecordoba.org\/wp-content\/uploads\/2020\/05\/logo-nuevochico-e1561581322808.png","_links":{"self":[{"href":"https:\/\/atecordoba.org\/index.php?rest_route=\/wp\/v2\/posts\/4656","targetHints":{"allow":["GET"]}}],"collection":[{"href":"https:\/\/atecordoba.org\/index.php?rest_route=\/wp\/v2\/posts"}],"about":[{"href":"https:\/\/atecordoba.org\/index.php?rest_route=\/wp\/v2\/types\/post"}],"author":[{"embeddable":true,"href":"https:\/\/atecordoba.org\/index.php?rest_route=\/wp\/v2\/users\/1"}],"replies":[{"embeddable":true,"href":"https:\/\/atecordoba.org\/index.php?rest_route=%2Fwp%2Fv2%2Fcomments&post=4656"}],"version-history":[{"count":0,"href":"https:\/\/atecordoba.org\/index.php?rest_route=\/wp\/v2\/posts\/4656\/revisions"}],"wp:featuredmedia":[{"embeddable":true,"href":"https:\/\/atecordoba.org\/index.php?rest_route=\/wp\/v2\/media\/19220"}],"wp:attachment":[{"href":"https:\/\/atecordoba.org\/index.php?rest_route=%2Fwp%2Fv2%2Fmedia&parent=4656"}],"wp:term":[{"taxonomy":"category","embeddable":true,"href":"https:\/\/atecordoba.org\/index.php?rest_route=%2Fwp%2Fv2%2Fcategories&post=4656"},{"taxonomy":"post_tag","embeddable":true,"href":"https:\/\/atecordoba.org\/index.php?rest_route=%2Fwp%2Fv2%2Ftags&post=4656"}],"curies":[{"name":"wp","href":"https:\/\/api.w.org\/{rel}","templated":true}]}}