{"id":46547,"date":"2024-11-19T09:34:01","date_gmt":"2024-11-19T12:34:01","guid":{"rendered":"https:\/\/atecordoba.org\/?p=46547"},"modified":"2024-11-19T09:34:01","modified_gmt":"2024-11-19T12:34:01","slug":"movilizacion-interhospitalaria","status":"publish","type":"post","link":"https:\/\/atecordoba.org\/?p=46547","title":{"rendered":"Movilizaci\u00f3n Interhospitalaria"},"content":{"rendered":"<p><img loading=\"lazy\" decoding=\"async\" class=\"aligncenter wp-image-46548 \" src=\"https:\/\/atecordoba.org\/wp-content\/uploads\/2024\/11\/flyer-interhospitales-1014x1024.jpg\" alt=\"\" width=\"589\" height=\"594\" srcset=\"https:\/\/atecordoba.org\/wp-content\/uploads\/2024\/11\/flyer-interhospitales-1014x1024.jpg 1014w, https:\/\/atecordoba.org\/wp-content\/uploads\/2024\/11\/flyer-interhospitales-297x300.jpg 297w, https:\/\/atecordoba.org\/wp-content\/uploads\/2024\/11\/flyer-interhospitales-150x150.jpg 150w, https:\/\/atecordoba.org\/wp-content\/uploads\/2024\/11\/flyer-interhospitales-768x776.jpg 768w, https:\/\/atecordoba.org\/wp-content\/uploads\/2024\/11\/flyer-interhospitales-75x75.jpg 75w, https:\/\/atecordoba.org\/wp-content\/uploads\/2024\/11\/flyer-interhospitales-750x758.jpg 750w, https:\/\/atecordoba.org\/wp-content\/uploads\/2024\/11\/flyer-interhospitales.jpg 1072w\" sizes=\"auto, (max-width: 589px) 100vw, 589px\" \/>(fuente: ctaacordoba.org)<\/p>\n<p>Bajo la consigna \u201cBasta al ajuste de Llaryora y Milei\u201d, se llevar\u00e1 a cabo este mi\u00e9rcoles 20 de noviembre a las 10 de la ma\u00f1ana una Movilizaci\u00f3n Interhospitalaria en la Plaza de las Am\u00e9ricas de la ciudad de C\u00f3rdoba.<\/p>\n<p>El conflicto de los Trabajadores de Salud viene creciendo a partir de las demandas laborales y salariales insatisfechas por parte del Gobierno Provincial de Mart\u00edn Llaryora.<\/p>\n<p>Los trabajadores difundieron una n\u00f3mina de las entidades en las que pueden producirse dificultades en la atenci\u00f3n de pacientes, debido a las acciones gremiales.<\/p>\n<p>En los primeros lugares de esa lista aparecen la Nueva Maternidad Provincial, que ya tuvo asambleas y semaforeadas en conjunto con trabajadores del Ministerio de Desarrollo Social y de Nivel Central de Salud y el Hospital Transito C\u00e1ceres, con corte de calle de media calzada y asamblea.<\/p>\n<p>Luego est\u00e1n los hospitales San Roque, Rawson y de Ni\u00f1os, en el hist\u00f3rico Polo Sanitario, el Hospital Neuropsiqui\u00e1trico, el Hospital Misericordia, el Hospital C\u00f3rdoba, el Hospital Pedi\u00e1trico, el Hospital Miguel Urrutia en Unquillo, el Hospital Luis Bellodi de Mina Clavero, el Hospital Regional de Villa Dolores y el Hospital San Antonio de Padua en R\u00edo Cuarto, entre otros.<\/p>\n<p>La Salud en Lucha se replica en todo el territorio provincial. As\u00ed, el viernes pasado hubo asambleas en el Hospital Provincial Luis Bellodi en Mina Clavero.<\/p>\n<p><strong>Grilla de reclamos y movilizaci\u00f3n<\/strong><\/p>\n<p>El Consejo Directivo Provincial convoca a toda la comunidad de trabajadores a ser participes activamente de una Gran Jornada de Protesta y Movilizaci\u00f3n. El llamado es producto de las Asambleas Hospitalarias de Capital e Interior, en consonancia con la Convocatoria realizada por los Hospitales Nueva Maternidad Provincial y del\u00a0 Hospital Misericordia, con les compa\u00f1eres de Los Ministerios de Salud y Desarrollo Social, entre otros Actores sociales.<\/p>\n<p>Marcharemos desde la Plaza de las Am\u00e9ricas hacia las Puertas del Ministerio de Salud, con los siguientes reclamos tratados en asambleas:<\/p>\n<p>1) Rechazar la Actual oferta Salarial por ser: Insuficiente, Miserable y Empobrecedora. <strong>Llamado a una urgente recomposici\u00f3n salarial<\/strong>. Por un Salario B\u00e1sico Inicial igual o superior a la Canasta B\u00e1sica Total o Familiar del Indec (Hoy en + de $1.500.000), y No al IPC CBA. Para salir de la condici\u00f3n de trabajadores cada vez m\u00e1s empobrecidos y nuestros jubilados, del estado de indigencia a la que son sometidos.<\/p>\n<p>2) Por Eliminaci\u00f3n; de los descuentos Abusivos del Apross, del fondo FOSAET y de Enfermedades Catastr\u00f3ficas.<\/p>\n<p>3) Por la Recuperaci\u00f3n del 82 % M\u00f3vil.<\/p>\n<p>4) Basta de Precarizaci\u00f3n Laboral: Pase a Planta Permanente Ya, de Todes les trabajadores de la Salud, cualquiera sea su modalidad contractual; Monotributistas, Contratados y\/o Becarios.<\/p>\n<p>5) Por la Implementaci\u00f3n de los cambios de grupo ocupacional, respetando los Derechos Adquiridos de la Ley 7233 y, la Derogaci\u00f3n del Art. 107 bis, de la Ley 10889.<\/p>\n<p>6) No a la persecuci\u00f3n del Activismo Gremial.<\/p>\n<p>&nbsp;<\/p>\n","protected":false},"excerpt":{"rendered":"<p>(fuente: ctaacordoba.org) Bajo la consigna \u201cBasta al ajuste de Llaryora y Milei\u201d, se llevar\u00e1 a cabo este mi\u00e9rcoles 20 de noviembre a las 10 de la ma\u00f1ana una Movilizaci\u00f3n Interhospitalaria en la Plaza de las Am\u00e9ricas de la ciudad de C\u00f3rdoba. El conflicto de los Trabajadores de Salud viene creciendo a partir de las demandas [&hellip;]<\/p>\n","protected":false},"author":7,"featured_media":46549,"comment_status":"open","ping_status":"open","sticky":false,"template":"","format":"standard","meta":{"_exactmetrics_skip_tracking":false,"_exactmetrics_sitenote_active":false,"_exactmetrics_sitenote_note":"","_exactmetrics_sitenote_category":0,"jnews-multi-image_gallery":[],"jnews_single_post":{"format":"standard","override":[{"template":"1","parallax":"1","fullscreen":"1","layout":"no-sidebar-narrow","sidebar":"default-sidebar","second_sidebar":"default-sidebar","sticky_sidebar":"1","share_position":"bottom","share_float_style":"share-monocrhome","show_share_counter":"1","show_view_counter":"1","show_post_meta":"1","show_post_author_image":"1","show_post_date":"1","post_date_format":"default","post_date_format_custom":"Y\/m\/d","show_post_category":"1","show_post_reading_time":"0","post_reading_time_wpm":"300","post_calculate_word_method":"str_word_count","show_zoom_button":"0","zoom_button_out_step":"2","zoom_button_in_step":"3","show_post_tag":"1","number_popup_post":"1","show_post_related":"1","show_inline_post_related":"0"}],"image_override":[{"single_post_thumbnail_size":"crop-500","single_post_gallery_size":"crop-500"}],"trending_post_position":"meta","trending_post_label":"Trending","sponsored_post_label":"Sponsored by","disable_ad":"0"},"jnews_primary_category":[],"jnews_social_meta":[],"jnews_review":[],"enable_review":"","type":"percentage","name":"","summary":"","brand":"","sku":"","good":[],"bad":[],"score_override":"","override_value":"","rating":[],"price":[],"jnews_override_counter":{"view_counter_number":"0","share_counter_number":"0","like_counter_number":"0","dislike_counter_number":"0"},"jnews_post_split":{"post_split":[{"template":"1","tag":"h2","numbering":"asc","mode":"normal","first":"0","enable_toc":"0","toc_type":"normal"}]},"footnotes":""},"categories":[8],"tags":[417,1160,1416,1343,27],"class_list":["post-46547","post","type-post","status-publish","format-standard","has-post-thumbnail","hentry","category-provinciales","tag-ajuste","tag-cordoba-2","tag-hospitales-en-lucha","tag-llaryora","tag-salud"],"jetpack_featured_media_url":"https:\/\/atecordoba.org\/wp-content\/uploads\/2024\/11\/hospitales20n.jpg","_links":{"self":[{"href":"https:\/\/atecordoba.org\/index.php?rest_route=\/wp\/v2\/posts\/46547","targetHints":{"allow":["GET"]}}],"collection":[{"href":"https:\/\/atecordoba.org\/index.php?rest_route=\/wp\/v2\/posts"}],"about":[{"href":"https:\/\/atecordoba.org\/index.php?rest_route=\/wp\/v2\/types\/post"}],"author":[{"embeddable":true,"href":"https:\/\/atecordoba.org\/index.php?rest_route=\/wp\/v2\/users\/7"}],"replies":[{"embeddable":true,"href":"https:\/\/atecordoba.org\/index.php?rest_route=%2Fwp%2Fv2%2Fcomments&post=46547"}],"version-history":[{"count":1,"href":"https:\/\/atecordoba.org\/index.php?rest_route=\/wp\/v2\/posts\/46547\/revisions"}],"predecessor-version":[{"id":46550,"href":"https:\/\/atecordoba.org\/index.php?rest_route=\/wp\/v2\/posts\/46547\/revisions\/46550"}],"wp:featuredmedia":[{"embeddable":true,"href":"https:\/\/atecordoba.org\/index.php?rest_route=\/wp\/v2\/media\/46549"}],"wp:attachment":[{"href":"https:\/\/atecordoba.org\/index.php?rest_route=%2Fwp%2Fv2%2Fmedia&parent=46547"}],"wp:term":[{"taxonomy":"category","embeddable":true,"href":"https:\/\/atecordoba.org\/index.php?rest_route=%2Fwp%2Fv2%2Fcategories&post=46547"},{"taxonomy":"post_tag","embeddable":true,"href":"https:\/\/atecordoba.org\/index.php?rest_route=%2Fwp%2Fv2%2Ftags&post=46547"}],"curies":[{"name":"wp","href":"https:\/\/api.w.org\/{rel}","templated":true}]}}