{"id":46526,"date":"2024-11-15T14:23:00","date_gmt":"2024-11-15T17:23:00","guid":{"rendered":"https:\/\/atecordoba.org\/?p=46526"},"modified":"2024-11-15T14:23:00","modified_gmt":"2024-11-15T17:23:00","slug":"unidad-de-sindicalismo-combativo-ayer-se-realizo-una-importante-charla-debate-con-dirigentes-estatales-y-del-sector-privado","status":"publish","type":"post","link":"https:\/\/atecordoba.org\/?p=46526","title":{"rendered":"Unidad de sindicalismo combativo: ayer se realiz\u00f3 una importante charla debate con dirigentes estatales y del sector privado"},"content":{"rendered":"<p><img loading=\"lazy\" decoding=\"async\" class=\"aligncenter wp-image-46528 \" src=\"https:\/\/atecordoba.org\/wp-content\/uploads\/2024\/11\/IMG-20241115-WA0017-1024x769.jpg\" alt=\"\" width=\"629\" height=\"472\" srcset=\"https:\/\/atecordoba.org\/wp-content\/uploads\/2024\/11\/IMG-20241115-WA0017-1024x769.jpg 1024w, https:\/\/atecordoba.org\/wp-content\/uploads\/2024\/11\/IMG-20241115-WA0017-300x225.jpg 300w, https:\/\/atecordoba.org\/wp-content\/uploads\/2024\/11\/IMG-20241115-WA0017-768x577.jpg 768w, https:\/\/atecordoba.org\/wp-content\/uploads\/2024\/11\/IMG-20241115-WA0017-1536x1153.jpg 1536w, https:\/\/atecordoba.org\/wp-content\/uploads\/2024\/11\/IMG-20241115-WA0017-2048x1537.jpg 2048w, https:\/\/atecordoba.org\/wp-content\/uploads\/2024\/11\/IMG-20241115-WA0017-750x563.jpg 750w, https:\/\/atecordoba.org\/wp-content\/uploads\/2024\/11\/IMG-20241115-WA0017-1140x856.jpg 1140w\" sizes=\"auto, (max-width: 629px) 100vw, 629px\" \/>En el marco de los debate que auspici\u00f3 ayer el Consejo Directivo Provincial sobre la reforma del Estado, por la tarde se llev\u00f3 adelante una charla abierta con dirigentes sindical de sindicatos combativos, en la perspectiva de analizar la coyuntura de campo popular, para avanzar en la defensa y recuperaci\u00f3n d e la soberan\u00eda nacional.<\/p>\n<p>En la oportunidad, participaron Miguel Ferreyra, del sindicato de aceiteros de Tancacha, Luis Ortega, secretario General de seccional C\u00f3rdoba de la Asociaci\u00f3n del Personal Aeron\u00e1utico (APLA), Silvia Alcoba, secretaria General de la Fenat-CTAA, y Federico Giuliani, secretario General de ATE C\u00f3rdoba y la CTAA provincia de C\u00f3rdoba.<\/p>\n<p>En primer t\u00e9rmino, Ferreyra destac\u00f3 que &#8220;los aceiteros hace 20 a\u00f1os que venimos repitiendo sobre el Salario M\u00ednimo, Vital y M\u00f3vil, tal como lo establece la Constituci\u00f3n, porque es parte fundamental del trabajo que hacemos como dirigentes para cumplir con los derechos que marcan la Constituci\u00f3n&#8221;.<\/p>\n<p><img loading=\"lazy\" decoding=\"async\" class=\"aligncenter wp-image-46527 \" src=\"https:\/\/atecordoba.org\/wp-content\/uploads\/2024\/11\/IMG-20241115-WA0013-768x1024.jpg\" alt=\"\" width=\"638\" height=\"851\" srcset=\"https:\/\/atecordoba.org\/wp-content\/uploads\/2024\/11\/IMG-20241115-WA0013-768x1024.jpg 768w, https:\/\/atecordoba.org\/wp-content\/uploads\/2024\/11\/IMG-20241115-WA0013-225x300.jpg 225w, https:\/\/atecordoba.org\/wp-content\/uploads\/2024\/11\/IMG-20241115-WA0013-750x1000.jpg 750w, https:\/\/atecordoba.org\/wp-content\/uploads\/2024\/11\/IMG-20241115-WA0013.jpg 960w\" sizes=\"auto, (max-width: 638px) 100vw, 638px\" \/><\/p>\n<p>&#8220;Creemos que es fundamental que las y los trabajadores tengamos salarios dignos, lo que nos permite poder participar en otros \u00e1mbitos. Hoy el salario aceitero b\u00e1sico inicial de la categor\u00eda m\u00e1s baja, sin ning\u00fan adicional, es de 1600000 pesos. Esa es la base para poder pensar una sociedad m\u00e1s justa, m\u00e1s libre y soberana. Y lo logramos a partir de la lucha porque las empresas de la actividad hace 100 a\u00f1os que est\u00e1n en el pa\u00eds pero reci\u00e9n en 2013 lo empezaron a pagar, a ra\u00edz de una largo conflicto que supimos llevar adelante. Y lo digo no para jactarnos de ese salario sino porque se nos estigmatiza con que negociamos con empresas multinacionales que exportan y que pueden pagar ese salario. Pero la realidad es que trabajamos muchos a\u00f1os ah\u00ed cobrando salarios de miseria&#8221;, dijo el aceitero.<\/p>\n<p>Y agreg\u00f3: &#8220;la experiencia nos ense\u00f1\u00f3 que solo la huelga da resultado. En 2015 estuvimos 25 d\u00edas de paro, en 2020 fueron 20 d\u00edas corridos de huelga y pasamos navidad frente a la f\u00e1brica. Con este gobierno fue una semana de huelga. Hay muchas empresas que pueden pagar esos sueldos, no solo las m\u00e1s grandes donde trabajamos nosotros&#8221;.<\/p>\n<p>El dirigente afirm\u00f3 que &#8220;frente a estos gobiernos que nos vienen a sacar derechos nos preparamos durante muchos a\u00f1os, haciendo hincapi\u00e9 en la formaci\u00f3n de delegados\/as pero los dirigentes tambi\u00e9n estamos en los lugares de trabajo. Aceiteros no es un gremio burocratizado, seguimos yendo a la f\u00e1brica y sabemos c\u00f3mo est\u00e1n las y los compa\u00f1eros. Esto nos sirve cuando vamos al paro.\u00a0En Tancacha estuvimos m\u00e1s de 40 a\u00f1os sin delegados y sin hacer una huelga. No sab\u00edamos lo que era una asamblea. \u00a0Por eso valoramos la invitaci\u00f3n de Federico de reunir gremios estatales y privados&#8221;.<\/p>\n<p><img loading=\"lazy\" decoding=\"async\" class=\"aligncenter wp-image-46529 \" src=\"https:\/\/atecordoba.org\/wp-content\/uploads\/2024\/11\/IMG-20241115-WA0018-1024x768.jpg\" alt=\"\" width=\"615\" height=\"462\" srcset=\"https:\/\/atecordoba.org\/wp-content\/uploads\/2024\/11\/IMG-20241115-WA0018-1024x768.jpg 1024w, https:\/\/atecordoba.org\/wp-content\/uploads\/2024\/11\/IMG-20241115-WA0018-300x225.jpg 300w, https:\/\/atecordoba.org\/wp-content\/uploads\/2024\/11\/IMG-20241115-WA0018-768x576.jpg 768w, https:\/\/atecordoba.org\/wp-content\/uploads\/2024\/11\/IMG-20241115-WA0018-1536x1152.jpg 1536w, https:\/\/atecordoba.org\/wp-content\/uploads\/2024\/11\/IMG-20241115-WA0018-2048x1536.jpg 2048w, https:\/\/atecordoba.org\/wp-content\/uploads\/2024\/11\/IMG-20241115-WA0018-750x563.jpg 750w, https:\/\/atecordoba.org\/wp-content\/uploads\/2024\/11\/IMG-20241115-WA0018-1140x855.jpg 1140w\" sizes=\"auto, (max-width: 615px) 100vw, 615px\" \/><\/p>\n<p>&#8220;Ya sabemos que la CGT no va a convocar el paro general as\u00ed que pensamos que pensamos que la discusi\u00f3n es por abajo, por las bases, y con dirigentes que no tengan miedo. Por eso para nosotros es un honor estar compartiendo esta mesa con compa\u00f1eros que se la juegan d\u00eda a d\u00eda&#8221;, concluy\u00f3 Ferreyra.<\/p>\n<p>A su turno, Ortega, trabajador de la empresa Intercargo, dijo que &#8220;es fundamental enfrentar a este gobierno como corresponde. Basta de las adhesiones. Est\u00e1 muy bien en estado de alerta pero debemos defender los puestos de trabajo a como d\u00e9 lugar. Si el dirigente duda, las bases deben terminar con esas dudas. Estamos en un conflicto desde que arranc\u00f3 este gobierno, estamos permanentemente en situaciones nuevas. Venimos de una reuni\u00f3n con la Polic\u00eda Aeroportuaria (PSA), que nos pone condiciones a nuestra representaci\u00f3n. Por supuesto que vamos a estar donde debemos estar. Que es en cada lugar donde haya un trabajador en conflicto&#8221;.<img loading=\"lazy\" decoding=\"async\" class=\"aligncenter wp-image-46530 \" src=\"https:\/\/atecordoba.org\/wp-content\/uploads\/2024\/11\/IMG-20241115-WA0012-1024x769.jpg\" alt=\"\" width=\"621\" height=\"466\" srcset=\"https:\/\/atecordoba.org\/wp-content\/uploads\/2024\/11\/IMG-20241115-WA0012-1024x769.jpg 1024w, https:\/\/atecordoba.org\/wp-content\/uploads\/2024\/11\/IMG-20241115-WA0012-300x225.jpg 300w, https:\/\/atecordoba.org\/wp-content\/uploads\/2024\/11\/IMG-20241115-WA0012-768x577.jpg 768w, https:\/\/atecordoba.org\/wp-content\/uploads\/2024\/11\/IMG-20241115-WA0012-1536x1153.jpg 1536w, https:\/\/atecordoba.org\/wp-content\/uploads\/2024\/11\/IMG-20241115-WA0012-2048x1537.jpg 2048w, https:\/\/atecordoba.org\/wp-content\/uploads\/2024\/11\/IMG-20241115-WA0012-750x563.jpg 750w, https:\/\/atecordoba.org\/wp-content\/uploads\/2024\/11\/IMG-20241115-WA0012-1140x856.jpg 1140w\" sizes=\"auto, (max-width: 621px) 100vw, 621px\" \/><\/p>\n<p>Seguidamente, Silvia Alcoba resalt\u00f3 el rol de la CTAA en la crisis actual. &#8220;Que importancia tiene nuestra Central que abraza a los trabajadores no registrados, monotributistas, a todo el conjunto de las y los trabajadores&#8221;.<\/p>\n<p>&#8220;Hoy la realidad nos lleva a esa consigna fundamental de la central \u2018la f\u00e1brica est\u00e1 en el barrio\u2019. Porque cuando la central sali\u00f3 a buscar a las y los desocupados de los \u201990, la mayor\u00eda estaban en el barrio. Hoy nos vuelve a pasar lo mismo y en el \u00e1rea social, ya sea en merenderos, comedores, huertas comunitarias, cooperativas de trabajo, nos influye mucho m\u00e1s esta situaci\u00f3n. Quien se queda sin trabajo llega a pedir una ayuda porque no sabe c\u00f3mo hacer: como gestionar una ayuda para la alimentaci\u00f3n, para pagar la luz. Es la gente que tenemos que salir a contener. Con todos los que estamos ac\u00e1 nos vimos en las marchas, en la calle. Y eso hace la diferencia cuando nos abrazamos en un lugar de contenci\u00f3n como es el barrio. Nuestras compa\u00f1eras no son reconocidas como trabajadoras pero debemos saber que para preparar una vianda para 200 personas son 7 horas de trabajo. A esas compa\u00f1eras las llaman vagas cuando ganan 78 mil pesos. En este mundo de la precarizaci\u00f3n del trabajo somos los que en conjunto salimos a pelear, a conseguir un plato de comida&#8221;, asegur\u00f3 la dirigenta.<img loading=\"lazy\" decoding=\"async\" class=\"aligncenter wp-image-46531 \" src=\"https:\/\/atecordoba.org\/wp-content\/uploads\/2024\/11\/IMG-20241115-WA0019-769x1024.jpg\" alt=\"\" width=\"618\" height=\"823\" srcset=\"https:\/\/atecordoba.org\/wp-content\/uploads\/2024\/11\/IMG-20241115-WA0019-769x1024.jpg 769w, https:\/\/atecordoba.org\/wp-content\/uploads\/2024\/11\/IMG-20241115-WA0019-225x300.jpg 225w, https:\/\/atecordoba.org\/wp-content\/uploads\/2024\/11\/IMG-20241115-WA0019-768x1023.jpg 768w, https:\/\/atecordoba.org\/wp-content\/uploads\/2024\/11\/IMG-20241115-WA0019-1153x1536.jpg 1153w, https:\/\/atecordoba.org\/wp-content\/uploads\/2024\/11\/IMG-20241115-WA0019-1537x2048.jpg 1537w, https:\/\/atecordoba.org\/wp-content\/uploads\/2024\/11\/IMG-20241115-WA0019-750x999.jpg 750w, https:\/\/atecordoba.org\/wp-content\/uploads\/2024\/11\/IMG-20241115-WA0019-1140x1519.jpg 1140w, https:\/\/atecordoba.org\/wp-content\/uploads\/2024\/11\/IMG-20241115-WA0019-scaled.jpg 1922w\" sizes=\"auto, (max-width: 618px) 100vw, 618px\" \/><\/p>\n<p>Y valor{o que &#8220;estos espacios son buenos para poder ver las miradas diferentes sobre como impacta la pol\u00edtica de Milei. Le vamos a seguir pidiendo paro a la CGT o los dirigentes nacionales de la CTAA? O nos vamos a organizar en asamblea en las barriadas, con los sindicatos combativos, para salir a organizar ese paro. Los que estamos ac\u00e1 debemos decidir que lo hacemos o si vamos a seguir esperando un mandato nacional que no va a aparecer. Lo m\u00e1s importante es organizar cada uno en su sector. De ac\u00e1 puede salir algo mejorado de lo que venimos haciendo&#8221;.<\/p>\n<p><strong>Soberan\u00eda nacional<\/strong><\/p>\n<p>Cerr\u00f3 la exposiciones Federico Giuliani, abordando, entre otros puntos, la coyuntura actual al reflexionar que &#8220;si pensamos la gobernabilidad de Milei, podemos ver que las y los gobernadores de distintos partidos pol\u00edticos le dan los votos en el congreso cada vez que se los pidi\u00f3. Nada dijeron del DNU 70\/23 que aun est\u00e1 vigente y es la estructura jur\u00eddica fundamental para el desguace del estado y la venta de nuestra patria&#8221;.<\/p>\n<p>&#8220;Tambi\u00e9n le dieron los votos para la ley de bases que permite la retr\u00f3grada reforma laboral, que nos lleva al siglo XIX, para retornarnos a los reg\u00edmenes de esclavitud que pretende volver la oligarqu\u00eda recalcitrante en Argentina&#8221;.<\/p>\n<p>&#8220;La pregunta es c\u00f3mo llegamos a Milei, que no naci\u00f3 de un repollo&#8221;, sentenci\u00f3 el dirigente.<\/p>\n<p>Y ensa\u00f1\u00f3 una respuesta al definir que &#8220;vivimos en una democracia condicionada y de baja intensidad, que no genera la participaci\u00f3n popular. Hasta la Constituci\u00f3n dice que \u2018el pueblo no delibera ni gobierno sino a trav\u00e9s de sus representantes\u2019. Vayan ustedes a la Unicameral, a los consejos deliberantes de sus ciudades o al Congreso Nacional, cuando se van a dictar leyes u ordenanzas que arruinan nuestro presente y nos dejan sin futuro, militarizan los recintos par evitar el que pueblo le reclame a nuestros representantes que es lo qu\u00e9 van a votar&#8221;.<img loading=\"lazy\" decoding=\"async\" class=\"aligncenter wp-image-46532 \" src=\"https:\/\/atecordoba.org\/wp-content\/uploads\/2024\/11\/IMG-20241115-WA0014-1024x598.jpg\" alt=\"\" width=\"611\" height=\"357\" srcset=\"https:\/\/atecordoba.org\/wp-content\/uploads\/2024\/11\/IMG-20241115-WA0014-1024x598.jpg 1024w, https:\/\/atecordoba.org\/wp-content\/uploads\/2024\/11\/IMG-20241115-WA0014-300x175.jpg 300w, https:\/\/atecordoba.org\/wp-content\/uploads\/2024\/11\/IMG-20241115-WA0014-768x448.jpg 768w, https:\/\/atecordoba.org\/wp-content\/uploads\/2024\/11\/IMG-20241115-WA0014-1536x897.jpg 1536w, https:\/\/atecordoba.org\/wp-content\/uploads\/2024\/11\/IMG-20241115-WA0014-750x438.jpg 750w, https:\/\/atecordoba.org\/wp-content\/uploads\/2024\/11\/IMG-20241115-WA0014-1140x665.jpg 1140w, https:\/\/atecordoba.org\/wp-content\/uploads\/2024\/11\/IMG-20241115-WA0014.jpg 1600w\" sizes=\"auto, (max-width: 611px) 100vw, 611px\" \/><\/p>\n<p>&#8220;Frente a este proceso en crisis vemos que el proceso democr\u00e1tico que no garantiz\u00f3 al nuestro pueblo la comida, la vivienda, un trabajo digno, tierra, salud y educaci\u00f3n p\u00fablica de calidad. Ah\u00ed aparece un supuesto ajeno a la pol\u00edtica, que fue preparado y promocionado en los medios, por el establishment olig\u00e1rquico de la Argentina, pase\u00e1ndolo tambi\u00e9n en los foros econ\u00f3micos internacionales. Ellos dejan de lado las diferencias que tienen, los personalismos, para bancar este proceso&#8221;.<\/p>\n<p>El desaf\u00edo de la unidad fue otros de los enfoques tratados por Giuliani, al reclamar que ante el cuadro que presenta el Gobierno de Milei, que defini\u00f3 como &#8220;fascista, violento e intolerante&#8221;, &#8220;nosotros no nos podemos juntar para hacer un comunicado de prensa&#8221;.<\/p>\n<p>&#8220;Ellos avanzan con Milei destruyendo el Estado tal como lo conoc\u00edamos. Con muchas deficiencias, pero que garantizaba pol\u00edticas p\u00fablicas para nuestro pueblo. Vienen por las empresas p\u00fablicas porque dan ganancias en su gran mayor\u00eda. Llegamos a esto por la crisis de nuestra pol\u00edtica, porque en 40 a\u00f1os no podemos darle de comer a casi 50 millones de argentinos en un pa\u00eds hecho de pan que exporta alimentos para 400 millones de personas&#8221;.<img loading=\"lazy\" decoding=\"async\" class=\"aligncenter wp-image-46533 \" src=\"https:\/\/atecordoba.org\/wp-content\/uploads\/2024\/11\/IMG-20241115-WA0022-1024x769.jpg\" alt=\"\" width=\"619\" height=\"465\" srcset=\"https:\/\/atecordoba.org\/wp-content\/uploads\/2024\/11\/IMG-20241115-WA0022-1024x769.jpg 1024w, https:\/\/atecordoba.org\/wp-content\/uploads\/2024\/11\/IMG-20241115-WA0022-300x225.jpg 300w, https:\/\/atecordoba.org\/wp-content\/uploads\/2024\/11\/IMG-20241115-WA0022-768x577.jpg 768w, https:\/\/atecordoba.org\/wp-content\/uploads\/2024\/11\/IMG-20241115-WA0022-1536x1153.jpg 1536w, https:\/\/atecordoba.org\/wp-content\/uploads\/2024\/11\/IMG-20241115-WA0022-2048x1537.jpg 2048w, https:\/\/atecordoba.org\/wp-content\/uploads\/2024\/11\/IMG-20241115-WA0022-750x563.jpg 750w, https:\/\/atecordoba.org\/wp-content\/uploads\/2024\/11\/IMG-20241115-WA0022-1140x856.jpg 1140w\" sizes=\"auto, (max-width: 619px) 100vw, 619px\" \/><\/p>\n<p>&#8220;Hay que recalcar los distintos planos en que debemos enfrentar a este gobierno. El 19 de noviembre no solo se perdi\u00f3 un balotaje, se perdi\u00f3 una batalla cultural ante nuestros compa\u00f1eros que lo votaron masivamente. Debemos recuperar el sentido de comunidad, sabiendo que si nos tocan a uno tocan a todos. Aca no se trata de si sos ocupado o desocupado, si trabajas en blanco o en negro, debemos recuperar el sentido de clase trabajadora. Sino le hacemos el juego a la extrema derecha que nos quiere fragmentados&#8221;, afirm\u00f3.<\/p>\n<p>Y termin\u00f3 el concepto alentando: &#8220;tenemos que construir la fuerza para dar vuelta la tapa en la calle&#8221;.<\/p>\n<p>Para acceder al debate completo ingresar <a href=\"https:\/\/www.facebook.com\/watch\/live\/?ref=watch_permalink&amp;v=1814158176008243&amp;rdid=7mnXAk7dvfpjvRV8\">aqu\u00ed.<\/a><\/p>\n","protected":false},"excerpt":{"rendered":"<p>En el marco de los debate que auspici\u00f3 ayer el Consejo Directivo Provincial sobre la reforma del Estado, por la tarde se llev\u00f3 adelante una charla abierta con dirigentes sindical de sindicatos combativos, en la perspectiva de analizar la coyuntura de campo popular, para avanzar en la defensa y recuperaci\u00f3n d e la soberan\u00eda nacional. [&hellip;]<\/p>\n","protected":false},"author":7,"featured_media":46533,"comment_status":"open","ping_status":"open","sticky":false,"template":"","format":"standard","meta":{"_exactmetrics_skip_tracking":false,"_exactmetrics_sitenote_active":false,"_exactmetrics_sitenote_note":"","_exactmetrics_sitenote_category":0,"jnews-multi-image_gallery":[],"jnews_single_post":{"format":"standard","override":[{"template":"1","parallax":"1","fullscreen":"1","layout":"no-sidebar-narrow","sidebar":"default-sidebar","second_sidebar":"default-sidebar","sticky_sidebar":"1","share_position":"bottom","share_float_style":"share-monocrhome","show_share_counter":"1","show_view_counter":"1","show_post_meta":"1","show_post_author_image":"1","show_post_date":"1","post_date_format":"default","post_date_format_custom":"Y\/m\/d","show_post_category":"1","show_post_reading_time":"0","post_reading_time_wpm":"300","post_calculate_word_method":"str_word_count","show_zoom_button":"0","zoom_button_out_step":"2","zoom_button_in_step":"3","show_post_tag":"1","number_popup_post":"1","show_post_related":"1","show_inline_post_related":"0"}],"image_override":[{"single_post_thumbnail_size":"crop-500","single_post_gallery_size":"crop-500"}],"trending_post_position":"meta","trending_post_label":"Trending","sponsored_post_label":"Sponsored by","disable_ad":"0"},"jnews_primary_category":[],"jnews_social_meta":[],"jnews_review":[],"enable_review":"","type":"percentage","name":"","summary":"","brand":"","sku":"","good":[],"bad":[],"score_override":"","override_value":"","rating":[],"price":[],"jnews_override_counter":{"view_counter_number":"0","share_counter_number":"0","like_counter_number":"0","dislike_counter_number":"0"},"jnews_post_split":{"post_split":[{"template":"1","tag":"h2","numbering":"asc","mode":"normal","first":"0","enable_toc":"0","toc_type":"normal"}]},"footnotes":""},"categories":[10],"tags":[],"class_list":["post-46526","post","type-post","status-publish","format-standard","has-post-thumbnail","hentry","category-accion-politica"],"jetpack_featured_media_url":"https:\/\/atecordoba.org\/wp-content\/uploads\/2024\/11\/IMG-20241115-WA0022-scaled.jpg","_links":{"self":[{"href":"https:\/\/atecordoba.org\/index.php?rest_route=\/wp\/v2\/posts\/46526","targetHints":{"allow":["GET"]}}],"collection":[{"href":"https:\/\/atecordoba.org\/index.php?rest_route=\/wp\/v2\/posts"}],"about":[{"href":"https:\/\/atecordoba.org\/index.php?rest_route=\/wp\/v2\/types\/post"}],"author":[{"embeddable":true,"href":"https:\/\/atecordoba.org\/index.php?rest_route=\/wp\/v2\/users\/7"}],"replies":[{"embeddable":true,"href":"https:\/\/atecordoba.org\/index.php?rest_route=%2Fwp%2Fv2%2Fcomments&post=46526"}],"version-history":[{"count":1,"href":"https:\/\/atecordoba.org\/index.php?rest_route=\/wp\/v2\/posts\/46526\/revisions"}],"predecessor-version":[{"id":46535,"href":"https:\/\/atecordoba.org\/index.php?rest_route=\/wp\/v2\/posts\/46526\/revisions\/46535"}],"wp:featuredmedia":[{"embeddable":true,"href":"https:\/\/atecordoba.org\/index.php?rest_route=\/wp\/v2\/media\/46533"}],"wp:attachment":[{"href":"https:\/\/atecordoba.org\/index.php?rest_route=%2Fwp%2Fv2%2Fmedia&parent=46526"}],"wp:term":[{"taxonomy":"category","embeddable":true,"href":"https:\/\/atecordoba.org\/index.php?rest_route=%2Fwp%2Fv2%2Fcategories&post=46526"},{"taxonomy":"post_tag","embeddable":true,"href":"https:\/\/atecordoba.org\/index.php?rest_route=%2Fwp%2Fv2%2Ftags&post=46526"}],"curies":[{"name":"wp","href":"https:\/\/api.w.org\/{rel}","templated":true}]}}