{"id":46514,"date":"2024-11-15T10:18:41","date_gmt":"2024-11-15T13:18:41","guid":{"rendered":"https:\/\/atecordoba.org\/?p=46514"},"modified":"2024-11-15T10:18:41","modified_gmt":"2024-11-15T13:18:41","slug":"aumento-salarial-en-el-municipio-de-las-acequias","status":"publish","type":"post","link":"https:\/\/atecordoba.org\/?p=46514","title":{"rendered":"Aumento salarial en el Municipio de Las Acequias"},"content":{"rendered":"<p><img loading=\"lazy\" decoding=\"async\" class=\"aligncenter wp-image-46515 \" src=\"https:\/\/atecordoba.org\/wp-content\/uploads\/2024\/11\/municipio-las-acequias-1024x576.jpg\" alt=\"\" width=\"608\" height=\"342\" \/>El pasado 29 de octubre los representantes de los trabajadores municipales de la localidad de Las Acequias firmaron un incremento del 124% para el a\u00f1o 2024.<\/p>\n<p>De la audiencia participaron los delegados de ATE Rodrigo Flores, Ismael Imenson y las delegadas Andrea Allemandi y Maria Estela Guzm\u00e1n, y en representaci\u00f3n del Departamento Ejecutivo Municipal el Intendente Germ\u00e1n Martini.<\/p>\n<p>A su vez, las partes acordaron iniciar las negociaciones salariales del a\u00f1o 2025 en el mes de febrero.<\/p>\n<p>\u201cCon gesti\u00f3n, formaci\u00f3n y organizaci\u00f3n la lucha por mejoras salariales y derechos para las y los trabajadores es una realidad\u201d, se\u00f1al\u00f3 la seccional ATE R\u00edo Cuarto.<\/p>\n","protected":false},"excerpt":{"rendered":"<p>El pasado 29 de octubre los representantes de los trabajadores municipales de la localidad de Las Acequias firmaron un incremento del 124% para el a\u00f1o 2024. De la audiencia participaron los delegados de ATE Rodrigo Flores, Ismael Imenson y las delegadas Andrea Allemandi y Maria Estela Guzm\u00e1n, y en representaci\u00f3n del Departamento Ejecutivo Municipal el [&hellip;]<\/p>\n","protected":false},"author":7,"featured_media":46515,"comment_status":"open","ping_status":"open","sticky":false,"template":"","format":"standard","meta":{"_exactmetrics_skip_tracking":false,"_exactmetrics_sitenote_active":false,"_exactmetrics_sitenote_note":"","_exactmetrics_sitenote_category":0,"jnews-multi-image_gallery":[],"jnews_single_post":{"format":"standard","override":[{"template":"1","parallax":"1","fullscreen":"1","layout":"no-sidebar-narrow","sidebar":"default-sidebar","second_sidebar":"default-sidebar","sticky_sidebar":"1","share_position":"bottom","share_float_style":"share-monocrhome","show_share_counter":"1","show_view_counter":"1","show_post_meta":"1","show_post_author_image":"1","show_post_date":"1","post_date_format":"default","post_date_format_custom":"Y\/m\/d","show_post_category":"1","show_post_reading_time":"0","post_reading_time_wpm":"300","post_calculate_word_method":"str_word_count","show_zoom_button":"0","zoom_button_out_step":"2","zoom_button_in_step":"3","show_post_tag":"1","number_popup_post":"1","show_post_related":"1","show_inline_post_related":"0"}],"image_override":[{"single_post_thumbnail_size":"crop-500","single_post_gallery_size":"crop-500"}],"trending_post_position":"meta","trending_post_label":"Trending","sponsored_post_label":"Sponsored by","disable_ad":"0"},"jnews_primary_category":[],"jnews_social_meta":[],"jnews_review":[],"enable_review":"","type":"percentage","name":"","summary":"","brand":"","sku":"","good":[],"bad":[],"score_override":"","override_value":"","rating":[],"price":[],"jnews_override_counter":{"view_counter_number":"0","share_counter_number":"0","like_counter_number":"0","dislike_counter_number":"0"},"jnews_post_split":{"post_split":[{"template":"1","tag":"h2","numbering":"asc","mode":"normal","first":"0","enable_toc":"0","toc_type":"normal"}]},"footnotes":""},"categories":[20],"tags":[],"class_list":["post-46514","post","type-post","status-publish","format-standard","has-post-thumbnail","hentry","category-municipales"],"jetpack_featured_media_url":"https:\/\/atecordoba.org\/wp-content\/uploads\/2024\/11\/municipio-las-acequias-scaled-e1731676715851.jpg","_links":{"self":[{"href":"https:\/\/atecordoba.org\/index.php?rest_route=\/wp\/v2\/posts\/46514","targetHints":{"allow":["GET"]}}],"collection":[{"href":"https:\/\/atecordoba.org\/index.php?rest_route=\/wp\/v2\/posts"}],"about":[{"href":"https:\/\/atecordoba.org\/index.php?rest_route=\/wp\/v2\/types\/post"}],"author":[{"embeddable":true,"href":"https:\/\/atecordoba.org\/index.php?rest_route=\/wp\/v2\/users\/7"}],"replies":[{"embeddable":true,"href":"https:\/\/atecordoba.org\/index.php?rest_route=%2Fwp%2Fv2%2Fcomments&post=46514"}],"version-history":[{"count":1,"href":"https:\/\/atecordoba.org\/index.php?rest_route=\/wp\/v2\/posts\/46514\/revisions"}],"predecessor-version":[{"id":46516,"href":"https:\/\/atecordoba.org\/index.php?rest_route=\/wp\/v2\/posts\/46514\/revisions\/46516"}],"wp:featuredmedia":[{"embeddable":true,"href":"https:\/\/atecordoba.org\/index.php?rest_route=\/wp\/v2\/media\/46515"}],"wp:attachment":[{"href":"https:\/\/atecordoba.org\/index.php?rest_route=%2Fwp%2Fv2%2Fmedia&parent=46514"}],"wp:term":[{"taxonomy":"category","embeddable":true,"href":"https:\/\/atecordoba.org\/index.php?rest_route=%2Fwp%2Fv2%2Fcategories&post=46514"},{"taxonomy":"post_tag","embeddable":true,"href":"https:\/\/atecordoba.org\/index.php?rest_route=%2Fwp%2Fv2%2Ftags&post=46514"}],"curies":[{"name":"wp","href":"https:\/\/api.w.org\/{rel}","templated":true}]}}