{"id":46510,"date":"2024-11-15T10:09:50","date_gmt":"2024-11-15T13:09:50","guid":{"rendered":"https:\/\/atecordoba.org\/?p=46510"},"modified":"2024-11-15T10:09:50","modified_gmt":"2024-11-15T13:09:50","slug":"milei-esta-desmantelando-la-fabrica-militar-rio-tercero","status":"publish","type":"post","link":"https:\/\/atecordoba.org\/?p=46510","title":{"rendered":"Milei est\u00e1 desmantelando la F\u00e1brica Militar R\u00edo Tercero"},"content":{"rendered":"<p><img loading=\"lazy\" decoding=\"async\" class=\"aligncenter wp-image-46511 \" src=\"https:\/\/atecordoba.org\/wp-content\/uploads\/2024\/11\/fm-rio3.jpeg\" alt=\"\" width=\"624\" height=\"773\" \/>(Fuente: www.diarioriotercero.com.ar)<\/p>\n<p>En la F\u00e1brica Militar R\u00edo Tercero se viven momentos de gran preocupaci\u00f3n por el futuro de la industria estatal en esta ciudad. Nada nuevo con respecto a los \u00faltimos meses, pero s\u00ed con aditamentos que llevan a que se profundice a\u00fan m\u00e1s la situaci\u00f3n de incertidumbre que tienen sus aproximadamente 330 trabajadores.<\/p>\n<p>El mi\u00e9rcoles se conocieron dos noticias de fuerte impacto en la industria estatal: por un lado la renuncia del presidente de Fabricaciones Militares Hugo Pascarelli y tambi\u00e9n la del vicepresidente Carlos P\u00e9rez Aquino, luego de 11 meses de gesti\u00f3n.<\/p>\n<p>Ambos asumieron con el gobierno del Presidente Javier Milei y de su gesti\u00f3n el saldo que queda es haber cerrado la F\u00e1brica de Explosivos San Jos\u00e9 de J\u00e1chal de la provincia de San Juan, y vaciar la de Azul, en Buenos Aires.<\/p>\n<p>Tambi\u00e9n en haber dado paso al cambio jur\u00eddico de Fabricaciones Militares, de Sociedad del Estado a Sociedad An\u00f3nima Unipersonal, algo que se est\u00e1 concretando en estos d\u00edas. En un comunicado interno que trascendi\u00f3, se destac\u00f3 que durante su gesti\u00f3n Fabricaciones Militares logr\u00f3 reducir sus gastos un 38% hasta agosto, con respecto a igual mes del a\u00f1o anterior; reducir los costos productivos en un 19% y los costos no productivos en un 60%.<\/p>\n<p>\u201cMostrar esos n\u00fameros es f\u00e1cil cuando no se produce. Hay que ser eficiente y mostrar reducci\u00f3n de costos sosteniendo buenos niveles de producci\u00f3n\u201d, coment\u00f3 a Diario R\u00edo Tercero el Secretario General de ATE R\u00edo Tercero, David Salto.<\/p>\n<p>Para Salto, Pascarelli \u201ctermin\u00f3 de hacer lo que ten\u00eda que hacer y ahora se fue\u201d. El dirigente gremial aludi\u00f3 a lo que su gremio sostiene desde hace un tiempo que es el vaciamiento de Fabricaciones Militares.<\/p>\n<p>Mientras se conoc\u00eda la renuncia de ambos funcionarios, tambi\u00e9n se conoc\u00eda que unos seis camiones del Ej\u00e9rcito ingresaban en la noche de este mi\u00e9rcoles 13 de noviembre a los talleres de producci\u00f3n mec\u00e1nica de F\u00e1brica Militar R\u00edo Tercero.<\/p>\n<p>Personal del Ej\u00e9rcito comenz\u00f3 a retirar ca\u00f1ones que esperaban ser reparados en los talleres mec\u00e1nicos y tambi\u00e9n insumos y materiales que el estado hab\u00eda enviado para esos trabajos.<\/p>\n<p>Esos arreglos eran los \u00fanicos trabajos que hab\u00eda para hacer en los talleres mec\u00e1nicos de F\u00e1brica Militar, pero la orden de trabajo nunca lleg\u00f3, denunciaron desde ATE.<\/p>\n<p>As\u00ed, el gremio y los trabajadores est\u00e1n observando frente a sus caras como se produce este vaciamiento que vienen denunciando.<\/p>\n","protected":false},"excerpt":{"rendered":"<p>(Fuente: www.diarioriotercero.com.ar) En la F\u00e1brica Militar R\u00edo Tercero se viven momentos de gran preocupaci\u00f3n por el futuro de la industria estatal en esta ciudad. Nada nuevo con respecto a los \u00faltimos meses, pero s\u00ed con aditamentos que llevan a que se profundice a\u00fan m\u00e1s la situaci\u00f3n de incertidumbre que tienen sus aproximadamente 330 trabajadores. El [&hellip;]<\/p>\n","protected":false},"author":7,"featured_media":46511,"comment_status":"open","ping_status":"open","sticky":false,"template":"","format":"standard","meta":{"_exactmetrics_skip_tracking":false,"_exactmetrics_sitenote_active":false,"_exactmetrics_sitenote_note":"","_exactmetrics_sitenote_category":0,"jnews-multi-image_gallery":[],"jnews_single_post":{"format":"standard","override":[{"template":"1","parallax":"1","fullscreen":"1","layout":"no-sidebar-narrow","sidebar":"default-sidebar","second_sidebar":"default-sidebar","sticky_sidebar":"1","share_position":"bottom","share_float_style":"share-monocrhome","show_share_counter":"1","show_view_counter":"1","show_post_meta":"1","show_post_author_image":"1","show_post_date":"1","post_date_format":"default","post_date_format_custom":"Y\/m\/d","show_post_category":"1","show_post_reading_time":"0","post_reading_time_wpm":"300","post_calculate_word_method":"str_word_count","show_zoom_button":"0","zoom_button_out_step":"2","zoom_button_in_step":"3","show_post_tag":"1","number_popup_post":"1","show_post_related":"1","show_inline_post_related":"0"}],"image_override":[{"single_post_thumbnail_size":"crop-500","single_post_gallery_size":"crop-500"}],"trending_post_position":"meta","trending_post_label":"Trending","sponsored_post_label":"Sponsored by","disable_ad":"0"},"jnews_primary_category":[],"jnews_social_meta":[],"jnews_review":[],"enable_review":"","type":"percentage","name":"","summary":"","brand":"","sku":"","good":[],"bad":[],"score_override":"","override_value":"","rating":[],"price":[],"jnews_override_counter":{"view_counter_number":"0","share_counter_number":"0","like_counter_number":"0","dislike_counter_number":"0"},"jnews_post_split":{"post_split":[{"template":"1","tag":"h2","numbering":"asc","mode":"normal","first":"0","enable_toc":"0","toc_type":"normal"}]},"footnotes":""},"categories":[18],"tags":[1347,703],"class_list":["post-46510","post","type-post","status-publish","format-standard","has-post-thumbnail","hentry","category-nacionales","tag-fabrica-militar-rio-tercero","tag-ffmm"],"jetpack_featured_media_url":"https:\/\/atecordoba.org\/wp-content\/uploads\/2024\/11\/fm-rio3-e1731676178729.jpeg","_links":{"self":[{"href":"https:\/\/atecordoba.org\/index.php?rest_route=\/wp\/v2\/posts\/46510","targetHints":{"allow":["GET"]}}],"collection":[{"href":"https:\/\/atecordoba.org\/index.php?rest_route=\/wp\/v2\/posts"}],"about":[{"href":"https:\/\/atecordoba.org\/index.php?rest_route=\/wp\/v2\/types\/post"}],"author":[{"embeddable":true,"href":"https:\/\/atecordoba.org\/index.php?rest_route=\/wp\/v2\/users\/7"}],"replies":[{"embeddable":true,"href":"https:\/\/atecordoba.org\/index.php?rest_route=%2Fwp%2Fv2%2Fcomments&post=46510"}],"version-history":[{"count":1,"href":"https:\/\/atecordoba.org\/index.php?rest_route=\/wp\/v2\/posts\/46510\/revisions"}],"predecessor-version":[{"id":46512,"href":"https:\/\/atecordoba.org\/index.php?rest_route=\/wp\/v2\/posts\/46510\/revisions\/46512"}],"wp:featuredmedia":[{"embeddable":true,"href":"https:\/\/atecordoba.org\/index.php?rest_route=\/wp\/v2\/media\/46511"}],"wp:attachment":[{"href":"https:\/\/atecordoba.org\/index.php?rest_route=%2Fwp%2Fv2%2Fmedia&parent=46510"}],"wp:term":[{"taxonomy":"category","embeddable":true,"href":"https:\/\/atecordoba.org\/index.php?rest_route=%2Fwp%2Fv2%2Fcategories&post=46510"},{"taxonomy":"post_tag","embeddable":true,"href":"https:\/\/atecordoba.org\/index.php?rest_route=%2Fwp%2Fv2%2Ftags&post=46510"}],"curies":[{"name":"wp","href":"https:\/\/api.w.org\/{rel}","templated":true}]}}