{"id":46501,"date":"2024-11-15T09:46:36","date_gmt":"2024-11-15T12:46:36","guid":{"rendered":"https:\/\/atecordoba.org\/?p=46501"},"modified":"2024-11-15T09:50:01","modified_gmt":"2024-11-15T12:50:01","slug":"ate-cordoba-repudia-el-voto-del-gobierno-de-milei-en-la-onu-contra-la-prevencion-de-la-violencia-por-genero","status":"publish","type":"post","link":"https:\/\/atecordoba.org\/?p=46501","title":{"rendered":"ATE C\u00f3rdoba repudia el voto del gobierno de Milei en la ONU contra la prevenci\u00f3n de la violencia por g\u00e9nero"},"content":{"rendered":"<p><img loading=\"lazy\" decoding=\"async\" class=\"aligncenter wp-image-46502 \" src=\"https:\/\/atecordoba.org\/wp-content\/uploads\/2024\/11\/genero-bandera.jpg\" alt=\"\" width=\"620\" height=\"412\" \/>ATE repudia el voto negativo del gobierno de Milei en la ONU ante una resoluci\u00f3n que propone &#8220;intensificar los esfuerzos para prevenir y eliminar todas las formas de violencia contra mujeres y ni\u00f1as&#8221;.<\/p>\n<p>Argentina fue el \u00fanico pa\u00eds de los 183 presentes que voto en contra de la norma, que obliga a los Estados a desarrollar ese tipo de pol\u00edticas preventivas.<\/p>\n<p>Sus medidas de reducci\u00f3n de todos los organismos p\u00fablicos en el pa\u00eds que asisten a las mujeres, como ha quedado en evidencia en C\u00f3rdoba, se ven as\u00ed confirmadas a nivel internacional, ubicando a su gesti\u00f3n como la m\u00e1s arcaica, arbitraria y antiderechos del planeta.<\/p>\n<p>Seg\u00fan datos del Registro Nacional de Femicidios de la Justicia Argentina que elabora la Oficina de la Mujer de la Corte Suprema de Justicia de la Naci\u00f3n en 2023 ocurri\u00f3 1 femicidio cada 35 horas, un aumento del 10,6% en relaci\u00f3n a 2022. El 64% de los femicidios fueron cometidos por la pareja o ex-pareja, y el 75% en contexto de violencia dom\u00e9stica.<\/p>\n<p><img loading=\"lazy\" decoding=\"async\" class=\"aligncenter wp-image-46504 \" src=\"https:\/\/atecordoba.org\/wp-content\/uploads\/2024\/11\/flyer-onu-909x1024.jpg\" alt=\"\" width=\"617\" height=\"695\" srcset=\"https:\/\/atecordoba.org\/wp-content\/uploads\/2024\/11\/flyer-onu-909x1024.jpg 909w, https:\/\/atecordoba.org\/wp-content\/uploads\/2024\/11\/flyer-onu-266x300.jpg 266w, https:\/\/atecordoba.org\/wp-content\/uploads\/2024\/11\/flyer-onu-768x865.jpg 768w, https:\/\/atecordoba.org\/wp-content\/uploads\/2024\/11\/flyer-onu-750x845.jpg 750w, https:\/\/atecordoba.org\/wp-content\/uploads\/2024\/11\/flyer-onu.jpg 1018w\" sizes=\"auto, (max-width: 617px) 100vw, 617px\" \/><\/p>\n<p>Desde la asunci\u00f3n del nuevo gobierno en diciembre de 2023, el desmantelamiento de pol\u00edticas p\u00fablicas, el desprestigio de las instituciones de g\u00e9nero, el recorte de partidas presupuestarias y la reducci\u00f3n de personal mediante despidos masivos, consolidaron un grave retroceso poniendo en riesgo la vida de miles de ni\u00f1as, adolescentes, mujeres y diversidades. Este deterioro incluye la eliminaci\u00f3n de la Subsecretar\u00eda de Protecci\u00f3n contra la Violencia de G\u00e9nero y, en particular, el desmantelamiento de programas esenciales como la L\u00ednea 144, el Programa Acompa\u00f1ar, los dispositivos de acompa\u00f1amiento integral y pol\u00edticas de prevenci\u00f3n como la implementaci\u00f3n de la Ley Micaela.<\/p>\n<p>Frente a este cuadro, ATE redobla su compromiso en defensa de las pol\u00edticas contra la violencia de g\u00e9nero.<\/p>\n<h2 class=\"h3 ff-20px-w400\"><\/h2>\n","protected":false},"excerpt":{"rendered":"<p>ATE repudia el voto negativo del gobierno de Milei en la ONU ante una resoluci\u00f3n que propone &#8220;intensificar los esfuerzos para prevenir y eliminar todas las formas de violencia contra mujeres y ni\u00f1as&#8221;. Argentina fue el \u00fanico pa\u00eds de los 183 presentes que voto en contra de la norma, que obliga a los Estados a [&hellip;]<\/p>\n","protected":false},"author":7,"featured_media":46502,"comment_status":"open","ping_status":"open","sticky":false,"template":"","format":"standard","meta":{"_exactmetrics_skip_tracking":false,"_exactmetrics_sitenote_active":false,"_exactmetrics_sitenote_note":"","_exactmetrics_sitenote_category":0,"jnews-multi-image_gallery":[],"jnews_single_post":{"format":"standard","override":[{"template":"1","parallax":"1","fullscreen":"1","layout":"no-sidebar-narrow","sidebar":"default-sidebar","second_sidebar":"default-sidebar","sticky_sidebar":"1","share_position":"bottom","share_float_style":"share-monocrhome","show_share_counter":"1","show_view_counter":"1","show_post_meta":"1","show_post_author_image":"1","show_post_date":"1","post_date_format":"default","post_date_format_custom":"Y\/m\/d","show_post_category":"1","show_post_reading_time":"0","post_reading_time_wpm":"300","post_calculate_word_method":"str_word_count","show_zoom_button":"0","zoom_button_out_step":"2","zoom_button_in_step":"3","show_post_tag":"1","number_popup_post":"1","show_post_related":"1","show_inline_post_related":"0"}],"image_override":[{"single_post_thumbnail_size":"crop-500","single_post_gallery_size":"crop-500"}],"trending_post_position":"meta","trending_post_label":"Trending","sponsored_post_label":"Sponsored by","disable_ad":"0"},"jnews_primary_category":[],"jnews_social_meta":[],"jnews_review":[],"enable_review":"","type":"percentage","name":"","summary":"","brand":"","sku":"","good":[],"bad":[],"score_override":"","override_value":"","rating":[],"price":[],"jnews_override_counter":{"view_counter_number":"0","share_counter_number":"0","like_counter_number":"0","dislike_counter_number":"0"},"jnews_post_split":{"post_split":[{"template":"1","tag":"h2","numbering":"asc","mode":"normal","first":"0","enable_toc":"0","toc_type":"normal"}]},"footnotes":""},"categories":[325],"tags":[26,1160,851,1308,1415,1393],"class_list":["post-46501","post","type-post","status-publish","format-standard","has-post-thumbnail","hentry","category-generos-y-diversidades","tag-ate","tag-cordoba-2","tag-genero","tag-milei","tag-onu","tag-repudio-al-milei"],"jetpack_featured_media_url":"https:\/\/atecordoba.org\/wp-content\/uploads\/2024\/11\/genero-bandera-e1731674651312.jpg","_links":{"self":[{"href":"https:\/\/atecordoba.org\/index.php?rest_route=\/wp\/v2\/posts\/46501","targetHints":{"allow":["GET"]}}],"collection":[{"href":"https:\/\/atecordoba.org\/index.php?rest_route=\/wp\/v2\/posts"}],"about":[{"href":"https:\/\/atecordoba.org\/index.php?rest_route=\/wp\/v2\/types\/post"}],"author":[{"embeddable":true,"href":"https:\/\/atecordoba.org\/index.php?rest_route=\/wp\/v2\/users\/7"}],"replies":[{"embeddable":true,"href":"https:\/\/atecordoba.org\/index.php?rest_route=%2Fwp%2Fv2%2Fcomments&post=46501"}],"version-history":[{"count":5,"href":"https:\/\/atecordoba.org\/index.php?rest_route=\/wp\/v2\/posts\/46501\/revisions"}],"predecessor-version":[{"id":46508,"href":"https:\/\/atecordoba.org\/index.php?rest_route=\/wp\/v2\/posts\/46501\/revisions\/46508"}],"wp:featuredmedia":[{"embeddable":true,"href":"https:\/\/atecordoba.org\/index.php?rest_route=\/wp\/v2\/media\/46502"}],"wp:attachment":[{"href":"https:\/\/atecordoba.org\/index.php?rest_route=%2Fwp%2Fv2%2Fmedia&parent=46501"}],"wp:term":[{"taxonomy":"category","embeddable":true,"href":"https:\/\/atecordoba.org\/index.php?rest_route=%2Fwp%2Fv2%2Fcategories&post=46501"},{"taxonomy":"post_tag","embeddable":true,"href":"https:\/\/atecordoba.org\/index.php?rest_route=%2Fwp%2Fv2%2Ftags&post=46501"}],"curies":[{"name":"wp","href":"https:\/\/api.w.org\/{rel}","templated":true}]}}