{"id":4650,"date":"2014-10-27T16:47:07","date_gmt":"2014-10-27T19:47:07","guid":{"rendered":"http:\/\/www.atecordoba.org\/?p=4650"},"modified":"2014-10-27T16:47:07","modified_gmt":"2014-10-27T19:47:07","slug":"censo-de-escolaridad-para-utiles-educativos","status":"publish","type":"post","link":"https:\/\/atecordoba.org\/?p=4650","title":{"rendered":"Censo de escolaridad para \u00fatiles educativos"},"content":{"rendered":"<p>Compa\u00f1eros, se lanz\u00f3 el censo de escolaridad de los hijos de los trabajadores afiliados a nuestra ATE, a fin de recabar la informaci\u00f3n sobre el nivel educativo que se encontrar\u00e1n los hijos de afiliados para facilitar los \u00fatiles escolares para el a\u00f1o lectivo 2015. Los afiliados deber\u00e1n ponerse en contacto con sus delegados para brindarle la informaci\u00f3n correspondiente. La recepci\u00f3n de datos cierra el pr\u00f3ximo\u00a07 de noviembre. Facilitamos la planilla para completar los datos, que puede imprimirse desde aqu\u00ed, clickeando sobre la imagen.<\/p>\n<p><a href=\"http:\/\/www.atecordoba.org\/wp-content\/uploads\/2014\/10\/escolaridad.png\"><img loading=\"lazy\" decoding=\"async\" class=\"aligncenter  wp-image-4651\" src=\"http:\/\/www.atecordoba.org\/wp-content\/uploads\/2014\/10\/escolaridad.png\" alt=\"escolaridad\" width=\"599\" height=\"352\" \/><\/a><\/p>\n<p>Maria Teresa Romero<\/p>\n<p>secretaria General<\/p>\n","protected":false},"excerpt":{"rendered":"<p>Compa\u00f1eros, se lanz\u00f3 el censo de escolaridad de los hijos de los trabajadores afiliados a nuestra ATE, a fin de recabar la informaci\u00f3n sobre el nivel educativo que se encontrar\u00e1n los hijos de afiliados para facilitar los \u00fatiles escolares para el a\u00f1o lectivo 2015. Los afiliados deber\u00e1n ponerse en contacto con sus delegados para brindarle [&hellip;]<\/p>\n","protected":false},"author":1,"featured_media":19220,"comment_status":"open","ping_status":"open","sticky":false,"template":"","format":"standard","meta":{"_exactmetrics_skip_tracking":false,"_exactmetrics_sitenote_active":false,"_exactmetrics_sitenote_note":"","_exactmetrics_sitenote_category":0,"jnews-multi-image_gallery":[],"jnews_single_post":[],"jnews_primary_category":[],"jnews_social_meta":[],"jnews_review":[],"enable_review":"","type":"","name":"","summary":"","brand":"","sku":"","good":[],"bad":[],"score_override":"","override_value":"","rating":[],"price":[],"jnews_override_counter":[],"jnews_post_split":[],"footnotes":""},"categories":[1],"tags":[],"class_list":["post-4650","post","type-post","status-publish","format-standard","has-post-thumbnail","hentry","category-sin-categoria"],"jetpack_featured_media_url":"https:\/\/atecordoba.org\/wp-content\/uploads\/2020\/05\/logo-nuevochico-e1561581322808.png","_links":{"self":[{"href":"https:\/\/atecordoba.org\/index.php?rest_route=\/wp\/v2\/posts\/4650","targetHints":{"allow":["GET"]}}],"collection":[{"href":"https:\/\/atecordoba.org\/index.php?rest_route=\/wp\/v2\/posts"}],"about":[{"href":"https:\/\/atecordoba.org\/index.php?rest_route=\/wp\/v2\/types\/post"}],"author":[{"embeddable":true,"href":"https:\/\/atecordoba.org\/index.php?rest_route=\/wp\/v2\/users\/1"}],"replies":[{"embeddable":true,"href":"https:\/\/atecordoba.org\/index.php?rest_route=%2Fwp%2Fv2%2Fcomments&post=4650"}],"version-history":[{"count":0,"href":"https:\/\/atecordoba.org\/index.php?rest_route=\/wp\/v2\/posts\/4650\/revisions"}],"wp:featuredmedia":[{"embeddable":true,"href":"https:\/\/atecordoba.org\/index.php?rest_route=\/wp\/v2\/media\/19220"}],"wp:attachment":[{"href":"https:\/\/atecordoba.org\/index.php?rest_route=%2Fwp%2Fv2%2Fmedia&parent=4650"}],"wp:term":[{"taxonomy":"category","embeddable":true,"href":"https:\/\/atecordoba.org\/index.php?rest_route=%2Fwp%2Fv2%2Fcategories&post=4650"},{"taxonomy":"post_tag","embeddable":true,"href":"https:\/\/atecordoba.org\/index.php?rest_route=%2Fwp%2Fv2%2Ftags&post=4650"}],"curies":[{"name":"wp","href":"https:\/\/api.w.org\/{rel}","templated":true}]}}