{"id":46486,"date":"2024-11-14T10:33:01","date_gmt":"2024-11-14T13:33:01","guid":{"rendered":"https:\/\/atecordoba.org\/?p=46486"},"modified":"2024-11-14T10:33:30","modified_gmt":"2024-11-14T13:33:30","slug":"psicologia-social-pichon-riviere-lanza-los-cursos-para-2025-con-20-de-descuento-para-afiliados-as","status":"publish","type":"post","link":"https:\/\/atecordoba.org\/?p=46486","title":{"rendered":"Psicolog\u00eda Social: Pichon Riviere lanza los cursos para 2025 con 20% de descuento para afiliados\/as"},"content":{"rendered":"<p><img loading=\"lazy\" decoding=\"async\" class=\"aligncenter wp-image-46487 \" src=\"https:\/\/atecordoba.org\/wp-content\/uploads\/2024\/11\/74248688-482d-4860-a454-9edb878af068-1024x1024.jpg\" alt=\"\" width=\"610\" height=\"610\" srcset=\"https:\/\/atecordoba.org\/wp-content\/uploads\/2024\/11\/74248688-482d-4860-a454-9edb878af068-1024x1024.jpg 1024w, https:\/\/atecordoba.org\/wp-content\/uploads\/2024\/11\/74248688-482d-4860-a454-9edb878af068-300x300.jpg 300w, https:\/\/atecordoba.org\/wp-content\/uploads\/2024\/11\/74248688-482d-4860-a454-9edb878af068-150x150.jpg 150w, https:\/\/atecordoba.org\/wp-content\/uploads\/2024\/11\/74248688-482d-4860-a454-9edb878af068-768x768.jpg 768w, https:\/\/atecordoba.org\/wp-content\/uploads\/2024\/11\/74248688-482d-4860-a454-9edb878af068-560x560.jpg 560w, https:\/\/atecordoba.org\/wp-content\/uploads\/2024\/11\/74248688-482d-4860-a454-9edb878af068-75x75.jpg 75w, https:\/\/atecordoba.org\/wp-content\/uploads\/2024\/11\/74248688-482d-4860-a454-9edb878af068-350x350.jpg 350w, https:\/\/atecordoba.org\/wp-content\/uploads\/2024\/11\/74248688-482d-4860-a454-9edb878af068-750x750.jpg 750w, https:\/\/atecordoba.org\/wp-content\/uploads\/2024\/11\/74248688-482d-4860-a454-9edb878af068.jpg 1080w\" sizes=\"auto, (max-width: 610px) 100vw, 610px\" \/><\/p>\n<p>El Instituto Superior de Estudios Psicosociales de C\u00f3rdoba Dr. Enrique Pichon Riviere lanz\u00f3 los cursos para la temporada 2025, que se desarrollar\u00e1n tanto en la sede de nuestro Consejo Directivo Provincial (CDP) como de modo virtual, a partir de un convenio suscripto en febrero pasado.<\/p>\n<p><img loading=\"lazy\" decoding=\"async\" class=\"alignright wp-image-46488 \" src=\"https:\/\/atecordoba.org\/wp-content\/uploads\/2024\/11\/4c9a05b1-64ed-4a2b-9ac4-a9d1cbab4a4e-1024x1024.jpg\" alt=\"\" width=\"437\" height=\"437\" \/>La instituci\u00f3n dicta la carrera de Psicolog\u00eda Social con una duraci\u00f3n de cuatro a\u00f1os de cursado. Adem\u00e1s, brinda cursos de formaci\u00f3n en psicolog\u00eda social a partir de m\u00faltiples acciones educativas y de participaci\u00f3n social\u00a0en campos como Violencia familiar; conducci\u00f3n y organizaci\u00f3n de menores abandonados; formaci\u00f3n de agentes comunitarios; alfabetizadores; asesoramiento y supervisi\u00f3n en escuelas primarias y secundarias, con docentes, directores, alumnos y padres; en el Poder Judicial; en situaciones de emergencia social, entre otras.<\/p>\n<p>A partir del convenio realizado, las y los afiliados de ATE C\u00f3rdoba cuenta con un descuento del 20% para realizar el trayecto educativo. Se trata de la \u00fanica oportunidad de formaci\u00f3n en psicolog\u00eda social en C\u00f3rdoba con t\u00edtulo oficial, a partir de las ense\u00f1anzas del destacado educador, psic\u00f3logo e intelectual Enrique Pichon Riviere, cuyo legado se estudia en distintos pa\u00edses del mundo a trav\u00e9s de la Red de Escuela Pichoneanas.<\/p>\n<p>&#8220;\u00bfTe preguntas por las modalidades que tienen los v\u00ednculos actualmente?\u00a0\u00bfTe preocupa el contexto y las dificultades que se manifiestan en interacciones familiares, laborales y grupales?\u00a0\u00bfQuer\u00e9s entender mejor como trabajar con otros y otras\u00a0 poniendo en primer lugar los proyectos compartidos?\u00a0Te ofrecemos a formaci\u00f3n que brindamos en el Instituto superior de Estudios Psicosociales de C\u00f3rdoba Dr. Enrique Pichon-Rivi\u00e8. Te formas en grupo, cursas dos d\u00edas a la semana y se otorga t\u00edtulo oficial&#8221;, convoca el Instituto.<\/p>\n<p>Para las y los interesados, se realizar\u00e1 un encuentro informativo por <em>Meet<\/em> el 27 de noviembre a las 19 horas.<\/p>\n<p>M\u00e1s informaci\u00f3n, v\u00eda redes sociales, ingresando al IG @psicologia_social_cordoba y la cuenta de facebook @psicologiasocialcbaepr o comunic\u00e1ndose al telefono celular 3513536027 o por mail a info@psicologiasocialcordoba.com<\/p>\n<p>&nbsp;<\/p>\n<p>&nbsp;<\/p>\n","protected":false},"excerpt":{"rendered":"<p>El Instituto Superior de Estudios Psicosociales de C\u00f3rdoba Dr. Enrique Pichon Riviere lanz\u00f3 los cursos para la temporada 2025, que se desarrollar\u00e1n tanto en la sede de nuestro Consejo Directivo Provincial (CDP) como de modo virtual, a partir de un convenio suscripto en febrero pasado. La instituci\u00f3n dicta la carrera de Psicolog\u00eda Social con una [&hellip;]<\/p>\n","protected":false},"author":7,"featured_media":46488,"comment_status":"open","ping_status":"open","sticky":false,"template":"","format":"standard","meta":{"_exactmetrics_skip_tracking":false,"_exactmetrics_sitenote_active":false,"_exactmetrics_sitenote_note":"","_exactmetrics_sitenote_category":0,"jnews-multi-image_gallery":[],"jnews_single_post":{"format":"standard","override":[{"template":"1","parallax":"1","fullscreen":"1","layout":"no-sidebar-narrow","sidebar":"default-sidebar","second_sidebar":"default-sidebar","sticky_sidebar":"1","share_position":"bottom","share_float_style":"share-monocrhome","show_share_counter":"1","show_view_counter":"1","show_post_meta":"1","show_post_author_image":"1","show_post_date":"1","post_date_format":"default","post_date_format_custom":"Y\/m\/d","show_post_category":"1","show_post_reading_time":"0","post_reading_time_wpm":"300","post_calculate_word_method":"str_word_count","show_zoom_button":"0","zoom_button_out_step":"2","zoom_button_in_step":"3","show_post_tag":"1","number_popup_post":"1","show_post_related":"1","show_inline_post_related":"0"}],"image_override":[{"single_post_thumbnail_size":"crop-500","single_post_gallery_size":"crop-500"}],"trending_post_position":"meta","trending_post_label":"Trending","sponsored_post_label":"Sponsored by","disable_ad":"0"},"jnews_primary_category":[],"jnews_social_meta":[],"jnews_review":[],"enable_review":"","type":"percentage","name":"","summary":"","brand":"","sku":"","good":[],"bad":[],"score_override":"","override_value":"","rating":[],"price":[],"jnews_override_counter":{"view_counter_number":"0","share_counter_number":"0","like_counter_number":"0","dislike_counter_number":"0"},"jnews_post_split":{"post_split":[{"template":"1","tag":"h2","numbering":"asc","mode":"normal","first":"0","enable_toc":"0","toc_type":"normal"}]},"footnotes":""},"categories":[564,88],"tags":[],"class_list":["post-46486","post","type-post","status-publish","format-standard","has-post-thumbnail","hentry","category-educacion","category-formacion"],"jetpack_featured_media_url":"https:\/\/atecordoba.org\/wp-content\/uploads\/2024\/11\/4c9a05b1-64ed-4a2b-9ac4-a9d1cbab4a4e-e1731591173257.jpg","_links":{"self":[{"href":"https:\/\/atecordoba.org\/index.php?rest_route=\/wp\/v2\/posts\/46486","targetHints":{"allow":["GET"]}}],"collection":[{"href":"https:\/\/atecordoba.org\/index.php?rest_route=\/wp\/v2\/posts"}],"about":[{"href":"https:\/\/atecordoba.org\/index.php?rest_route=\/wp\/v2\/types\/post"}],"author":[{"embeddable":true,"href":"https:\/\/atecordoba.org\/index.php?rest_route=\/wp\/v2\/users\/7"}],"replies":[{"embeddable":true,"href":"https:\/\/atecordoba.org\/index.php?rest_route=%2Fwp%2Fv2%2Fcomments&post=46486"}],"version-history":[{"count":1,"href":"https:\/\/atecordoba.org\/index.php?rest_route=\/wp\/v2\/posts\/46486\/revisions"}],"predecessor-version":[{"id":46489,"href":"https:\/\/atecordoba.org\/index.php?rest_route=\/wp\/v2\/posts\/46486\/revisions\/46489"}],"wp:featuredmedia":[{"embeddable":true,"href":"https:\/\/atecordoba.org\/index.php?rest_route=\/wp\/v2\/media\/46488"}],"wp:attachment":[{"href":"https:\/\/atecordoba.org\/index.php?rest_route=%2Fwp%2Fv2%2Fmedia&parent=46486"}],"wp:term":[{"taxonomy":"category","embeddable":true,"href":"https:\/\/atecordoba.org\/index.php?rest_route=%2Fwp%2Fv2%2Fcategories&post=46486"},{"taxonomy":"post_tag","embeddable":true,"href":"https:\/\/atecordoba.org\/index.php?rest_route=%2Fwp%2Fv2%2Ftags&post=46486"}],"curies":[{"name":"wp","href":"https:\/\/api.w.org\/{rel}","templated":true}]}}