{"id":46480,"date":"2024-11-13T13:42:15","date_gmt":"2024-11-13T16:42:15","guid":{"rendered":"https:\/\/atecordoba.org\/?p=46480"},"modified":"2024-11-13T13:42:15","modified_gmt":"2024-11-13T16:42:15","slug":"mendiolaza-ate-denuncia-que-el-recorte-de-horas-de-arning-ya-afecta-la-prestacion-de-servicios-de-la-municipalidad","status":"publish","type":"post","link":"https:\/\/atecordoba.org\/?p=46480","title":{"rendered":"Mendiolaza: ATE denuncia que el recorte de horas de Arning ya afecta la prestaci\u00f3n de servicios de la Municipalidad"},"content":{"rendered":"<p><img loading=\"lazy\" decoding=\"async\" class=\"alignleft wp-image-46286 size-full\" src=\"https:\/\/atecordoba.org\/wp-content\/uploads\/2024\/11\/mendiolaza-e1730741199511.jpg\" alt=\"\" width=\"472\" height=\"300\" \/><\/p>\n<p>El <a href=\"https:\/\/atecordoba.org\/?p=46376\">recorte de la jornada laboral en la Municipalidad de Mendiolaza<\/a> que orden\u00f3 aplicar la intendenta Adela Arning, ya afecta la prestaci\u00f3n de servicios en la localidad.<\/p>\n<p>El delegado de ATE Mart\u00edn Zamarre\u00f1o apunt\u00f3 que prestaciones como la recolecci\u00f3n de residuos, alumbrado p\u00fablico, mantenimiento de calles, la actividad administrativa, se encuentran resentidas como resultado del ajuste que Arning impuso por decreto recientemente.<\/p>\n<p>Los turnos se redujeron en dos turnos, de 7 a 12.30 y de 8.30 a 14. La reducci\u00f3n horario impact\u00f3 en el achicamiento de los haberes municipales, afectando los ingresos del conjunto del personal.<\/p>\n<p><strong>La queja del Q2<\/strong><\/p>\n<p>Esta situaci\u00f3n afect\u00f3 el servicio de recolecci\u00f3n de residuos en el country Q2, propiedad del pope de la Bolsa de Comercio Manuel Tagle. La urbanizaci\u00f3n emiti\u00f3 un comunicado donde anunciaba la privatizaci\u00f3n de su servicio de basura y le achacaba al conflicto gremial, derivado de la falta de aumento salarial y la reducci\u00f3n horaria, la causa de que la Municipalidad no realice la prestaci\u00f3n habitual.<\/p>\n<p>Inmediatamente ATE sali\u00f3 a responderle a la administraci\u00f3n del country de Tagle y afirm\u00f3 que &#8220;es de p\u00fablico conocimiento que el Departamento Ejecutivo redujo 2 horas diarias el trabajo a los empleados\/as municipales, y ese es el motivo por el cual todos los servicios se ven resentidos&#8221;. Al mismo tiempo, las y los compa\u00f1eros municipales de Mendiolaza se solidarizaron con los vecinos de la urbanizaci\u00f3n, que ahora sufren en carne propia los efectos de las medidas de ajuste de Arning.<\/p>\n<p>&#8220;Se ha llegado a esta situaci\u00f3n no por culpa de las y los trabajadores municipales, sino por la falta de capacidad\u00a0 de gesti\u00f3n de las autoridades de Mendiolaza&#8221;, concluyeron.<\/p>\n<p>&nbsp;<\/p>\n","protected":false},"excerpt":{"rendered":"<p>El recorte de la jornada laboral en la Municipalidad de Mendiolaza que orden\u00f3 aplicar la intendenta Adela Arning, ya afecta la prestaci\u00f3n de servicios en la localidad. El delegado de ATE Mart\u00edn Zamarre\u00f1o apunt\u00f3 que prestaciones como la recolecci\u00f3n de residuos, alumbrado p\u00fablico, mantenimiento de calles, la actividad administrativa, se encuentran resentidas como resultado del [&hellip;]<\/p>\n","protected":false},"author":7,"featured_media":46286,"comment_status":"open","ping_status":"open","sticky":false,"template":"","format":"standard","meta":{"_exactmetrics_skip_tracking":false,"_exactmetrics_sitenote_active":false,"_exactmetrics_sitenote_note":"","_exactmetrics_sitenote_category":0,"jnews-multi-image_gallery":[],"jnews_single_post":{"format":"standard","override":[{"template":"1","parallax":"1","fullscreen":"1","layout":"no-sidebar-narrow","sidebar":"default-sidebar","second_sidebar":"default-sidebar","sticky_sidebar":"1","share_position":"bottom","share_float_style":"share-monocrhome","show_share_counter":"1","show_view_counter":"1","show_post_meta":"1","show_post_author_image":"1","show_post_date":"1","post_date_format":"default","post_date_format_custom":"Y\/m\/d","show_post_category":"1","show_post_reading_time":"0","post_reading_time_wpm":"300","post_calculate_word_method":"str_word_count","show_zoom_button":"0","zoom_button_out_step":"2","zoom_button_in_step":"3","show_post_tag":"1","number_popup_post":"1","show_post_related":"1","show_inline_post_related":"0"}],"image_override":[{"single_post_thumbnail_size":"crop-500","single_post_gallery_size":"crop-500"}],"trending_post_position":"meta","trending_post_label":"Trending","sponsored_post_label":"Sponsored by","disable_ad":"0"},"jnews_primary_category":[],"jnews_social_meta":[],"jnews_review":[],"enable_review":"","type":"percentage","name":"","summary":"","brand":"","sku":"","good":[],"bad":[],"score_override":"","override_value":"","rating":[],"price":[],"jnews_override_counter":{"view_counter_number":"0","share_counter_number":"0","like_counter_number":"0","dislike_counter_number":"0"},"jnews_post_split":{"post_split":[{"template":"1","tag":"h2","numbering":"asc","mode":"normal","first":"0","enable_toc":"0","toc_type":"normal"}]},"footnotes":""},"categories":[20],"tags":[],"class_list":["post-46480","post","type-post","status-publish","format-standard","has-post-thumbnail","hentry","category-municipales"],"jetpack_featured_media_url":"https:\/\/atecordoba.org\/wp-content\/uploads\/2024\/11\/mendiolaza-e1730741199511.jpg","_links":{"self":[{"href":"https:\/\/atecordoba.org\/index.php?rest_route=\/wp\/v2\/posts\/46480","targetHints":{"allow":["GET"]}}],"collection":[{"href":"https:\/\/atecordoba.org\/index.php?rest_route=\/wp\/v2\/posts"}],"about":[{"href":"https:\/\/atecordoba.org\/index.php?rest_route=\/wp\/v2\/types\/post"}],"author":[{"embeddable":true,"href":"https:\/\/atecordoba.org\/index.php?rest_route=\/wp\/v2\/users\/7"}],"replies":[{"embeddable":true,"href":"https:\/\/atecordoba.org\/index.php?rest_route=%2Fwp%2Fv2%2Fcomments&post=46480"}],"version-history":[{"count":1,"href":"https:\/\/atecordoba.org\/index.php?rest_route=\/wp\/v2\/posts\/46480\/revisions"}],"predecessor-version":[{"id":46481,"href":"https:\/\/atecordoba.org\/index.php?rest_route=\/wp\/v2\/posts\/46480\/revisions\/46481"}],"wp:featuredmedia":[{"embeddable":true,"href":"https:\/\/atecordoba.org\/index.php?rest_route=\/wp\/v2\/media\/46286"}],"wp:attachment":[{"href":"https:\/\/atecordoba.org\/index.php?rest_route=%2Fwp%2Fv2%2Fmedia&parent=46480"}],"wp:term":[{"taxonomy":"category","embeddable":true,"href":"https:\/\/atecordoba.org\/index.php?rest_route=%2Fwp%2Fv2%2Fcategories&post=46480"},{"taxonomy":"post_tag","embeddable":true,"href":"https:\/\/atecordoba.org\/index.php?rest_route=%2Fwp%2Fv2%2Ftags&post=46480"}],"curies":[{"name":"wp","href":"https:\/\/api.w.org\/{rel}","templated":true}]}}