{"id":46472,"date":"2024-11-13T12:23:57","date_gmt":"2024-11-13T15:23:57","guid":{"rendered":"https:\/\/atecordoba.org\/?p=46472"},"modified":"2024-11-13T13:52:02","modified_gmt":"2024-11-13T16:52:02","slug":"trabajadores-as-del-hospital-misericordia-y-la-maternidad-provincial-protestaron-en-la-plaza-de-las-americas","status":"publish","type":"post","link":"https:\/\/atecordoba.org\/?p=46472","title":{"rendered":"Trabajadores\/as del Hospital Misericordia y la Maternidad Provincial protestaron en la Plaza de las Am\u00e9ricas"},"content":{"rendered":"<p><img loading=\"lazy\" decoding=\"async\" class=\"aligncenter wp-image-46473 \" src=\"https:\/\/atecordoba.org\/wp-content\/uploads\/2024\/11\/WhatsApp-Image-2024-11-13-at-11.44.09-1024x461.jpeg\" alt=\"\" width=\"639\" height=\"288\" \/>En una protesta conjunta de las y los trabajadores provinciales de los hospitales Misericordia y la Maternidad Provincial, se realiz\u00f3 un corte de calle en horas de la ma\u00f1ana en la Plaza de las Am\u00e9ricas.<\/p>\n<p>La actividad de protesta estuvo respaldada por ATE, ATSA y SEP en reclamo de aumento salarial y exigiendo que el Gobierno de C\u00f3rdoba termine con los descuentos confiscatorios que aplica la APROSS.<\/p>\n<p>La movilizaci\u00f3n fue masiva en los dos centros de salud a pesar de la persecuci\u00f3n antisindical que las autoridades de ambos hospitales imponen sobre el conjunto del personal.<\/p>\n<p><img loading=\"lazy\" decoding=\"async\" class=\"aligncenter wp-image-46475 \" src=\"https:\/\/atecordoba.org\/wp-content\/uploads\/2024\/11\/WhatsApp-Image-2024-11-13-at-11.48.25-1024x461.jpeg\" alt=\"\" width=\"639\" height=\"288\" srcset=\"https:\/\/atecordoba.org\/wp-content\/uploads\/2024\/11\/WhatsApp-Image-2024-11-13-at-11.48.25-1024x461.jpeg 1024w, https:\/\/atecordoba.org\/wp-content\/uploads\/2024\/11\/WhatsApp-Image-2024-11-13-at-11.48.25-300x135.jpeg 300w, https:\/\/atecordoba.org\/wp-content\/uploads\/2024\/11\/WhatsApp-Image-2024-11-13-at-11.48.25-768x346.jpeg 768w, https:\/\/atecordoba.org\/wp-content\/uploads\/2024\/11\/WhatsApp-Image-2024-11-13-at-11.48.25-1536x691.jpeg 1536w, https:\/\/atecordoba.org\/wp-content\/uploads\/2024\/11\/WhatsApp-Image-2024-11-13-at-11.48.25-750x338.jpeg 750w, https:\/\/atecordoba.org\/wp-content\/uploads\/2024\/11\/WhatsApp-Image-2024-11-13-at-11.48.25-1140x513.jpeg 1140w, https:\/\/atecordoba.org\/wp-content\/uploads\/2024\/11\/WhatsApp-Image-2024-11-13-at-11.48.25.jpeg 1600w\" sizes=\"auto, (max-width: 639px) 100vw, 639px\" \/><\/p>\n<p>&#8220;En el Misericordia resolvimos en asamblea que vamos a acompa\u00f1ar la Jornada de Protesta que va a realizar el SEP el pr\u00f3ximo 20 de noviembre. Es importante la unidad de las bases para golpear con mayor fortaleza la pol\u00edtica de ajuste del gobernador Mart\u00edn Llaryora&#8221;, explic\u00f3 el integrante del Consejo Directivo Provincial y delegado del sector, Pablo Aguirre.<\/p>\n<p>Se realiz\u00f3 un corte de calle mientras se desarroll\u00f3 la protesta.<\/p>\n<p><img loading=\"lazy\" decoding=\"async\" class=\"aligncenter wp-image-46482 \" src=\"https:\/\/atecordoba.org\/wp-content\/uploads\/2024\/11\/WhatsApp-Image-2024-11-13-at-13.45.09-1024x461.jpeg\" alt=\"\" width=\"624\" height=\"281\" srcset=\"https:\/\/atecordoba.org\/wp-content\/uploads\/2024\/11\/WhatsApp-Image-2024-11-13-at-13.45.09-1024x461.jpeg 1024w, https:\/\/atecordoba.org\/wp-content\/uploads\/2024\/11\/WhatsApp-Image-2024-11-13-at-13.45.09-300x135.jpeg 300w, https:\/\/atecordoba.org\/wp-content\/uploads\/2024\/11\/WhatsApp-Image-2024-11-13-at-13.45.09-768x346.jpeg 768w, https:\/\/atecordoba.org\/wp-content\/uploads\/2024\/11\/WhatsApp-Image-2024-11-13-at-13.45.09-1536x691.jpeg 1536w, https:\/\/atecordoba.org\/wp-content\/uploads\/2024\/11\/WhatsApp-Image-2024-11-13-at-13.45.09-750x338.jpeg 750w, https:\/\/atecordoba.org\/wp-content\/uploads\/2024\/11\/WhatsApp-Image-2024-11-13-at-13.45.09-1140x513.jpeg 1140w, https:\/\/atecordoba.org\/wp-content\/uploads\/2024\/11\/WhatsApp-Image-2024-11-13-at-13.45.09.jpeg 1600w\" sizes=\"auto, (max-width: 624px) 100vw, 624px\" \/><\/p>\n<p>&nbsp;<\/p>\n","protected":false},"excerpt":{"rendered":"<p>En una protesta conjunta de las y los trabajadores provinciales de los hospitales Misericordia y la Maternidad Provincial, se realiz\u00f3 un corte de calle en horas de la ma\u00f1ana en la Plaza de las Am\u00e9ricas. La actividad de protesta estuvo respaldada por ATE, ATSA y SEP en reclamo de aumento salarial y exigiendo que el [&hellip;]<\/p>\n","protected":false},"author":7,"featured_media":46473,"comment_status":"open","ping_status":"open","sticky":false,"template":"","format":"standard","meta":{"_exactmetrics_skip_tracking":false,"_exactmetrics_sitenote_active":false,"_exactmetrics_sitenote_note":"","_exactmetrics_sitenote_category":0,"jnews-multi-image_gallery":[],"jnews_single_post":{"format":"standard","override":[{"template":"1","parallax":"1","fullscreen":"1","layout":"no-sidebar-narrow","sidebar":"default-sidebar","second_sidebar":"default-sidebar","sticky_sidebar":"1","share_position":"bottom","share_float_style":"share-monocrhome","show_share_counter":"1","show_view_counter":"1","show_post_meta":"1","show_post_author_image":"1","show_post_date":"1","post_date_format":"default","post_date_format_custom":"Y\/m\/d","show_post_category":"1","show_post_reading_time":"0","post_reading_time_wpm":"300","post_calculate_word_method":"str_word_count","show_zoom_button":"0","zoom_button_out_step":"2","zoom_button_in_step":"3","show_post_tag":"1","number_popup_post":"1","show_post_related":"1","show_inline_post_related":"0"}],"image_override":[{"single_post_thumbnail_size":"crop-500","single_post_gallery_size":"crop-500"}],"trending_post_position":"meta","trending_post_label":"Trending","sponsored_post_label":"Sponsored by","disable_ad":"0"},"jnews_primary_category":[],"jnews_social_meta":[],"jnews_review":[],"enable_review":"","type":"percentage","name":"","summary":"","brand":"","sku":"","good":[],"bad":[],"score_override":"","override_value":"","rating":[],"price":[],"jnews_override_counter":{"view_counter_number":"0","share_counter_number":"0","like_counter_number":"0","dislike_counter_number":"0"},"jnews_post_split":{"post_split":[{"template":"1","tag":"h2","numbering":"asc","mode":"normal","first":"0","enable_toc":"0","toc_type":"normal"}]},"footnotes":""},"categories":[8],"tags":[385,1160,1414,657,485],"class_list":["post-46472","post","type-post","status-publish","format-standard","has-post-thumbnail","hentry","category-provinciales","tag-aumento-salarial","tag-cordoba-2","tag-hospitales-cordoba","tag-hospitales-provinciales","tag-salarios-bajos"],"jetpack_featured_media_url":"https:\/\/atecordoba.org\/wp-content\/uploads\/2024\/11\/WhatsApp-Image-2024-11-13-at-11.44.09-e1731511421745.jpeg","_links":{"self":[{"href":"https:\/\/atecordoba.org\/index.php?rest_route=\/wp\/v2\/posts\/46472","targetHints":{"allow":["GET"]}}],"collection":[{"href":"https:\/\/atecordoba.org\/index.php?rest_route=\/wp\/v2\/posts"}],"about":[{"href":"https:\/\/atecordoba.org\/index.php?rest_route=\/wp\/v2\/types\/post"}],"author":[{"embeddable":true,"href":"https:\/\/atecordoba.org\/index.php?rest_route=\/wp\/v2\/users\/7"}],"replies":[{"embeddable":true,"href":"https:\/\/atecordoba.org\/index.php?rest_route=%2Fwp%2Fv2%2Fcomments&post=46472"}],"version-history":[{"count":2,"href":"https:\/\/atecordoba.org\/index.php?rest_route=\/wp\/v2\/posts\/46472\/revisions"}],"predecessor-version":[{"id":46483,"href":"https:\/\/atecordoba.org\/index.php?rest_route=\/wp\/v2\/posts\/46472\/revisions\/46483"}],"wp:featuredmedia":[{"embeddable":true,"href":"https:\/\/atecordoba.org\/index.php?rest_route=\/wp\/v2\/media\/46473"}],"wp:attachment":[{"href":"https:\/\/atecordoba.org\/index.php?rest_route=%2Fwp%2Fv2%2Fmedia&parent=46472"}],"wp:term":[{"taxonomy":"category","embeddable":true,"href":"https:\/\/atecordoba.org\/index.php?rest_route=%2Fwp%2Fv2%2Fcategories&post=46472"},{"taxonomy":"post_tag","embeddable":true,"href":"https:\/\/atecordoba.org\/index.php?rest_route=%2Fwp%2Fv2%2Ftags&post=46472"}],"curies":[{"name":"wp","href":"https:\/\/api.w.org\/{rel}","templated":true}]}}