{"id":46460,"date":"2024-11-13T10:29:20","date_gmt":"2024-11-13T13:29:20","guid":{"rendered":"https:\/\/atecordoba.org\/?p=46460"},"modified":"2024-11-13T10:29:20","modified_gmt":"2024-11-13T13:29:20","slug":"charla-debate-unidad-del-sindicalismo-combativo-en-cordoba-contra-el-ajuste-de-milei-y-la-casta","status":"publish","type":"post","link":"https:\/\/atecordoba.org\/?p=46460","title":{"rendered":"Charla debate: Unidad del sindicalismo combativo en C\u00f3rdoba contra el ajuste de Milei y la casta"},"content":{"rendered":"<p><img loading=\"lazy\" decoding=\"async\" class=\"aligncenter wp-image-46461 size-full\" src=\"https:\/\/atecordoba.org\/wp-content\/uploads\/2024\/11\/flyer-charla-sind-combativo.jpg\" alt=\"\" width=\"526\" height=\"526\" srcset=\"https:\/\/atecordoba.org\/wp-content\/uploads\/2024\/11\/flyer-charla-sind-combativo.jpg 526w, https:\/\/atecordoba.org\/wp-content\/uploads\/2024\/11\/flyer-charla-sind-combativo-300x300.jpg 300w, https:\/\/atecordoba.org\/wp-content\/uploads\/2024\/11\/flyer-charla-sind-combativo-150x150.jpg 150w, https:\/\/atecordoba.org\/wp-content\/uploads\/2024\/11\/flyer-charla-sind-combativo-75x75.jpg 75w, https:\/\/atecordoba.org\/wp-content\/uploads\/2024\/11\/flyer-charla-sind-combativo-350x350.jpg 350w\" sizes=\"auto, (max-width: 526px) 100vw, 526px\" \/>Organizada por ATE C\u00f3rdoba y la CTA Aut\u00f3noma C\u00f3rdoba, ma\u00f1ana jueves 14 de noviembre, desde las 10 horas, se llevar\u00e1 a cabo la charla-debate \u201cLa ofensiva contra las y los trabajadores en la era Milei\u201d, en la sede del Consejo Directivo Provincial (CDP), Entre R\u00edos 450, C\u00f3rdoba Capital.<\/p>\n<p>La jornada comenzar\u00e1 con una mesa de abogados laboralistas integrada por el Presidente de la Asociaci\u00f3n Latinoamericana de Abogados Laboralistas y letrado de ATE Argentina, Mat\u00edas Cremonte, y las y los abogados asesores de ATE C\u00f3rdoba, Eugenio Biafore, Claudio Orosz y Mar\u00eda Terragno.<\/p>\n<p>La segunda mesa, que dar\u00e1 comienzo a las 13 horas, estar\u00e1 integrada por los dirigentes sindicales combativos, Lucas Felici (secretario Gremial del Sindicato del Personal de Industrias Qu\u00edmicas y Petroqu\u00edmicas de R\u00edo Tercero), Federico Giuliani (secretario General de ATE y la CTA Aut\u00f3noma C\u00f3rdoba), Miguel Ferreyra (prosecretario Gremial de la Federaci\u00f3n de Aceiteros) y Franco Boczkowski (secretario General de la UEPC Capital).<\/p>\n<p>&nbsp;<\/p>\n","protected":false},"excerpt":{"rendered":"<p>Organizada por ATE C\u00f3rdoba y la CTA Aut\u00f3noma C\u00f3rdoba, ma\u00f1ana jueves 14 de noviembre, desde las 10 horas, se llevar\u00e1 a cabo la charla-debate \u201cLa ofensiva contra las y los trabajadores en la era Milei\u201d, en la sede del Consejo Directivo Provincial (CDP), Entre R\u00edos 450, C\u00f3rdoba Capital. La jornada comenzar\u00e1 con una mesa de [&hellip;]<\/p>\n","protected":false},"author":7,"featured_media":46462,"comment_status":"open","ping_status":"open","sticky":false,"template":"","format":"standard","meta":{"_exactmetrics_skip_tracking":false,"_exactmetrics_sitenote_active":false,"_exactmetrics_sitenote_note":"","_exactmetrics_sitenote_category":0,"jnews-multi-image_gallery":[],"jnews_single_post":{"format":"standard","override":[{"template":"1","parallax":"1","fullscreen":"1","layout":"no-sidebar-narrow","sidebar":"default-sidebar","second_sidebar":"default-sidebar","sticky_sidebar":"1","share_position":"bottom","share_float_style":"share-monocrhome","show_share_counter":"1","show_view_counter":"1","show_post_meta":"1","show_post_author_image":"1","show_post_date":"1","post_date_format":"default","post_date_format_custom":"Y\/m\/d","show_post_category":"1","show_post_reading_time":"0","post_reading_time_wpm":"300","post_calculate_word_method":"str_word_count","show_zoom_button":"0","zoom_button_out_step":"2","zoom_button_in_step":"3","show_post_tag":"1","number_popup_post":"1","show_post_related":"1","show_inline_post_related":"0"}],"image_override":[{"single_post_thumbnail_size":"crop-500","single_post_gallery_size":"crop-500"}],"trending_post_position":"meta","trending_post_label":"Trending","sponsored_post_label":"Sponsored by","disable_ad":"0"},"jnews_primary_category":[],"jnews_social_meta":[],"jnews_review":[],"enable_review":"","type":"percentage","name":"","summary":"","brand":"","sku":"","good":[],"bad":[],"score_override":"","override_value":"","rating":[],"price":[],"jnews_override_counter":{"view_counter_number":"0","share_counter_number":"0","like_counter_number":"0","dislike_counter_number":"0"},"jnews_post_split":{"post_split":[{"template":"1","tag":"h2","numbering":"asc","mode":"normal","first":"0","enable_toc":"0","toc_type":"normal"}]},"footnotes":""},"categories":[10],"tags":[417,507,1308],"class_list":["post-46460","post","type-post","status-publish","format-standard","has-post-thumbnail","hentry","category-accion-politica","tag-ajuste","tag-charla-debate","tag-milei"],"jetpack_featured_media_url":"https:\/\/atecordoba.org\/wp-content\/uploads\/2024\/11\/bandera-ATE-bs-as-e1731504539501.jpg","_links":{"self":[{"href":"https:\/\/atecordoba.org\/index.php?rest_route=\/wp\/v2\/posts\/46460","targetHints":{"allow":["GET"]}}],"collection":[{"href":"https:\/\/atecordoba.org\/index.php?rest_route=\/wp\/v2\/posts"}],"about":[{"href":"https:\/\/atecordoba.org\/index.php?rest_route=\/wp\/v2\/types\/post"}],"author":[{"embeddable":true,"href":"https:\/\/atecordoba.org\/index.php?rest_route=\/wp\/v2\/users\/7"}],"replies":[{"embeddable":true,"href":"https:\/\/atecordoba.org\/index.php?rest_route=%2Fwp%2Fv2%2Fcomments&post=46460"}],"version-history":[{"count":1,"href":"https:\/\/atecordoba.org\/index.php?rest_route=\/wp\/v2\/posts\/46460\/revisions"}],"predecessor-version":[{"id":46463,"href":"https:\/\/atecordoba.org\/index.php?rest_route=\/wp\/v2\/posts\/46460\/revisions\/46463"}],"wp:featuredmedia":[{"embeddable":true,"href":"https:\/\/atecordoba.org\/index.php?rest_route=\/wp\/v2\/media\/46462"}],"wp:attachment":[{"href":"https:\/\/atecordoba.org\/index.php?rest_route=%2Fwp%2Fv2%2Fmedia&parent=46460"}],"wp:term":[{"taxonomy":"category","embeddable":true,"href":"https:\/\/atecordoba.org\/index.php?rest_route=%2Fwp%2Fv2%2Fcategories&post=46460"},{"taxonomy":"post_tag","embeddable":true,"href":"https:\/\/atecordoba.org\/index.php?rest_route=%2Fwp%2Fv2%2Ftags&post=46460"}],"curies":[{"name":"wp","href":"https:\/\/api.w.org\/{rel}","templated":true}]}}