{"id":4646,"date":"2014-10-27T15:53:03","date_gmt":"2014-10-27T18:53:03","guid":{"rendered":"http:\/\/www.atecordoba.org\/?p=4646"},"modified":"2014-10-27T15:53:03","modified_gmt":"2014-10-27T18:53:03","slug":"concentracion-en-el-polo-sanitario","status":"publish","type":"post","link":"https:\/\/atecordoba.org\/?p=4646","title":{"rendered":"Conflicto hospitalario: concentraci\u00f3n en el Polo Sanitario"},"content":{"rendered":"<p><em>Conforme lo resuelto por el cuerpo de delegados provinciales de ATE del Estado provincial, del jueves 23 de octubre, delegados y activistas de los hospitales realizar\u00e1n ma\u00f1ana una jornada de protesta, con concentraci\u00f3n en el Polo Sanitario, a partir de las 10.30 horas. A su vez el hospital Tr\u00e1nsito C\u00e1ceres de Allende realizar\u00e1 una asamblea, a partir de las 7 horas y hasta las 11, que resentir\u00e1 la atenci\u00f3n de todos los servicios.<\/em><\/p>\n<p><a href=\"http:\/\/www.atecordoba.org\/wp-content\/uploads\/2013\/12\/11.png\"><img loading=\"lazy\" decoding=\"async\" class=\"aligncenter  wp-image-3720\" src=\"http:\/\/www.atecordoba.org\/wp-content\/uploads\/2013\/12\/11.png\" alt=\"1\" width=\"498\" height=\"373\" \/><\/a><\/p>\n<p>La medida se inserta en el plan de lucha, con estado de alerta y movilizaci\u00f3n, que ATE lanz\u00f3 hace ya dos meses, acorde a los reclamos que vienen expresando los trabajadores en los distintos sectores que cuentan con representatividad en nuestro gremio.<\/p>\n<p>Las distintas asambleas que se vienen realizando rechazan de plano el bono por \u00fanica vez que el gobierno provincial acord\u00f3 con los gremios afines, por considerarlo insuficiente. En contrapartida, reclaman que dicha suma se incorpore al salario b\u00e1sico para que signifique una recomposici\u00f3n real del poder adquisitivo de los trabajadores del sector hospitalario. La misma recomposici\u00f3n debe trasladarse a los trabajadores jubilados, ya castigados por el ajuste de la Caja de Jubilaciones.<\/p>\n<p>Vale se\u00f1alar que lo concretado por el Ejecutivo para los activos, prorrateado por los 13 sueldos del a\u00f1o, no alcanza a los $110 por mes, en tanto para los jubilados apenas llega a los $69, un paliativo que intenta \u2018parar la bronca\u2019 porque los salarios no alcanzan. \u201cEl gobernador De la Sota reconoci\u00f3 p\u00fablicamente que la inflaci\u00f3n de este a\u00f1o alcanzar\u00e1 alrededor del 40%. Atento a que su gobierno aplic\u00f3 una pauta del 31.6%, desdoblado en dos veces, es evidente que los salarios deben tener una recomposici\u00f3n para no seguir perdiendo capacidad de compra. Y esto no se soluciona con un bono por \u00fanica vez\u201d, fundament\u00f3 el secretario de prensa de ATE, Daniel Pawluchuzk.<\/p>\n<p>A pesar de las declaraciones en pos del \u2018di\u00e1logo y la concordia\u2019 que expresa el gobernador ante cada micr\u00f3fono de la prensa, ATE no fue convocado a los efectos de discutir la situaci\u00f3n salarial de los trabajadores para afrontar el \u00faltimo trimestre del a\u00f1o. Tampoco se obtuvo respuestas sobre los reclamos expresados anteriormente. En consecuencia, el plenario ratific\u00f3 la continuidad del plan de lucha.<\/p>\n<p>En ese marco, los delegados expresaron su reclamo por el pase al b\u00e1sico salarial de todos los adicionales del personal encuadrado en las dos leyes que regulan el trabajo en el Estado provincial, la 7233 y 7625; dicha incorporaci\u00f3n impactar\u00eda directamente en \u00edtems como antig\u00fcedad y t\u00edtulo de estudios, significando una importante suma nominal en el salario.<\/p>\n<p>A su vez, el cuerpo de delegados reclam\u00f3 el pase a planta permanente de los compa\u00f1eros precarizados a trav\u00e9s de figuras como los contratos a plazo y los monotributos, para garantizar la estabilidad consagrada por la Constituci\u00f3n que no se cumple en alto porcentaje en C\u00f3rdoba.<\/p>\n","protected":false},"excerpt":{"rendered":"<p>Conforme lo resuelto por el cuerpo de delegados provinciales de ATE del Estado provincial, del jueves 23 de octubre, delegados y activistas de los hospitales realizar\u00e1n ma\u00f1ana una jornada de protesta, con concentraci\u00f3n en el Polo Sanitario, a partir de las 10.30 horas. A su vez el hospital Tr\u00e1nsito C\u00e1ceres de Allende realizar\u00e1 una asamblea, [&hellip;]<\/p>\n","protected":false},"author":1,"featured_media":19220,"comment_status":"open","ping_status":"open","sticky":false,"template":"","format":"standard","meta":{"_exactmetrics_skip_tracking":false,"_exactmetrics_sitenote_active":false,"_exactmetrics_sitenote_note":"","_exactmetrics_sitenote_category":0,"jnews-multi-image_gallery":[],"jnews_single_post":[],"jnews_primary_category":[],"jnews_social_meta":[],"jnews_review":[],"enable_review":"","type":"","name":"","summary":"","brand":"","sku":"","good":[],"bad":[],"score_override":"","override_value":"","rating":[],"price":[],"jnews_override_counter":[],"jnews_post_split":[],"footnotes":""},"categories":[7,18,102],"tags":[],"class_list":["post-4646","post","type-post","status-publish","format-standard","has-post-thumbnail","hentry","category-hospitales","category-nacionales","category-salud-2"],"jetpack_featured_media_url":"https:\/\/atecordoba.org\/wp-content\/uploads\/2020\/05\/logo-nuevochico-e1561581322808.png","_links":{"self":[{"href":"https:\/\/atecordoba.org\/index.php?rest_route=\/wp\/v2\/posts\/4646","targetHints":{"allow":["GET"]}}],"collection":[{"href":"https:\/\/atecordoba.org\/index.php?rest_route=\/wp\/v2\/posts"}],"about":[{"href":"https:\/\/atecordoba.org\/index.php?rest_route=\/wp\/v2\/types\/post"}],"author":[{"embeddable":true,"href":"https:\/\/atecordoba.org\/index.php?rest_route=\/wp\/v2\/users\/1"}],"replies":[{"embeddable":true,"href":"https:\/\/atecordoba.org\/index.php?rest_route=%2Fwp%2Fv2%2Fcomments&post=4646"}],"version-history":[{"count":0,"href":"https:\/\/atecordoba.org\/index.php?rest_route=\/wp\/v2\/posts\/4646\/revisions"}],"wp:featuredmedia":[{"embeddable":true,"href":"https:\/\/atecordoba.org\/index.php?rest_route=\/wp\/v2\/media\/19220"}],"wp:attachment":[{"href":"https:\/\/atecordoba.org\/index.php?rest_route=%2Fwp%2Fv2%2Fmedia&parent=4646"}],"wp:term":[{"taxonomy":"category","embeddable":true,"href":"https:\/\/atecordoba.org\/index.php?rest_route=%2Fwp%2Fv2%2Fcategories&post=4646"},{"taxonomy":"post_tag","embeddable":true,"href":"https:\/\/atecordoba.org\/index.php?rest_route=%2Fwp%2Fv2%2Ftags&post=4646"}],"curies":[{"name":"wp","href":"https:\/\/api.w.org\/{rel}","templated":true}]}}