{"id":46443,"date":"2024-11-12T12:00:44","date_gmt":"2024-11-12T15:00:44","guid":{"rendered":"https:\/\/atecordoba.org\/?p=46443"},"modified":"2024-11-12T12:52:19","modified_gmt":"2024-11-12T15:52:19","slug":"la-secretaria-de-prensa-de-ate-cordoba-presento-la-nueva-version-de-la-web-del-consejo-directivo-provincial","status":"publish","type":"post","link":"https:\/\/atecordoba.org\/?p=46443","title":{"rendered":"La Secretaria de Prensa de ATE C\u00f3rdoba present\u00f3 la nueva versi\u00f3n de la web del Consejo Directivo Provincial"},"content":{"rendered":"<p><img loading=\"lazy\" decoding=\"async\" class=\"aligncenter wp-image-46446 size-full\" src=\"https:\/\/atecordoba.org\/wp-content\/uploads\/2024\/11\/zoom-web.png\" alt=\"\" width=\"721\" height=\"369\" srcset=\"https:\/\/atecordoba.org\/wp-content\/uploads\/2024\/11\/zoom-web.png 721w, https:\/\/atecordoba.org\/wp-content\/uploads\/2024\/11\/zoom-web-300x154.png 300w\" sizes=\"auto, (max-width: 721px) 100vw, 721px\" \/>En un acto v\u00eda zoom realizado ayer, la Secretaria de Prensa de ATE C\u00f3rdoba present\u00f3 la versi\u00f3n renovada de la web del Consejo Directivo Provincial (CDP).<\/p>\n<p>La actividad cont\u00f3 con la presencia del secretario General de ATE Nacional, Rodolfo Aguiar, el secretario General de ATE C\u00f3rdoba, Federico Giuliani, la secretaria de Prensa de ATE C\u00f3rdoba e integrante de la conducci\u00f3n nacional, Julia Giuliani, y el encargado de prensa nacional de ATE, Julio Ch\u00e1vez.<\/p>\n<p>De esta forma, la secretaria de Prensa provincial moderniz\u00f3 esta herramienta de prensa institucional del CDP, remozando la est\u00e9tica del dise\u00f1o e incorporando alternativas para la informaci\u00f3n y la formaci\u00f3n de las y los afiliados de ATE.<\/p>\n<p>En tal sentido, Aguiar envi\u00f3 un saludo afectuoso &#8220;porque si algo nos ense\u00f1aron nuestros mayores es que se construye con afecto, es la \u00fanica posibilidad de lograr el poder que transitamos las y los trabajadores estatales. En nombre de toda la conducci\u00f3n nacional, felicitamos al CDP por la presentaci\u00f3n. Creemos que es estar a la altura de las circunstancias frente a las nuevas demandas, que nos obligan a crecer y mejorar cada una de las herramientas. Nuestro CDP de C\u00f3rdoba viene demostrando un proceso de lucha que es ejemplo para toda la Argentina y, fundamentalmente, que siempre est\u00e1 a la vanguardia, en este caso comunicacional&#8221;.<\/p>\n<p>El dirigente record\u00f3 que &#8220;cuando nuestros revolucionarios part\u00edan a liberar nuestra am\u00e9rica durante la independencia, junto a los hombres y las mujeres de armas estaba siempre un imprenta, ense\u00f1\u00e1ndonos que no hay revoluci\u00f3n sin propaganda, sin comunicaci\u00f3n&#8221;.<\/p>\n<p>Y remarc\u00f3 que &#8220;este lanzamiento de ATE nos pone en ese camino. El desaf\u00edo que tenemos por delante es enfrentar a un gobierno que pretende instaurar el mismo programa econ\u00f3mico de la dictadura c\u00edvico militar, as\u00ed es como crece la resistencia de las y los estatales y por eso el gobierno se incomoda cada d\u00eda m\u00e1s. Esta p\u00e1gina web es muy importante y fortalece la lucha de las y los estatales en las provincia de C\u00f3rdoba pero tambi\u00e9n en todo el pa\u00eds&#8221;.<\/p>\n<p><strong>Comunicaci\u00f3n propia<\/strong><\/p>\n<p>A su vez, Federico Giuliani dijo que &#8220;siempre entendimos la comunicaci\u00f3n propia como parte de la estrategia pol\u00edtica. Para romper el cerco medi\u00e1tico que imponen los medios hegem\u00f3nicos de comunicaci\u00f3n es fundamental tener la web propia, las redes, programas de radio. Todo lo que podemos hacer desde la comunicaci\u00f3n popular para que la voz de ATE llegue a las bases&#8221;.<\/p>\n<p>Para el secretario General de ATE C\u00f3rdoba &#8220;venimos perdiendo la batalla cultural por goleada porque el enemigo utiliza muy bien tanto los medios tradicionales, como los alternativos y la redes sociales. Por eso el desaf\u00edo es cargar el noticias a la web vac\u00eda: insumos sobran. Es una herramienta m\u00e1s de lucha en la resistencia a un gobierno que vino con todo y por todo contra los estatales y contra nuestro pueblo&#8221;.<\/p>\n<p>Por su parte, Chavez traslad\u00f3 el saludo de Esterea Gonz\u00e1lez, secretaria de Comunicaci\u00f3n nacional de ATE, y felicit\u00f3 &#8220;a todos los compa\u00f1eros de prensa de C\u00f3rdoba por ser siempre vanguardia de lo que es comunicaci\u00f3n, redes sociales y la web. Estoy ansioso para ver la renovaci\u00f3n que va a ofrecer la web, un espacio que tiene su tiempo y poco a poco hab\u00eda dejado vislumbrar algunos peque\u00f1os detalles de lo que se ven\u00eda. Con el compromiso de seguir trabajando juntos&#8221;, afirm\u00f3.<\/p>\n<p>Por \u00faltimo, Julia Giuliani, destac\u00f3 que se trata del relanzamiento de la web en la segunda etapa de la gesti\u00f3n 2023-2027. &#8220;Como secretaria de Prensa fue un gran desaf\u00edo de atravesar al pandemia. Ahora nos toca comunicar en la etapa de este nuevo Gobierno Nacional que demanda informaci\u00f3n, pero tambi\u00e9n estrategia respecto de qu\u00e9 informamos, a qui\u00e9n, c\u00f3mo hacerlo atractivo&#8221;.<\/p>\n<p>&#8220;Desde ATE C\u00f3rdoba visibilizamos lo que hacen a diario nuestros compa\u00f1eros y compa\u00f1eras, tanto las bases como la m\u00e1s alta conducci\u00f3n, generando insumos para que podamos generar contenidos. Es un espacio para formarse e informarse&#8221;, asegur\u00f3.<\/p>\n<p>Y concluyo: &#8220;estamos actualizando permanentemente la situaci\u00f3n de los nacionales, a ra\u00edz del proceso de desregulaci\u00f3n que afecta al empleado p\u00fablico, de la misma forma que actualizamos lo referido al sector provincial y municipal&#8221;.<\/p>\n<p><strong>M\u00e1s y nuevas herramientas<\/strong><\/p>\n<p>Con la reversi\u00f3n de la web www.atecordoba.org la Secretaria de Prensa pone a disposici\u00f3n de cada afiliada y afiliado nuevas herramientas para mejorar la gesti\u00f3n comunicativa.<\/p>\n<p>Entre las nuevas propuestas, se destacan:<\/p>\n<ul>\n<li>Banner de bienvenida, con la ficha de afiliaci\u00f3n a trav\u00e9s de una ventana emergente.<\/li>\n<li>Una secci\u00f3n exclusiva de afiliaci\u00f3n que facilita el proceso.<\/li>\n<li>Actualizaci\u00f3n de la secci\u00f3n contactos, que incluye el mail de prensa.<\/li>\n<li>Chat de whatsapp, que redirige al celular de prensa del sindicato.<\/li>\n<li>Renovaci\u00f3n de la secci\u00f3n Formaci\u00f3n que enlaza el campus virtual de la Escuela Formaci\u00f3n Libertario Ferrari, donde se encuentran los cursos, recursos y oportunidades de formaci\u00f3n para fortalecer el conocimiento sindical y profesional de las y los afiliados.<\/li>\n<li>Renovaci\u00f3n del apartado de seccionales, con la informaci\u00f3n de cada seccional que integra ATE C\u00f3rdoba.<\/li>\n<li>Renovaci\u00f3n de la secci\u00f3n Documentaci\u00f3n, con la normativa y los documentos actualizados de los sectores nacionales, provinciales y municipales.<\/li>\n<li>Renovaci\u00f3n de la secci\u00f3n Acci\u00f3n Social, incluyendo la cartilla completa de convenios y beneficios.<\/li>\n<li>Apartado espec\u00edfico de ATE turismo, que incluye no solo los convenios suscriptos en C\u00f3rdoba sino la cartilla de ofertas de ATE de todo el pa\u00eds.<\/li>\n<li>Renovaci\u00f3n de la vinculaci\u00f3n directa con el canal de youtube donde se pueden encontrar los videos actualizados de las campa\u00f1as elaboradas desde el CDP.<\/li>\n<li>Banners que invitan a suscribirse al canal de whatsapp, redireccionan\u00a0a la ficha de afiliaci\u00f3n, p\u00e1gina de acci\u00f3n social y turismo, as\u00ed como al espacio de g\u00e9neros y diversidades.<\/li>\n<li>Secci\u00f3n Institucional con el Estatuto de ATE.<\/li>\n<li>Banners que redirigen tanto a la web de ATE Nacional, de la CTA Aut\u00f3noma C\u00f3rdoba y de CLATE.<\/li>\n<\/ul>\n<p><strong>Nueva app de ATE Nacional<\/strong><\/p>\n<p><img loading=\"lazy\" decoding=\"async\" class=\"aligncenter wp-image-46449 \" src=\"https:\/\/atecordoba.org\/wp-content\/uploads\/2024\/11\/ate-movil-1024x576.webp\" alt=\"\" width=\"611\" height=\"344\" srcset=\"https:\/\/atecordoba.org\/wp-content\/uploads\/2024\/11\/ate-movil-1024x576.webp 1024w, https:\/\/atecordoba.org\/wp-content\/uploads\/2024\/11\/ate-movil-300x169.webp 300w, https:\/\/atecordoba.org\/wp-content\/uploads\/2024\/11\/ate-movil-768x432.webp 768w, https:\/\/atecordoba.org\/wp-content\/uploads\/2024\/11\/ate-movil-750x422.webp 750w, https:\/\/atecordoba.org\/wp-content\/uploads\/2024\/11\/ate-movil-1140x641.webp 1140w, https:\/\/atecordoba.org\/wp-content\/uploads\/2024\/11\/ate-movil.webp 1200w\" sizes=\"auto, (max-width: 611px) 100vw, 611px\" \/><\/p>\n<p>Por otro lado, la portada de la nueva web de ATE C\u00f3rdoba tiene incorporado el v\u00ednculo para descargar la App de ATE que permite descargar la credencia de afiliada\/o del gremio. &#8220;Es una herramienta que facilita mucho la gesti\u00f3n para quienes residimos en las provincias, para acceder a beneficios en materia de comercios y dem\u00e1s lugares&#8221;, dijo Julia Giuliani.<\/p>\n<p>Desde la app, las y\u00a0los afiliados podr\u00e1n acceder a sus credenciales de manera f\u00e1cil y r\u00e1pida desde sus tel\u00e9fonos celulares.<\/p>\n<p>La aplicaci\u00f3n, llamada\u00a0<strong>ATE Mobile<\/strong>\u00a0en Android y\u00a0<strong>ATE M\u00f3vil<\/strong>\u00a0en iOS, permite a los usuarios gestionar su credencial digital ingresando su DNI y fecha de nacimiento. Esta credencial ser\u00e1 v\u00e1lida en todo el territorio argentino, facilitando el acceso a los beneficios y servicios ofrecidos por la entidad.<\/p>\n<p>Para descargarla, los afiliados pueden acceder a\u00a0<strong>Google Play<\/strong>\u00a0en el caso de dispositivos Android, y a\u00a0<strong>App Store<\/strong>\u00a0para los usuarios de iOS.<\/p>\n","protected":false},"excerpt":{"rendered":"<p>En un acto v\u00eda zoom realizado ayer, la Secretaria de Prensa de ATE C\u00f3rdoba present\u00f3 la versi\u00f3n renovada de la web del Consejo Directivo Provincial (CDP). La actividad cont\u00f3 con la presencia del secretario General de ATE Nacional, Rodolfo Aguiar, el secretario General de ATE C\u00f3rdoba, Federico Giuliani, la secretaria de Prensa de ATE C\u00f3rdoba [&hellip;]<\/p>\n","protected":false},"author":7,"featured_media":46447,"comment_status":"open","ping_status":"open","sticky":false,"template":"","format":"standard","meta":{"_exactmetrics_skip_tracking":false,"_exactmetrics_sitenote_active":false,"_exactmetrics_sitenote_note":"","_exactmetrics_sitenote_category":0,"jnews-multi-image_gallery":[],"jnews_single_post":{"format":"standard","override":[{"template":"1","parallax":"1","fullscreen":"1","layout":"no-sidebar-narrow","sidebar":"default-sidebar","second_sidebar":"default-sidebar","sticky_sidebar":"1","share_position":"bottom","share_float_style":"share-monocrhome","show_share_counter":"1","show_view_counter":"1","show_post_meta":"1","show_post_author_image":"1","show_post_date":"1","post_date_format":"default","post_date_format_custom":"Y\/m\/d","show_post_category":"1","show_post_reading_time":"0","post_reading_time_wpm":"300","post_calculate_word_method":"str_word_count","show_zoom_button":"0","zoom_button_out_step":"2","zoom_button_in_step":"3","show_post_tag":"1","number_popup_post":"1","show_post_related":"1","show_inline_post_related":"0"}],"image_override":[{"single_post_thumbnail_size":"crop-500","single_post_gallery_size":"crop-500"}],"trending_post_position":"meta","trending_post_label":"Trending","sponsored_post_label":"Sponsored by","disable_ad":"0"},"jnews_primary_category":[],"jnews_social_meta":[],"jnews_review":[],"enable_review":"","type":"percentage","name":"","summary":"","brand":"","sku":"","good":[],"bad":[],"score_override":"","override_value":"","rating":[],"price":[],"jnews_override_counter":{"view_counter_number":"0","share_counter_number":"0","like_counter_number":"0","dislike_counter_number":"0"},"jnews_post_split":{"post_split":[{"template":"1","tag":"h2","numbering":"asc","mode":"normal","first":"0","enable_toc":"0","toc_type":"normal"}]},"footnotes":""},"categories":[341],"tags":[348],"class_list":["post-46443","post","type-post","status-publish","format-standard","has-post-thumbnail","hentry","category-cdp","tag-secretaria-de-prensa-y-comunicacion"],"jetpack_featured_media_url":"https:\/\/atecordoba.org\/wp-content\/uploads\/2024\/11\/web-portada-e1731423343353.png","_links":{"self":[{"href":"https:\/\/atecordoba.org\/index.php?rest_route=\/wp\/v2\/posts\/46443","targetHints":{"allow":["GET"]}}],"collection":[{"href":"https:\/\/atecordoba.org\/index.php?rest_route=\/wp\/v2\/posts"}],"about":[{"href":"https:\/\/atecordoba.org\/index.php?rest_route=\/wp\/v2\/types\/post"}],"author":[{"embeddable":true,"href":"https:\/\/atecordoba.org\/index.php?rest_route=\/wp\/v2\/users\/7"}],"replies":[{"embeddable":true,"href":"https:\/\/atecordoba.org\/index.php?rest_route=%2Fwp%2Fv2%2Fcomments&post=46443"}],"version-history":[{"count":3,"href":"https:\/\/atecordoba.org\/index.php?rest_route=\/wp\/v2\/posts\/46443\/revisions"}],"predecessor-version":[{"id":46451,"href":"https:\/\/atecordoba.org\/index.php?rest_route=\/wp\/v2\/posts\/46443\/revisions\/46451"}],"wp:featuredmedia":[{"embeddable":true,"href":"https:\/\/atecordoba.org\/index.php?rest_route=\/wp\/v2\/media\/46447"}],"wp:attachment":[{"href":"https:\/\/atecordoba.org\/index.php?rest_route=%2Fwp%2Fv2%2Fmedia&parent=46443"}],"wp:term":[{"taxonomy":"category","embeddable":true,"href":"https:\/\/atecordoba.org\/index.php?rest_route=%2Fwp%2Fv2%2Fcategories&post=46443"},{"taxonomy":"post_tag","embeddable":true,"href":"https:\/\/atecordoba.org\/index.php?rest_route=%2Fwp%2Fv2%2Ftags&post=46443"}],"curies":[{"name":"wp","href":"https:\/\/api.w.org\/{rel}","templated":true}]}}