{"id":46437,"date":"2024-11-12T09:36:51","date_gmt":"2024-11-12T12:36:51","guid":{"rendered":"https:\/\/atecordoba.org\/?p=46437"},"modified":"2024-11-12T09:39:05","modified_gmt":"2024-11-12T12:39:05","slug":"situacion-critica-en-los-salarios-municipales-en-cordoba","status":"publish","type":"post","link":"https:\/\/atecordoba.org\/?p=46437","title":{"rendered":"Situaci\u00f3n cr\u00edtica en los salarios municipales en C\u00f3rdoba"},"content":{"rendered":"<p><img loading=\"lazy\" decoding=\"async\" class=\"aligncenter wp-image-46438 \" src=\"https:\/\/atecordoba.org\/wp-content\/uploads\/2024\/11\/municipales-ilustracion.jpeg\" alt=\"\" width=\"613\" height=\"310\" srcset=\"https:\/\/atecordoba.org\/wp-content\/uploads\/2024\/11\/municipales-ilustracion.jpeg 786w, https:\/\/atecordoba.org\/wp-content\/uploads\/2024\/11\/municipales-ilustracion-300x152.jpeg 300w, https:\/\/atecordoba.org\/wp-content\/uploads\/2024\/11\/municipales-ilustracion-768x388.jpeg 768w, https:\/\/atecordoba.org\/wp-content\/uploads\/2024\/11\/municipales-ilustracion-750x379.jpeg 750w\" sizes=\"auto, (max-width: 613px) 100vw, 613px\" \/>(fuente: https:\/\/ctaacordoba.org\/)<\/p>\n<p>Un reciente relevamiento del Observatorio de Trabajo, Econom\u00eda y Sociedad (OTES) demuestra una profunda desigualdad salarial entre las trabajadoras y trabajadores municipales en la provincia, uno de los sectores m\u00e1s castigados del empleo p\u00fablico, debido a los magros salarios, precarizaci\u00f3n e inestabilidad laboral.<\/p>\n<p>Las diferencias entre los sueldos m\u00ednimos llegan a ser alarmantes, con una disparidad de hasta 467% entre las distintas seccionales de ATE en C\u00f3rdoba.<\/p>\n<p>Esta situaci\u00f3n es insostenible y refleja la falta de equidad en la distribuci\u00f3n salarial.<\/p>\n<p>En promedio, los salarios municipales en C\u00f3rdoba sufrieron una ca\u00edda del 7,75% en su poder de compra respecto de agosto de 2023.<\/p>\n<p>Las seccionales m\u00e1s afectadas, como Adelia Mar\u00eda, San Justo y Cruz del Eje, enfrentan p\u00e9rdidas a\u00fan mayores, llegando al 36%, 30% y 19%, respectivamente.<\/p>\n<p><strong>Los n\u00fameros son claros: Salarios insuficientes para vivir dignamente.<\/strong><\/p>\n<p>Ning\u00fan Salario M\u00ednimo Municipal en C\u00f3rdoba es suficiente para cubrir la Canasta B\u00e1sica total (CBT).\u00a0En promedio, los salarios m\u00ednimos han tenido una ca\u00edda del 18%, lo que agrava la precarizaci\u00f3n y pone en evidencia la urgencia de una respuesta concreta que garantice condiciones laborales dignas.<\/p>\n<p>\u201cNo se puede seguir ajustando sobre las espaldas de quienes ya no tienen margen para soportarlo. Si sos trabajador o trabajadora municipal, en ATE estamos para respaldarte. Afiliarse significa tener una voz m\u00e1s fuerte en defensa de salarios justos, estabilidad laboral y condiciones de trabajo dignas&#8221;, advirti\u00f3 el Consejo Directivo Provincial.<\/p>\n<div class=\"x11i5rnm xat24cr x1mh8g0r x1vvkbs xtlvy1s x126k92a\">\n<div dir=\"auto\"><\/div>\n<div dir=\"auto\">\u201cEn nuestro sindicato, construimos espacios para que puedas contar con el acompa\u00f1amiento, el apoyo y la representaci\u00f3n que merec\u00e9s frente a las autoridades municipales. Afiliate a ATE y form\u00e1 parte de un sindicato que lucha todos los d\u00edas por tus derechos. Unidos, podemos lograr grandes cambios\u201d, se\u00f1al\u00f3 nuestro conducci\u00f3n provincial.<\/div>\n<\/div>\n","protected":false},"excerpt":{"rendered":"<p>(fuente: https:\/\/ctaacordoba.org\/) Un reciente relevamiento del Observatorio de Trabajo, Econom\u00eda y Sociedad (OTES) demuestra una profunda desigualdad salarial entre las trabajadoras y trabajadores municipales en la provincia, uno de los sectores m\u00e1s castigados del empleo p\u00fablico, debido a los magros salarios, precarizaci\u00f3n e inestabilidad laboral. Las diferencias entre los sueldos m\u00ednimos llegan a ser alarmantes, [&hellip;]<\/p>\n","protected":false},"author":7,"featured_media":46438,"comment_status":"open","ping_status":"open","sticky":false,"template":"","format":"standard","meta":{"_exactmetrics_skip_tracking":false,"_exactmetrics_sitenote_active":false,"_exactmetrics_sitenote_note":"","_exactmetrics_sitenote_category":0,"jnews-multi-image_gallery":[],"jnews_single_post":{"format":"standard","override":[{"template":"1","parallax":"1","fullscreen":"1","layout":"no-sidebar-narrow","sidebar":"default-sidebar","second_sidebar":"default-sidebar","sticky_sidebar":"1","share_position":"bottom","share_float_style":"share-monocrhome","show_share_counter":"1","show_view_counter":"1","show_post_meta":"1","show_post_author_image":"1","show_post_date":"1","post_date_format":"default","post_date_format_custom":"Y\/m\/d","show_post_category":"1","show_post_reading_time":"0","post_reading_time_wpm":"300","post_calculate_word_method":"str_word_count","show_zoom_button":"0","zoom_button_out_step":"2","zoom_button_in_step":"3","show_post_tag":"1","number_popup_post":"1","show_post_related":"1","show_inline_post_related":"0"}],"image_override":[{"single_post_thumbnail_size":"crop-500","single_post_gallery_size":"crop-500"}],"trending_post_position":"meta","trending_post_label":"Trending","sponsored_post_label":"Sponsored by","disable_ad":"0"},"jnews_primary_category":[],"jnews_social_meta":[],"jnews_review":[],"enable_review":"","type":"percentage","name":"","summary":"","brand":"","sku":"","good":[],"bad":[],"score_override":"","override_value":"","rating":[],"price":[],"jnews_override_counter":{"view_counter_number":"0","share_counter_number":"0","like_counter_number":"0","dislike_counter_number":"0"},"jnews_post_split":{"post_split":[{"template":"1","tag":"h2","numbering":"asc","mode":"normal","first":"0","enable_toc":"0","toc_type":"normal"}]},"footnotes":""},"categories":[20],"tags":[1160,24,1412,485,382,414],"class_list":["post-46437","post","type-post","status-publish","format-standard","has-post-thumbnail","hentry","category-municipales","tag-cordoba-2","tag-municipales-2","tag-otes","tag-salarios-bajos","tag-salarios-de-hambre","tag-salarios-dignos"],"jetpack_featured_media_url":"https:\/\/atecordoba.org\/wp-content\/uploads\/2024\/11\/municipales-ilustracion.jpeg","_links":{"self":[{"href":"https:\/\/atecordoba.org\/index.php?rest_route=\/wp\/v2\/posts\/46437","targetHints":{"allow":["GET"]}}],"collection":[{"href":"https:\/\/atecordoba.org\/index.php?rest_route=\/wp\/v2\/posts"}],"about":[{"href":"https:\/\/atecordoba.org\/index.php?rest_route=\/wp\/v2\/types\/post"}],"author":[{"embeddable":true,"href":"https:\/\/atecordoba.org\/index.php?rest_route=\/wp\/v2\/users\/7"}],"replies":[{"embeddable":true,"href":"https:\/\/atecordoba.org\/index.php?rest_route=%2Fwp%2Fv2%2Fcomments&post=46437"}],"version-history":[{"count":2,"href":"https:\/\/atecordoba.org\/index.php?rest_route=\/wp\/v2\/posts\/46437\/revisions"}],"predecessor-version":[{"id":46441,"href":"https:\/\/atecordoba.org\/index.php?rest_route=\/wp\/v2\/posts\/46437\/revisions\/46441"}],"wp:featuredmedia":[{"embeddable":true,"href":"https:\/\/atecordoba.org\/index.php?rest_route=\/wp\/v2\/media\/46438"}],"wp:attachment":[{"href":"https:\/\/atecordoba.org\/index.php?rest_route=%2Fwp%2Fv2%2Fmedia&parent=46437"}],"wp:term":[{"taxonomy":"category","embeddable":true,"href":"https:\/\/atecordoba.org\/index.php?rest_route=%2Fwp%2Fv2%2Fcategories&post=46437"},{"taxonomy":"post_tag","embeddable":true,"href":"https:\/\/atecordoba.org\/index.php?rest_route=%2Fwp%2Fv2%2Ftags&post=46437"}],"curies":[{"name":"wp","href":"https:\/\/api.w.org\/{rel}","templated":true}]}}