{"id":46432,"date":"2024-11-11T11:10:33","date_gmt":"2024-11-11T14:10:33","guid":{"rendered":"https:\/\/atecordoba.org\/?p=46432"},"modified":"2024-11-11T11:10:33","modified_gmt":"2024-11-11T14:10:33","slug":"ate-exige-la-renuncia-de-la-ministra-de-desarrollo-humano-de-la-provincia-liliana-montero-y-de-julia-reartes-de-senaf","status":"publish","type":"post","link":"https:\/\/atecordoba.org\/?p=46432","title":{"rendered":"ATE exige la renuncia de la ministra de Desarrollo Humano de la Provincia, Liliana Montero, y de Julia Reartes de SENAF"},"content":{"rendered":"<p><img loading=\"lazy\" decoding=\"async\" class=\"aligncenter wp-image-46433 \" src=\"https:\/\/atecordoba.org\/wp-content\/uploads\/2024\/11\/SENAF-CARTEL.jpg\" alt=\"\" width=\"612\" height=\"345\" \/>Desde el Consejo Directivo Provincial de ATE C\u00f3rdoba, manifestamos nuestra preocupaci\u00f3n por los hechos que se vienen sucediendo en la Secretar\u00eda de Ni\u00f1ez, Adolescencia y Familia Provincial (SENAF) desde hace un tiempo prolongado y que venimos denunciando junto a las y los trabajadores de dicho organismo, nucleados en ATE.<\/p>\n<p>SENAF de C\u00f3rdoba sum\u00f3 un nuevo esc\u00e1ndalo, tras el aberrante crimen de Aral\u00ed Vivas en Brinkmann. Ahora apartaron de su cargo al responsable de una residencia del organismo en barrio Alta C\u00f3rdoba. Est\u00e1 acusado de abuso sexual a un menor. Asimismo, un profesional que trabaja en el establecimiento tambi\u00e9n fue cesanteado. Hechos de este tipo vienen siendo denunciados desde ATE desde el a\u00f1o 2020.<\/p>\n<p>Los sucesos vienen en escalada y est\u00e1n asociados a la pol\u00edtica implementada por el gobierno provincial, cuyo eje se centra en la falta de presupuesto y precarizaci\u00f3n en todas las \u00e1reas, prevenci\u00f3n y penal juvenil.<\/p>\n<p>La precarizaci\u00f3n contractual, salarial y edilicia repercute directamente en la atenci\u00f3n de las infancias, juventudes y familias m\u00e1s vulnerables, as\u00ed como tambi\u00e9n de las condiciones en las que desarrollan sus tareas los y las trabajadoras.<\/p>\n<p>Desde ATE C\u00f3rdoba hacemos responsable al gobierno de la provincia de C\u00f3rdoba, a la ministra de Desarrollo Humano, Liliana Montero, y a la funcionaria responsable de SENAF, Julia Reartes, por mantener en estas condiciones precarias y desfinanciadas a todas las dependencias bajo su \u00f3rbita, y solicitamos que renuncien a su cargo por incapacidad e irresponsabilidad para manejar el Ministerio y la Secretar\u00eda.<\/p>\n<p>A su vez, solicitamos, una vez m\u00e1s, que la defensor\u00eda de los ni\u00f1os, ni\u00f1as y adolescentes de la provincia de C\u00f3rdoba, a cargo de Amelia L\u00f3pez intervenga ante esta situaci\u00f3n.<\/p>\n<p>LAS \u00daNICAS RESPONSABLES SON LAS AUTORIDADES.<\/p>\n","protected":false},"excerpt":{"rendered":"<p>Desde el Consejo Directivo Provincial de ATE C\u00f3rdoba, manifestamos nuestra preocupaci\u00f3n por los hechos que se vienen sucediendo en la Secretar\u00eda de Ni\u00f1ez, Adolescencia y Familia Provincial (SENAF) desde hace un tiempo prolongado y que venimos denunciando junto a las y los trabajadores de dicho organismo, nucleados en ATE. SENAF de C\u00f3rdoba sum\u00f3 un nuevo [&hellip;]<\/p>\n","protected":false},"author":7,"featured_media":46433,"comment_status":"open","ping_status":"open","sticky":false,"template":"","format":"standard","meta":{"_exactmetrics_skip_tracking":false,"_exactmetrics_sitenote_active":false,"_exactmetrics_sitenote_note":"","_exactmetrics_sitenote_category":0,"jnews-multi-image_gallery":[],"jnews_single_post":{"format":"standard","override":[{"template":"1","parallax":"1","fullscreen":"1","layout":"no-sidebar-narrow","sidebar":"default-sidebar","second_sidebar":"default-sidebar","sticky_sidebar":"1","share_position":"bottom","share_float_style":"share-monocrhome","show_share_counter":"1","show_view_counter":"1","show_post_meta":"1","show_post_author_image":"1","show_post_date":"1","post_date_format":"default","post_date_format_custom":"Y\/m\/d","show_post_category":"1","show_post_reading_time":"0","post_reading_time_wpm":"300","post_calculate_word_method":"str_word_count","show_zoom_button":"0","zoom_button_out_step":"2","zoom_button_in_step":"3","show_post_tag":"1","number_popup_post":"1","show_post_related":"1","show_inline_post_related":"0"}],"image_override":[{"single_post_thumbnail_size":"crop-500","single_post_gallery_size":"crop-500"}],"trending_post_position":"meta","trending_post_label":"Trending","sponsored_post_label":"Sponsored by","disable_ad":"0"},"jnews_primary_category":[],"jnews_social_meta":[],"jnews_review":[],"enable_review":"","type":"percentage","name":"","summary":"","brand":"","sku":"","good":[],"bad":[],"score_override":"","override_value":"","rating":[],"price":[],"jnews_override_counter":{"view_counter_number":"0","share_counter_number":"0","like_counter_number":"0","dislike_counter_number":"0"},"jnews_post_split":{"post_split":[{"template":"1","tag":"h2","numbering":"asc","mode":"normal","first":"0","enable_toc":"0","toc_type":"normal"}]},"footnotes":""},"categories":[8],"tags":[1408,1343,457],"class_list":["post-46432","post","type-post","status-publish","format-standard","has-post-thumbnail","hentry","category-provinciales","tag-brinkmann","tag-llaryora","tag-senaf"],"jetpack_featured_media_url":"https:\/\/atecordoba.org\/wp-content\/uploads\/2024\/11\/SENAF-CARTEL-e1731334222482.jpg","_links":{"self":[{"href":"https:\/\/atecordoba.org\/index.php?rest_route=\/wp\/v2\/posts\/46432","targetHints":{"allow":["GET"]}}],"collection":[{"href":"https:\/\/atecordoba.org\/index.php?rest_route=\/wp\/v2\/posts"}],"about":[{"href":"https:\/\/atecordoba.org\/index.php?rest_route=\/wp\/v2\/types\/post"}],"author":[{"embeddable":true,"href":"https:\/\/atecordoba.org\/index.php?rest_route=\/wp\/v2\/users\/7"}],"replies":[{"embeddable":true,"href":"https:\/\/atecordoba.org\/index.php?rest_route=%2Fwp%2Fv2%2Fcomments&post=46432"}],"version-history":[{"count":1,"href":"https:\/\/atecordoba.org\/index.php?rest_route=\/wp\/v2\/posts\/46432\/revisions"}],"predecessor-version":[{"id":46434,"href":"https:\/\/atecordoba.org\/index.php?rest_route=\/wp\/v2\/posts\/46432\/revisions\/46434"}],"wp:featuredmedia":[{"embeddable":true,"href":"https:\/\/atecordoba.org\/index.php?rest_route=\/wp\/v2\/media\/46433"}],"wp:attachment":[{"href":"https:\/\/atecordoba.org\/index.php?rest_route=%2Fwp%2Fv2%2Fmedia&parent=46432"}],"wp:term":[{"taxonomy":"category","embeddable":true,"href":"https:\/\/atecordoba.org\/index.php?rest_route=%2Fwp%2Fv2%2Fcategories&post=46432"},{"taxonomy":"post_tag","embeddable":true,"href":"https:\/\/atecordoba.org\/index.php?rest_route=%2Fwp%2Fv2%2Ftags&post=46432"}],"curies":[{"name":"wp","href":"https:\/\/api.w.org\/{rel}","templated":true}]}}