{"id":46376,"date":"2024-11-07T13:48:56","date_gmt":"2024-11-07T16:48:56","guid":{"rendered":"https:\/\/atecordoba.org\/?p=46376"},"modified":"2024-11-07T14:10:43","modified_gmt":"2024-11-07T17:10:43","slug":"mendiolaza-pollada-solidaria-el-sabado-ante-la-reduccion-de-jornada-laboral-y-salarial-que-decreto-la-intendenta-arling","status":"publish","type":"post","link":"https:\/\/atecordoba.org\/?p=46376","title":{"rendered":"Mendiolaza: pollada solidaria el s\u00e1bado ante la reducci\u00f3n de jornada laboral y salarial que decret\u00f3 la intendenta Arning"},"content":{"rendered":"<p><img loading=\"lazy\" decoding=\"async\" class=\"aligncenter wp-image-46379 \" src=\"https:\/\/atecordoba.org\/wp-content\/uploads\/2024\/11\/WhatsApp-Image-2024-11-07-at-13.28.16-1024x1024.jpeg\" alt=\"\" width=\"610\" height=\"610\" srcset=\"https:\/\/atecordoba.org\/wp-content\/uploads\/2024\/11\/WhatsApp-Image-2024-11-07-at-13.28.16-1024x1024.jpeg 1024w, https:\/\/atecordoba.org\/wp-content\/uploads\/2024\/11\/WhatsApp-Image-2024-11-07-at-13.28.16-300x300.jpeg 300w, https:\/\/atecordoba.org\/wp-content\/uploads\/2024\/11\/WhatsApp-Image-2024-11-07-at-13.28.16-150x150.jpeg 150w, https:\/\/atecordoba.org\/wp-content\/uploads\/2024\/11\/WhatsApp-Image-2024-11-07-at-13.28.16-768x768.jpeg 768w, https:\/\/atecordoba.org\/wp-content\/uploads\/2024\/11\/WhatsApp-Image-2024-11-07-at-13.28.16-560x560.jpeg 560w, https:\/\/atecordoba.org\/wp-content\/uploads\/2024\/11\/WhatsApp-Image-2024-11-07-at-13.28.16-75x75.jpeg 75w, https:\/\/atecordoba.org\/wp-content\/uploads\/2024\/11\/WhatsApp-Image-2024-11-07-at-13.28.16-350x350.jpeg 350w, https:\/\/atecordoba.org\/wp-content\/uploads\/2024\/11\/WhatsApp-Image-2024-11-07-at-13.28.16-750x750.jpeg 750w, https:\/\/atecordoba.org\/wp-content\/uploads\/2024\/11\/WhatsApp-Image-2024-11-07-at-13.28.16.jpeg 1080w\" sizes=\"auto, (max-width: 610px) 100vw, 610px\" \/>Una asamblea de trabajadoras y trabajadores municipales de la localidad de Mendiolaza convocada por ATE resolvi\u00f3 hoy realizar a una actividad solidaria para apoyar la lucha en el sector contra la reducci\u00f3n salarial del 30% en la Municipalidad, que decret\u00f3 la intendenta Adela Arning al reducir la jornada laboral.<\/p>\n<p>En ese marco, las y los compa\u00f1eros realizar\u00e1n una Gran Pollada, es decir, la venta solidaria de pollos con ensalada para apoyar a las familias afectadas por el ajuste de Arning. La cita es a partir de las 12 horas en calle Angellet 78, esquina Calasanz, donde se ubica el domicilio particular de un trabajador municipal.<\/p>\n<p><img loading=\"lazy\" decoding=\"async\" class=\"aligncenter wp-image-46380 \" src=\"https:\/\/atecordoba.org\/wp-content\/uploads\/2024\/11\/WhatsApp-Image-2024-11-07-at-12.17.23-1-1024x768.jpeg\" alt=\"\" width=\"617\" height=\"463\" \/><\/p>\n<p>Cabe mencionar que la semana pasada, el Departamento Ejecutivo acord\u00f3 con el gremio amarillo de la localidad el recorte de la jornada, luego de lo cual la intendenta emiti\u00f3 el decreto que lo hace efectivo.<\/p>\n<p>Para peor, en una reuni\u00f3n realizada en el marco del funcionamiento de la Mesa de Relaciones Laborales, el Ejecutivo inform\u00f3 a ATE que pagar\u00e1 de manera desdoblada los salarios de octubre, abonando esta semana solo el 60% de los haberes, en tanto el mi\u00e9rcoles que viene completar\u00e1 el 40% restante.<\/p>\n<p>De la misma forma, los funcionarios informaron que ante el aumento de la recaudaci\u00f3n, la reducci\u00f3n de jornada ser\u00eda moment\u00e1nea, por dos meses, para luego retomar la normalidad.<\/p>\n<p>Al finalizar la audiencia se llev\u00f3 a cabo la asamblea del personal, donde se realiz\u00f3 un brindis para festejar el d\u00eda del trabajador municipal en Mendiolaza. La lucha solidaria, la convicci\u00f3n de estar juntas y juntos para revertir el ajuste en la localidad y el trabajo diario organiz\u00e1ndose en ATE fueron algunos de los motivos suficientes para realizar el festejo.<\/p>\n<p><strong>Rev\u00e9s judicial para Arling<\/strong><\/p>\n<p>Por otro lado, la semana pasada se conoci\u00f3 <a href=\"https:\/\/atecordoba.org\/?p=46283\">el fallo de un juzgado laboral<\/a> que orden\u00f3 a la Municipalidad detener el proceso de exclusi\u00f3n de tutela sindical del delegado de ATE Mart\u00edn Horacio Zamarre\u00f1o.<\/p>\n<p>Arning pretendi\u00f3 quitarle sus fueros para luego despedirlo, pero la jueza Mar\u00eda Elena Arriazu orden\u00f3 detener el procedimiento, que ATE hab\u00eda denunciado como arbitrario, discriminatorio y antisindical.<\/p>\n<p>La intendenta se hizo famosa\u00a0por celebrar que Mauricio Macri ser\u00eda futuro vecino de la localidad.<\/p>\n","protected":false},"excerpt":{"rendered":"<p>Una asamblea de trabajadoras y trabajadores municipales de la localidad de Mendiolaza convocada por ATE resolvi\u00f3 hoy realizar a una actividad solidaria para apoyar la lucha en el sector contra la reducci\u00f3n salarial del 30% en la Municipalidad, que decret\u00f3 la intendenta Adela Arning al reducir la jornada laboral. En ese marco, las y los [&hellip;]<\/p>\n","protected":false},"author":7,"featured_media":46380,"comment_status":"open","ping_status":"open","sticky":false,"template":"","format":"standard","meta":{"_exactmetrics_skip_tracking":false,"_exactmetrics_sitenote_active":false,"_exactmetrics_sitenote_note":"","_exactmetrics_sitenote_category":0,"jnews-multi-image_gallery":[],"jnews_single_post":{"format":"standard","override":[{"template":"1","parallax":"1","fullscreen":"1","layout":"no-sidebar-narrow","sidebar":"default-sidebar","second_sidebar":"default-sidebar","sticky_sidebar":"1","share_position":"bottom","share_float_style":"share-monocrhome","show_share_counter":"1","show_view_counter":"1","show_post_meta":"1","show_post_author_image":"1","show_post_date":"1","post_date_format":"default","post_date_format_custom":"Y\/m\/d","show_post_category":"1","show_post_reading_time":"0","post_reading_time_wpm":"300","post_calculate_word_method":"str_word_count","show_zoom_button":"0","zoom_button_out_step":"2","zoom_button_in_step":"3","show_post_tag":"1","number_popup_post":"1","show_post_related":"1","show_inline_post_related":"0"}],"image_override":[{"single_post_thumbnail_size":"crop-500","single_post_gallery_size":"crop-500"}],"trending_post_position":"meta","trending_post_label":"Trending","sponsored_post_label":"Sponsored by","disable_ad":"0"},"jnews_primary_category":[],"jnews_social_meta":[],"jnews_review":[],"enable_review":"","type":"percentage","name":"","summary":"","brand":"","sku":"","good":[],"bad":[],"score_override":"","override_value":"","rating":[],"price":[],"jnews_override_counter":{"view_counter_number":"0","share_counter_number":"0","like_counter_number":"0","dislike_counter_number":"0"},"jnews_post_split":{"post_split":[{"template":"1","tag":"h2","numbering":"asc","mode":"normal","first":"0","enable_toc":"0","toc_type":"normal"}]},"footnotes":""},"categories":[20],"tags":[],"class_list":["post-46376","post","type-post","status-publish","format-standard","has-post-thumbnail","hentry","category-municipales"],"jetpack_featured_media_url":"https:\/\/atecordoba.org\/wp-content\/uploads\/2024\/11\/WhatsApp-Image-2024-11-07-at-12.17.23-1-e1730998072416.jpeg","_links":{"self":[{"href":"https:\/\/atecordoba.org\/index.php?rest_route=\/wp\/v2\/posts\/46376","targetHints":{"allow":["GET"]}}],"collection":[{"href":"https:\/\/atecordoba.org\/index.php?rest_route=\/wp\/v2\/posts"}],"about":[{"href":"https:\/\/atecordoba.org\/index.php?rest_route=\/wp\/v2\/types\/post"}],"author":[{"embeddable":true,"href":"https:\/\/atecordoba.org\/index.php?rest_route=\/wp\/v2\/users\/7"}],"replies":[{"embeddable":true,"href":"https:\/\/atecordoba.org\/index.php?rest_route=%2Fwp%2Fv2%2Fcomments&post=46376"}],"version-history":[{"count":2,"href":"https:\/\/atecordoba.org\/index.php?rest_route=\/wp\/v2\/posts\/46376\/revisions"}],"predecessor-version":[{"id":46388,"href":"https:\/\/atecordoba.org\/index.php?rest_route=\/wp\/v2\/posts\/46376\/revisions\/46388"}],"wp:featuredmedia":[{"embeddable":true,"href":"https:\/\/atecordoba.org\/index.php?rest_route=\/wp\/v2\/media\/46380"}],"wp:attachment":[{"href":"https:\/\/atecordoba.org\/index.php?rest_route=%2Fwp%2Fv2%2Fmedia&parent=46376"}],"wp:term":[{"taxonomy":"category","embeddable":true,"href":"https:\/\/atecordoba.org\/index.php?rest_route=%2Fwp%2Fv2%2Fcategories&post=46376"},{"taxonomy":"post_tag","embeddable":true,"href":"https:\/\/atecordoba.org\/index.php?rest_route=%2Fwp%2Fv2%2Ftags&post=46376"}],"curies":[{"name":"wp","href":"https:\/\/api.w.org\/{rel}","templated":true}]}}